{"id":32626,"date":"2024-09-06T01:30:00","date_gmt":"2024-09-06T01:30:00","guid":{"rendered":"https:\/\/tvbrazilusa.com\/2024\/09\/06\/suspense-acaba-em-2025-conheca-o-nivus-gts-o-suv-esportivo-da-volkswagen\/"},"modified":"2024-09-06T01:41:42","modified_gmt":"2024-09-06T01:41:42","slug":"suspense-acaba-em-2025-conheca-o-nivus-gts-o-suv-esportivo-da-volkswagen","status":"publish","type":"post","link":"https:\/\/tvbrazilusa.com\/pt\/2024\/09\/06\/suspense-acaba-em-2025-conheca-o-nivus-gts-o-suv-esportivo-da-volkswagen\/","title":{"rendered":"Suspense acaba em 2025: conhe\u00e7a o Nivus GTS, o SUV esportivo da Volkswagen"},"content":{"rendered":"<p> <script async src=\"https:\/\/pagead2.googlesyndication.com\/pagead\/js\/adsbygoogle.js?client=ca-pub-8864793242727901\"\r\n     crossorigin=\"anonymous\"><\/script><br \/>\n<\/p>\n<div>\n<p>Uma das maiores expectativas dos f\u00e3s de Volkswagen no Brasil \u00e9 quanto \u00e0 t\u00e3o comentada chegada do Nivus GTS. A vers\u00e3o esportiva do SUV cup\u00ea vem sendo aventada h\u00e1 anos para o Brasil e muito se especula sobre sua chegada junto do facelift pelo qual o modelo passar\u00e1 no fim deste ano \u2013 inclusive, j\u00e1 revelamos em primeira m\u00e3o como o produto mudar\u00e1 substancialmente o seu visual dianteiro.<\/p>\n<p>A <a href=\"https:\/\/terrabrasilnoticias.com\/2024\/08\/suv-em-promocao-volkswagen-taos-com-ate-r-14-000-de-desconto\/\">Volkswagen <\/a>est\u00e1 mantendo os aficionados pelo Nivus em suspense. Nossa reportagem tem informa\u00e7\u00f5es exclusivas sobre o projeto do Nivus GTS que prometem acalmar e agitar ainda mais os entusiastas.<\/p>\n<h2>Nivus GTS: chegada esperada para 2025<\/h2>\n<p>Temos uma boa e uma m\u00e1 not\u00edcia sobre o Nivus GTS. A boa not\u00edcia \u00e9 que o projeto existe e deve sair do papel. A m\u00e1 not\u00edcia \u00e9 que a chegada n\u00e3o acontecer\u00e1 t\u00e3o j\u00e1. Nossa apura\u00e7\u00e3o indica que a Volkswagen n\u00e3o lan\u00e7ar\u00e1 a vers\u00e3o esportiva junto com a linha 2025 reestilizada do Nivus.<\/p>\n<p>As vers\u00f5es \u201ccivis\u201d atualizadas do modelo est\u00e3o previstas para o \u00faltimo trimestre deste ano. J\u00e1 o Volkswagen Nivus GTS deve ser lan\u00e7ado apenas no final do primeiro semestre de 2025.<\/p>\n<h2>Por que a espera pelo Nivus GTS?<\/h2>\n<p>O lan\u00e7amento do Nivus GTS est\u00e1 sendo adiado por dois motivos principais. Primeiro, nenhum dos prot\u00f3tipos do novo Nivus flagrados em testes no Brasil at\u00e9 agora pertence \u00e0 vers\u00e3o esportiva. Todos utilizam o motor 1.0 turbo flex de 128 cv que j\u00e1 equipa a gama atual.<\/p>\n<p>O segundo motivo \u00e9 log\u00edstico e industrial. A fabricante precisar\u00e1 aguardar a chegada do facelift do Taigo, irm\u00e3o europeu do SUV compacto brasileiro, para importar far\u00f3is de LED Matrix inteligentes que devem equipar a vers\u00e3o esportiva, tecnologia presente no Polo GTS. Afinal, os fornecedores brasileiros n\u00e3o possuem expertise para produzir conjuntos \u00f3pticos dessa tecnologia.<\/p>\n<h2>O que esperar do Volkswagen Nivus GTS?<\/h2>\n<p>O Volkswagen Nivus GTS vir\u00e1 como a vers\u00e3o de topo da linha 2025 do SUV cup\u00ea com um conjunto mec\u00e2nico bastante aprimorado. Confira abaixo as principais caracter\u00edsticas desse aguardado modelo:<\/p>\n<ul>\n<li><strong>Motor:<\/strong> 250 TSI, 1.4 quatro-cilindros 16V turbo flex com inje\u00e7\u00e3o direta de combust\u00edvel.<\/li>\n<li><strong>Pot\u00eancia:<\/strong> 150 cv.<\/li>\n<li><strong>Torque:<\/strong> 25,5 kgfm.<\/li>\n<li><strong>C\u00e2mbio:<\/strong> Autom\u00e1tico de seis marchas da Aisin (caixa AQ250) com calibra\u00e7\u00e3o espec\u00edfica.<\/li>\n<li><strong>Suspens\u00e3o e Freios:<\/strong> Ajustes voltados \u00e0 esportividade.<\/li>\n<\/ul>\n<p>Al\u00e9m das especifica\u00e7\u00f5es t\u00e9cnicas aprimoradas, o Nivus GTS ter\u00e1 elementos exclusivos no visual e no interior. Vamos mergulhar nesses detalhes a seguir.<\/p>\n<h2>Qual ser\u00e1 o visual do Volkswagen Nivus GTS?<\/h2>\n<p>O Nivus GTS promete trazer um visual distinto e exclusivo. Veja os principais elementos est\u00e9ticos:<\/p>\n<ul>\n<li>Grade frontal tipo colmeia.<\/li>\n<li>Spoiler traseiro mais robusto.<\/li>\n<li>Apliques em tom vermelho.<\/li>\n<li>Rodas de liga leve aro 18.<\/li>\n<li>Bancos com tecido xadrez e costuras vermelhas.<\/li>\n<li>Pe\u00e7as internas imitando fibra de carbono com faixas avermelhadas no painel.<\/li>\n<\/ul>\n<p>Com essas caracter\u00edsticas, a Volkswagen pretende conquistar o p\u00fablico-alvo que busca performance e exclusividade em um SUV.<\/p>\n<h2>Quando poderemos ver o Nivus GTS nas ruas?<\/h2>\n<p>Embora o Volkswagen Nivus GTS n\u00e3o chegue ao mercado imediato, as atualiza\u00e7\u00f5es das vers\u00f5es \u201ccivis\u201d do Nivus em 2024 j\u00e1 dar\u00e3o um gostinho do que est\u00e1 por vir. O lan\u00e7amento oficial do Nivus GTS est\u00e1 estimado para o final do primeiro semestre de 2025.<\/p>\n<p>Enquanto aguardamos ansiosamente, fique atento \u00e0s pr\u00f3ximas not\u00edcias e atualiza\u00e7\u00f5es sobre este empolgante modelo que promete elevar o patamar dos SUVs esportivos no Brasil.<\/p>\n<\/p><\/div>\n<p><br \/>\n<br \/><a href=\"https:\/\/terrabrasilnoticias.com\/2024\/09\/suspense-acaba-em-2025-conheca-o-nivus-gts-o-suv-esportivo-da-volkswagen\/\">Source link <\/a><\/p>","protected":false},"excerpt":{"rendered":"<p>Uma das maiores expectativas dos f\u00e3s de Volkswagen no Brasil \u00e9 quanto \u00e0 t\u00e3o comentada chegada do Nivus GTS. A vers\u00e3o esportiva do SUV cup\u00ea vem sendo aventada h\u00e1 anos&hellip;<\/p>","protected":false},"author":1,"featured_media":32627,"comment_status":"closed","ping_status":"open","sticky":false,"template":"","format":"standard","meta":{"content-type":"","footnotes":""},"categories":[16],"tags":[123,1751],"class_list":["post-32626","post","type-post","status-publish","format-standard","has-post-thumbnail","hentry","category-noticias","tag-brasil","tag-carros"],"_links":{"self":[{"href":"https:\/\/tvbrazilusa.com\/pt\/wp-json\/wp\/v2\/posts\/32626","targetHints":{"allow":["GET"]}}],"collection":[{"href":"https:\/\/tvbrazilusa.com\/pt\/wp-json\/wp\/v2\/posts"}],"about":[{"href":"https:\/\/tvbrazilusa.com\/pt\/wp-json\/wp\/v2\/types\/post"}],"author":[{"embeddable":true,"href":"https:\/\/tvbrazilusa.com\/pt\/wp-json\/wp\/v2\/users\/1"}],"replies":[{"embeddable":true,"href":"https:\/\/tvbrazilusa.com\/pt\/wp-json\/wp\/v2\/comments?post=32626"}],"version-history":[{"count":1,"href":"https:\/\/tvbrazilusa.com\/pt\/wp-json\/wp\/v2\/posts\/32626\/revisions"}],"predecessor-version":[{"id":32628,"href":"https:\/\/tvbrazilusa.com\/pt\/wp-json\/wp\/v2\/posts\/32626\/revisions\/32628"}],"wp:featuredmedia":[{"embeddable":true,"href":"https:\/\/tvbrazilusa.com\/pt\/wp-json\/wp\/v2\/media\/32627"}],"wp:attachment":[{"href":"https:\/\/tvbrazilusa.com\/pt\/wp-json\/wp\/v2\/media?parent=32626"}],"wp:term":[{"taxonomy":"category","embeddable":true,"href":"https:\/\/tvbrazilusa.com\/pt\/wp-json\/wp\/v2\/categories?post=32626"},{"taxonomy":"post_tag","embeddable":true,"href":"https:\/\/tvbrazilusa.com\/pt\/wp-json\/wp\/v2\/tags?post=32626"}],"curies":[{"name":"wp","href":"https:\/\/api.w.org\/{rel}","templated":true}]}}