{"id":32658,"date":"2024-09-06T02:44:54","date_gmt":"2024-09-06T02:44:54","guid":{"rendered":"https:\/\/tvbrazilusa.com\/2024\/09\/06\/video-de-camera-de-painel-mostra-ex-politico-venezuelano-avancando-sinal-vermelho-que-causou-atropelamento-fatal-em-miami-wsvn-7news-noticias-de-miami-clima-esportes-fort-lauderdale\/"},"modified":"2024-09-06T03:02:40","modified_gmt":"2024-09-06T03:02:40","slug":"video-de-camera-de-painel-mostra-ex-politico-venezuelano-avancando-sinal-vermelho-que-causou-atropelamento-fatal-em-miami-wsvn-7news-noticias-de-miami-clima-esportes-fort-lauderdale","status":"publish","type":"post","link":"https:\/\/tvbrazilusa.com\/pt\/2024\/09\/06\/video-de-camera-de-painel-mostra-ex-politico-venezuelano-avancando-sinal-vermelho-que-causou-atropelamento-fatal-em-miami-wsvn-7news-noticias-de-miami-clima-esportes-fort-lauderdale\/","title":{"rendered":"V\u00eddeo de c\u00e2mera de painel mostra ex-pol\u00edtico venezuelano avan\u00e7ando sinal vermelho que causou atropelamento fatal em Miami &#8211; WSVN 7News | Not\u00edcias de Miami, Clima, Esportes | Fort Lauderdale"},"content":{"rendered":"<p> <script async src=\"https:\/\/pagead2.googlesyndication.com\/pagead\/js\/adsbygoogle.js?client=ca-pub-8864793242727901\"\r\n     crossorigin=\"anonymous\"><\/script><br \/>\n<\/p>\n<div itemprop=\"articleBody\">\n<p>MIAMI (WSVN) &#8211; A <a href=\"https:\/\/wsvn.com\/news\/local\/miami-dade\/1-dead-in-3-car-crash-in-sw-miami-dade-police-search-for-hit-and-run-driver\/\" data-type=\"link\" data-id=\"https:\/\/wsvn.com\/news\/local\/miami-dade\/1-dead-in-3-car-crash-in-sw-miami-dade-police-search-for-hit-and-run-driver\/\" target=\"_blank\" rel=\"noreferrer noopener\">atropelamento mortal<\/a> tomou um rumo dram\u00e1tico depois que o v\u00eddeo da c\u00e2mera do painel mostrou que o homem que a pol\u00edcia acredita ter causado o acidente era, na verdade, uma v\u00edtima inocente.<\/p>\n<p>Um acidente na manh\u00e3 de segunda-feira na Le Jeune Road e na Southwest Eighth Street deixou Junior Eugene, de 29 anos, morto.<\/p>\n<p>\u201cFoi um atropelamento com fuga e uma fatalidade\u201d, disse um despachante pelo r\u00e1dio da pol\u00edcia Broadcastify.<\/p>\n<p>A pol\u00edcia disse originalmente que Eugene foi quem avan\u00e7ou o sinal vermelho enquanto seguia para o sul na Le Jeune Road, colidindo com <a href=\"https:\/\/wsvn.com\/news\/local\/miami-dade\/former-venezuelan-politician-arrested-in-miami-fatal-hit-and-run-appears-in-court-as-loved-ones-mourn-29-year-old-victim\/\" data-type=\"link\" data-id=\"https:\/\/wsvn.com\/news\/local\/miami-dade\/former-venezuelan-politician-arrested-in-miami-fatal-hit-and-run-appears-in-court-as-loved-ones-mourn-29-year-old-victim\/\" target=\"_blank\" rel=\"noreferrer noopener\">Gilbert Alexander Caro, 55 anos<\/a>Chevy Tahoe branco e batendo em um Toyota branco de duas portas.<\/p>\n<p>No entanto, detetives da pol\u00edcia de Miami disseram que o v\u00eddeo da c\u00e2mera do painel do Toyota mostra que Eugene, que estava dirigindo um sed\u00e3 Hyundai, tinha o sinal verde. O motorista do Tahoe, Caro, avan\u00e7ou o sinal vermelho e deixou a cena do acidente.<\/p>\n<p>\u201cEle fugiu do acidente onde algu\u00e9m morreu\u201d, disse a ju\u00edza do circuito de Miami-Dade, Mindy S. Glazer.<\/p>\n<p>Caro j\u00e1 foi preso por fugir do local de um acidente que resultou em morte, mas agora a pol\u00edcia disse que ele enfrentar\u00e1 acusa\u00e7\u00f5es adicionais.<\/p>\n<p>A pol\u00edcia de Miami divulgou uma declara\u00e7\u00e3o que diz em parte:<\/p>\n<blockquote class=\"wp-block-quote is-layout-flow wp-block-quote-is-layout-flow\">\n<p>\u201cAp\u00f3s rever o v\u00eddeo da c\u00e2mera do painel do terceiro ve\u00edculo, ficou claro que Junior Eugene (falecido) tinha sinal verde e Caro tinha sinal vermelho. Devido a essas novas informa\u00e7\u00f5es, ser\u00e3o cobradas taxas adicionais para Caro.\u201d<\/p>\n<\/blockquote>\n<p>\u201cH\u00e1 quanto tempo ele mora aqui?\u201d, disse Glazer.<\/p>\n<p>\u201cDois anos e meio\u201d, disse Caro.<\/p>\n<p>Caro \u00e9 uma <a href=\"https:\/\/www.eluniversal.com\/politica\/189953\/gilber-caro-es-detenido-en-miami-por-estar-involucrado-en-un-accidente-de-transito-que-acabo-con-la\" data-type=\"link\" data-id=\"https:\/\/www.eluniversal.com\/politica\/189953\/gilber-caro-es-detenido-en-miami-por-estar-involucrado-en-un-accidente-de-transito-que-acabo-con-la\" target=\"_blank\" rel=\"noreferrer noopener\">ex-pol\u00edtico venezuelano<\/a>. Mais especificamente, ele \u00e9 um ex-deputado da oposi\u00e7\u00e3o e ex-prisioneiro pol\u00edtico. Em algum momento, ele fugiu da Venezuela.<\/p>\n<p>Ele postou uma foto sua, de terno, de p\u00e9 nos degraus de um pequeno avi\u00e3o a jato no Instagram tr\u00eas dias antes do acidente. A legenda em espanhol detalhou que j\u00e1 faz tr\u00eas anos que ele escapou da ditadura. <\/p>\n<p>S\u00f3 que Caro veio para o sul da Fl\u00f3rida e deixou amigos e familiares de Eugene devastados pela perda de sua vida.<\/p>\n<p>\u201cEle era o tipo de pessoa que, quando voc\u00ea o conhecia, nunca o esquecia\u201d, disse Shanice Owens, a melhor amiga de Eugene.<\/p>\n<p>Owens disse que os dois s\u00e3o melhores amigos desde o ensino m\u00e9dio. Agora ela mal consegue acreditar nessa dura realidade.<\/p>\n<p>\u201cEu n\u00e3o achei que fosse real. Eu s\u00f3 ficava perguntando ao irm\u00e3o dele, &#8216;Tipo, ele est\u00e1 falando a verdade?&#8217;\u201d, ela disse.<\/p>\n<p>Owens disse que gostaria que Caro tivesse feito a coisa certa para salvar a vida de Eugene.<\/p>\n<p>\u201cEle deveria ter ficado l\u00e1. Provavelmente ainda o ter\u00edamos aqui hoje. Espero que ele receba o que merece\u201d, disse ela.<\/p>\n<p>Caro enfrentar\u00e1 acusa\u00e7\u00f5es adicionais, mas est\u00e1 atualmente em liberdade sob fian\u00e7a. Ele tamb\u00e9m tem uma reten\u00e7\u00e3o de imigra\u00e7\u00e3o em seu caso.<\/p>\n<p><em>Copyright 2024 Sunbeam Television Corp. Todos os direitos reservados. Este material n\u00e3o pode ser publicado, transmitido, reescrito ou redistribu\u00eddo.<\/em><\/p>\n<div class=\"wp-block-newsletter\">\n\t<strong class=\"wp-block-newsletter__title\">Inscreva-se em nossa Newsletter para receber as \u00faltimas not\u00edcias diretamente na sua caixa de entrada<\/strong><\/p>\n<\/div><\/div>\n<p><br \/>\n<br \/><a href=\"https:\/\/wsvn.com\/news\/local\/miami-dade\/dash-cam-video-shows-former-venezuelan-politician-ran-red-light-that-caused-miami-fatal-hit-and-run\/\">Source link <\/a><\/p>","protected":false},"excerpt":{"rendered":"<p>MIAMI (WSVN) &#8211; A atropelamento mortal tomou um rumo dram\u00e1tico depois que o v\u00eddeo da c\u00e2mera do painel mostrou que o homem que a pol\u00edcia acredita ter causado o acidente&hellip;<\/p>","protected":false},"author":1,"featured_media":32659,"comment_status":"closed","ping_status":"open","sticky":false,"template":"","format":"standard","meta":{"content-type":"","footnotes":""},"categories":[1],"tags":[],"class_list":["post-32658","post","type-post","status-publish","format-standard","has-post-thumbnail","hentry","category-uncategorized"],"_links":{"self":[{"href":"https:\/\/tvbrazilusa.com\/pt\/wp-json\/wp\/v2\/posts\/32658","targetHints":{"allow":["GET"]}}],"collection":[{"href":"https:\/\/tvbrazilusa.com\/pt\/wp-json\/wp\/v2\/posts"}],"about":[{"href":"https:\/\/tvbrazilusa.com\/pt\/wp-json\/wp\/v2\/types\/post"}],"author":[{"embeddable":true,"href":"https:\/\/tvbrazilusa.com\/pt\/wp-json\/wp\/v2\/users\/1"}],"replies":[{"embeddable":true,"href":"https:\/\/tvbrazilusa.com\/pt\/wp-json\/wp\/v2\/comments?post=32658"}],"version-history":[{"count":1,"href":"https:\/\/tvbrazilusa.com\/pt\/wp-json\/wp\/v2\/posts\/32658\/revisions"}],"predecessor-version":[{"id":32660,"href":"https:\/\/tvbrazilusa.com\/pt\/wp-json\/wp\/v2\/posts\/32658\/revisions\/32660"}],"wp:featuredmedia":[{"embeddable":true,"href":"https:\/\/tvbrazilusa.com\/pt\/wp-json\/wp\/v2\/media\/32659"}],"wp:attachment":[{"href":"https:\/\/tvbrazilusa.com\/pt\/wp-json\/wp\/v2\/media?parent=32658"}],"wp:term":[{"taxonomy":"category","embeddable":true,"href":"https:\/\/tvbrazilusa.com\/pt\/wp-json\/wp\/v2\/categories?post=32658"},{"taxonomy":"post_tag","embeddable":true,"href":"https:\/\/tvbrazilusa.com\/pt\/wp-json\/wp\/v2\/tags?post=32658"}],"curies":[{"name":"wp","href":"https:\/\/api.w.org\/{rel}","templated":true}]}}