{"id":32668,"date":"2024-09-06T01:55:35","date_gmt":"2024-09-06T01:55:35","guid":{"rendered":"https:\/\/tvbrazilusa.com\/2024\/09\/06\/resultados-e-analises-paulo-figueiredo-tv-florida-usa-a-sua-tv-brasileira-nos-estados-unidos\/"},"modified":"2024-09-06T03:46:02","modified_gmt":"2024-09-06T03:46:02","slug":"resultados-e-analises-paulo-figueiredo-tv-florida-usa-a-sua-tv-brasileira-nos-estados-unidos","status":"publish","type":"post","link":"https:\/\/tvbrazilusa.com\/pt\/2024\/09\/06\/resultados-e-analises-paulo-figueiredo-tv-florida-usa-a-sua-tv-brasileira-nos-estados-unidos\/","title":{"rendered":"Resultados e An\u00e1lises \u2013 Paulo Figueiredo \u2013 TV Florida USA \u2013 A sua TV Brasileira nos Estados Unidos"},"content":{"rendered":"<p> <script async src=\"https:\/\/pagead2.googlesyndication.com\/pagead\/js\/adsbygoogle.js?client=ca-pub-8864793242727901\"\r\n     crossorigin=\"anonymous\"><\/script><br \/>\n<\/p>\n<div id=\"wtr-content\" data-bg=\"#FFFFFF\" data-fg=\"#006d91\" data-width=\"25\" data-mute=\"1\" data-fgopacity=\"1.00\" data-mutedopacity=\"0.5\" data-placement=\"bottom\" data-placement-offset=\"0\" data-content-offset=\"262\" data-placement-touch=\"bottom\" data-placement-offset-touch=\"0\" data-transparent=\"\" data-shadow=\"0\" data-touch=\"1\" data-non-touch=\"1\" data-comments=\"0\" data-commentsbg=\"transparent\" data-location=\"page\" data-mutedfg=\"#006d91\" data-endfg=\"#006d91\" data-rtl=\"\">\n<p>Aprova\u00e7\u00e3o do Governo Federal atinge 33,2%, enquanto reprova\u00e7\u00e3o alcan\u00e7a 43,4%, aponta pesquisa do IBESPE<\/p>\n<p>A pesquisa foi realizada em todo o Brasil com 1.024 entrevistas, e a margem de erro \u00e9 de 3,1 pontos percentuais para mais ou para menos, com 95% de confian\u00e7a. O p\u00fablico entrevistado foi estratificado por g\u00eanero, faixa et\u00e1ria e n\u00edvel de escolaridade.<\/p>\n<figure class=\"wp-block-image size-full\"\/>\n<p><strong>Avalia\u00e7\u00e3o Geral do Governo Federal<\/strong><\/p>\n<p>A avalia\u00e7\u00e3o do governo federal foi dividida em v\u00e1rias categorias: \u00f3timo, bom, regular, ruim e p\u00e9ssimo, com os seguintes resultados:<\/p>\n<ul class=\"wp-block-list\">\n<li><strong>\u00d3timo\/Bom:<\/strong> 33,2%<\/li>\n<li><strong>Regular:<\/strong> 18,3%<\/li>\n<li><strong>Ruim\/P\u00e9ssimo:<\/strong> 43,4%<\/li>\n<\/ul>\n<p>Isso revela uma forte polariza\u00e7\u00e3o, com uma parcela significativa de 43,4% reprovando o governo, ao passo que 33,2% ainda o avaliam positivamente. H\u00e1 uma margem de indecisos (5,1%), o que pode impactar futuras avalia\u00e7\u00f5es.<\/p>\n<figure class=\"wp-block-image size-full\"><\/figure>\n<h4 class=\"wp-block-heading\"><strong>Comparativo com Pesquisas Anteriores<\/strong><\/h4>\n<p>Ao longo de 2023 e 2024, a avalia\u00e7\u00e3o do governo mostrou flutua\u00e7\u00f5es not\u00e1veis:<\/p>\n<ul class=\"wp-block-list\">\n<li>A reprova\u00e7\u00e3o cresceu de 39,9% em setembro de 2023 para 43,4% em setembro de 2024.<\/li>\n<li>J\u00e1 a aprova\u00e7\u00e3o apresentou uma queda de 37,7% para 33,2% no mesmo per\u00edodo.<\/li>\n<\/ul>\n<p>Esses dados indicam uma tend\u00eancia de desgaste do governo ao longo do tempo.<\/p>\n<figure class=\"wp-block-image size-full\"><img fetchpriority=\"high\" decoding=\"async\" width=\"955\" height=\"545\" src=\"https:\/\/paulofigueiredoshow.com\/wp-content\/uploads\/2024\/09\/Grafico_Avaliacao_01.png\" alt=\"\" class=\"wp-image-75335\" srcset=\"https:\/\/paulofigueiredoshow.com\/wp-content\/uploads\/2024\/09\/Grafico_Avaliacao_01.png 955w, https:\/\/paulofigueiredoshow.com\/wp-content\/uploads\/2024\/09\/Grafico_Avaliacao_01-300x171.png 300w, https:\/\/paulofigueiredoshow.com\/wp-content\/uploads\/2024\/09\/Grafico_Avaliacao_01-768x438.png 768w\" sizes=\"(max-width: 955px) 100vw, 955px\"\/><\/figure>\n<h4 class=\"wp-block-heading\"><strong>Avalia\u00e7\u00e3o Regional<\/strong><\/h4>\n<p>Quando analisamos a avalia\u00e7\u00e3o por regi\u00f5es, os n\u00fameros variam bastante:<\/p>\n<ul class=\"wp-block-list\">\n<li><strong>Norte e Nordeste<\/strong> apresentam os maiores \u00edndices de aprova\u00e7\u00e3o, com 43% e 50,3%, respectivamente.<\/li>\n<li><strong>Centro-Oeste e Sudeste<\/strong> mostram uma reprova\u00e7\u00e3o mais acentuada, com 51,1% e 61%, respectivamente.<\/li>\n<\/ul>\n<figure class=\"wp-block-image size-full\"><img loading=\"lazy\" decoding=\"async\" width=\"957\" height=\"527\" src=\"https:\/\/paulofigueiredoshow.com\/wp-content\/uploads\/2024\/09\/Mapa_reginal_Avaliacao.png\" alt=\"\" class=\"wp-image-75339\" srcset=\"https:\/\/paulofigueiredoshow.com\/wp-content\/uploads\/2024\/09\/Mapa_reginal_Avaliacao.png 957w, https:\/\/paulofigueiredoshow.com\/wp-content\/uploads\/2024\/09\/Mapa_reginal_Avaliacao-300x165.png 300w, https:\/\/paulofigueiredoshow.com\/wp-content\/uploads\/2024\/09\/Mapa_reginal_Avaliacao-768x423.png 768w\" sizes=\"auto, (max-width: 957px) 100vw, 957px\"\/><\/figure>\n<figure class=\"wp-block-image size-full\"><img loading=\"lazy\" decoding=\"async\" width=\"942\" height=\"497\" src=\"https:\/\/paulofigueiredoshow.com\/wp-content\/uploads\/2024\/09\/Avaliacao_regional.png\" alt=\"\" class=\"wp-image-75343\" srcset=\"https:\/\/paulofigueiredoshow.com\/wp-content\/uploads\/2024\/09\/Avaliacao_regional.png 942w, https:\/\/paulofigueiredoshow.com\/wp-content\/uploads\/2024\/09\/Avaliacao_regional-300x158.png 300w, https:\/\/paulofigueiredoshow.com\/wp-content\/uploads\/2024\/09\/Avaliacao_regional-768x405.png 768w\" sizes=\"auto, (max-width: 942px) 100vw, 942px\"\/><\/figure>\n<h4 class=\"wp-block-heading\"><strong>Microtargeting por Sexo, Idade e Escolaridade<\/strong><\/h4>\n<p>H\u00e1 uma varia\u00e7\u00e3o clara na aprova\u00e7\u00e3o do governo quando se considera o g\u00eanero, a faixa et\u00e1ria e o n\u00edvel de escolaridade:<\/p>\n<ul class=\"wp-block-list\">\n<li><strong>Homens<\/strong> t\u00eam uma taxa de reprova\u00e7\u00e3o mais alta (45,8%) em compara\u00e7\u00e3o \u00e0s mulheres (41,2%).<\/li>\n<li>A faixa et\u00e1ria entre <strong>45 e 59 anos<\/strong> apresenta a maior reprova\u00e7\u00e3o, com 46,8%.<\/li>\n<li>Quanto \u00e0 escolaridade, aqueles com <strong>ensino superior<\/strong> tendem a reprovar mais o governo (46,3%) em compara\u00e7\u00e3o aos que possuem apenas ensino fundamental (36%).<\/li>\n<\/ul>\n<figure class=\"wp-block-image size-full\"><img loading=\"lazy\" decoding=\"async\" width=\"939\" height=\"519\" src=\"https:\/\/paulofigueiredoshow.com\/wp-content\/uploads\/2024\/09\/Grafico_01.png\" alt=\"\" class=\"wp-image-75345\" srcset=\"https:\/\/paulofigueiredoshow.com\/wp-content\/uploads\/2024\/09\/Grafico_01.png 939w, https:\/\/paulofigueiredoshow.com\/wp-content\/uploads\/2024\/09\/Grafico_01-300x166.png 300w, https:\/\/paulofigueiredoshow.com\/wp-content\/uploads\/2024\/09\/Grafico_01-768x424.png 768w\" sizes=\"auto, (max-width: 939px) 100vw, 939px\"\/><\/figure>\n<p>A pesquisa de setembro de 2024 revela um cen\u00e1rio complexo para o governo federal. Com uma aprova\u00e7\u00e3o m\u00e9dia de 33,2%, o governo enfrenta desafios significativos, especialmente nas regi\u00f5es Sul e Sudeste e entre eleitores mais escolarizados. As diferen\u00e7as regionais e o impacto das prefer\u00eancias eleitorais passadas mostram uma polariza\u00e7\u00e3o acentuada no pa\u00eds, que pode influenciar as elei\u00e7\u00f5es futuras e a governabilidade.<\/p>\n<\/div>\n<p><br \/>\n<br \/><a href=\"https:\/\/tvfloridausa.com\/2024\/09\/06\/avaliacao-do-governo-federal-em-setembro-de-2024-resultados-e-analises-paulo-figueiredo\/\">Source link <\/a><\/p>","protected":false},"excerpt":{"rendered":"<p>Aprova\u00e7\u00e3o do Governo Federal atinge 33,2%, enquanto reprova\u00e7\u00e3o alcan\u00e7a 43,4%, aponta pesquisa do IBESPE A pesquisa foi realizada em todo o Brasil com 1.024 entrevistas, e a margem de erro&hellip;<\/p>","protected":false},"author":1,"featured_media":32669,"comment_status":"closed","ping_status":"open","sticky":false,"template":"","format":"standard","meta":{"content-type":"","footnotes":""},"categories":[22],"tags":[],"class_list":["post-32668","post","type-post","status-publish","format-standard","has-post-thumbnail","hentry","category-tv-florida-usa"],"_links":{"self":[{"href":"https:\/\/tvbrazilusa.com\/pt\/wp-json\/wp\/v2\/posts\/32668","targetHints":{"allow":["GET"]}}],"collection":[{"href":"https:\/\/tvbrazilusa.com\/pt\/wp-json\/wp\/v2\/posts"}],"about":[{"href":"https:\/\/tvbrazilusa.com\/pt\/wp-json\/wp\/v2\/types\/post"}],"author":[{"embeddable":true,"href":"https:\/\/tvbrazilusa.com\/pt\/wp-json\/wp\/v2\/users\/1"}],"replies":[{"embeddable":true,"href":"https:\/\/tvbrazilusa.com\/pt\/wp-json\/wp\/v2\/comments?post=32668"}],"version-history":[{"count":1,"href":"https:\/\/tvbrazilusa.com\/pt\/wp-json\/wp\/v2\/posts\/32668\/revisions"}],"predecessor-version":[{"id":32670,"href":"https:\/\/tvbrazilusa.com\/pt\/wp-json\/wp\/v2\/posts\/32668\/revisions\/32670"}],"wp:featuredmedia":[{"embeddable":true,"href":"https:\/\/tvbrazilusa.com\/pt\/wp-json\/wp\/v2\/media\/32669"}],"wp:attachment":[{"href":"https:\/\/tvbrazilusa.com\/pt\/wp-json\/wp\/v2\/media?parent=32668"}],"wp:term":[{"taxonomy":"category","embeddable":true,"href":"https:\/\/tvbrazilusa.com\/pt\/wp-json\/wp\/v2\/categories?post=32668"},{"taxonomy":"post_tag","embeddable":true,"href":"https:\/\/tvbrazilusa.com\/pt\/wp-json\/wp\/v2\/tags?post=32668"}],"curies":[{"name":"wp","href":"https:\/\/api.w.org\/{rel}","templated":true}]}}