{"id":32706,"date":"2024-09-06T09:53:45","date_gmt":"2024-09-06T09:53:45","guid":{"rendered":"https:\/\/tvbrazilusa.com\/2024\/09\/06\/autoridade-internacional-de-comunicacao-critica-anatel-por-banir-x-no-brasil\/"},"modified":"2024-09-06T09:57:17","modified_gmt":"2024-09-06T09:57:17","slug":"autoridade-internacional-de-comunicacao-critica-anatel-por-banir-x-no-brasil","status":"publish","type":"post","link":"https:\/\/tvbrazilusa.com\/pt\/2024\/09\/06\/autoridade-internacional-de-comunicacao-critica-anatel-por-banir-x-no-brasil\/","title":{"rendered":"Autoridade internacional de comunica\u00e7\u00e3o critica Anatel por banir X\u00a0no Brasil"},"content":{"rendered":"<p> <script async src=\"https:\/\/pagead2.googlesyndication.com\/pagead\/js\/adsbygoogle.js?client=ca-pub-8864793242727901\"\r\n     crossorigin=\"anonymous\"><\/script><br \/>\n<\/p>\n<div>\n<p>A recente decis\u00e3o do Ministro Alexandre de Moraes de banir a rede social X no Brasil gerou repercuss\u00f5es internacionais. Brendan Carr, comiss\u00e1rio da Comiss\u00e3o Federal de Comunica\u00e7\u00f5es dos Estados Unidos (FCC), enviou uma carta ao presidente da Anatel, Carlos Manuel Baigorri, criticando a medida e suas poss\u00edveis implica\u00e7\u00f5es para a liberdade de express\u00e3o e investimentos americanos no pa\u00eds.<\/p>\n<p>Carr expressou preocupa\u00e7\u00e3o sobre a s\u00e9rie de a\u00e7\u00f5es que considera ilegais e partid\u00e1rias por parte da Anatel contra empresas com v\u00ednculos nos Estados Unidos. Ele destacou tamb\u00e9m a possibilidade de remo\u00e7\u00e3o das licen\u00e7as da Starlink, empresa americana de sat\u00e9lites, como ponto de preocupa\u00e7\u00e3o.<\/p>\n<h2 class=\"wp-block-heading\">Por que a Anatel \u00e9 Criticada por Brendan Carr?<\/h2>\n<p>O comiss\u00e1rio da FCC alertou sobre os riscos \u00e0 confian\u00e7a nos mercados regulados do Brasil devido \u00e0s a\u00e7\u00f5es punitivas apoiadas pelo Governo Lula. Segundo ele, l\u00edderes empresariais americanos temem que o Brasil esteja se tornando um \u201cmercado invi\u00e1vel de investimentos.\u201d<\/p>\n<p>A decis\u00e3o de suspender a rede social X no Brasil foi citada por Carr como uma viola\u00e7\u00e3o \u00e0 Constitui\u00e7\u00e3o brasileira. Al\u00e9m disso, a decis\u00e3o de congelar os ativos da Starlink, considerada uma a\u00e7\u00e3o excessivamente punitiva, tamb\u00e9m foi criticada.<\/p>\n<h2 class=\"wp-block-heading\">A Liberdade de Express\u00e3o Est\u00e1 em Risco no Brasil?<\/h2>\n<p>Em sua carta, Carr afirmou que, sob a lideran\u00e7a de Baigorri, a Anatel tem aplicado decis\u00f5es que muitos classificam como censura. Ele acredita que ag\u00eancias reguladoras de comunica\u00e7\u00f5es devem se opor \u00e0 tend\u00eancia de censura e apoiar ativamente a liberdade de express\u00e3o.<\/p>\n<p>Para Carr, a suspens\u00e3o da rede social X e o bloqueio dos ativos da Starlink s\u00e3o exemplos de como essas a\u00e7\u00f5es podem afetar negativamente a rela\u00e7\u00e3o entre a FCC e a Anatel, al\u00e9m de impactar investimentos estrangeiros no Brasil.<\/p>\n<h2 class=\"wp-block-heading\">Como Isso Afeta a Rela\u00e7\u00e3o entre FCC e Anatel?<\/h2>\n<p>Carr enfatizou que as a\u00e7\u00f5es do governo brasileiro podem prejudicar a rela\u00e7\u00e3o entre a FCC e a Anatel, constru\u00eddas sobre princ\u00edpios de reciprocidade e estado de direito. Ele sugeriu uma reuni\u00e3o com Baigorri para discutir as quest\u00f5es levantadas e prop\u00f4s at\u00e9 mesmo uma viagem ao Brasil para resolver a situa\u00e7\u00e3o.<\/p>\n<h3 class=\"wp-block-heading\">O Futuro dos Investimentos Americanos no Brasil<\/h3>\n<p>Com as recentes a\u00e7\u00f5es do governo brasileiro, l\u00edderes empresariais americanos est\u00e3o cada vez mais preocupados com a viabilidade de investir no pa\u00eds. Carr destacou que essas preocupa\u00e7\u00f5es s\u00e3o v\u00e1lidas e prop\u00f4s um di\u00e1logo aberto para garantir a estabilidade e previsibilidade dos mercados regulados brasileiros.<\/p>\n<h2 class=\"wp-block-heading\">Quais s\u00e3o os Pr\u00f3ximos Passos para Resolver o Impasse?<\/h2>\n<p>Brendan Carr solicitou uma reuni\u00e3o com Carlos Baigorri para tratar das quest\u00f5es mencionadas, indicando sua disponibilidade para vir ao Brasil, caso necess\u00e1rio. Ele espera que uma discuss\u00e3o direta possa ajudar a esclarecer e resolver os problemas, beneficiando ambas na\u00e7\u00f5es.<\/p>\n<p>Este epis\u00f3dio evidencia a import\u00e2ncia de um debate cont\u00ednuo sobre liberdade de express\u00e3o e investimento estrangeiro no Brasil. A resposta da Anatel e do governo brasileiro \u00e0s cr\u00edticas internacionais ser\u00e1 crucial para determinar os rumos futuros das rela\u00e7\u00f5es bilaterais e dos investimentos americanos no pa\u00eds.<\/p>\n<p>\u00c9 importante acompanhar o desenrolar dos acontecimentos e entender como essas decis\u00f5es impactar\u00e3o o ambiente regulat\u00f3rio e o mercado de investimentos no Brasil. O di\u00e1logo aberto entre Anatel e FCC pode ser a chave para uma solu\u00e7\u00e3o positiva e equilibrada.<\/p>\n<\/p><\/div>\n<p><br \/>\n<br \/><a href=\"https:\/\/terrabrasilnoticias.com\/2024\/09\/autoridade-internacional-de-comunicacao-critica-anatel-por-banir-x-no-brasil\/\">Source link <\/a><\/p>","protected":false},"excerpt":{"rendered":"<p>A recente decis\u00e3o do Ministro Alexandre de Moraes de banir a rede social X no Brasil gerou repercuss\u00f5es internacionais. Brendan Carr, comiss\u00e1rio da Comiss\u00e3o Federal de Comunica\u00e7\u00f5es dos Estados Unidos&hellip;<\/p>","protected":false},"author":1,"featured_media":32707,"comment_status":"closed","ping_status":"open","sticky":false,"template":"","format":"standard","meta":{"content-type":"","footnotes":""},"categories":[16],"tags":[],"class_list":["post-32706","post","type-post","status-publish","format-standard","has-post-thumbnail","hentry","category-noticias"],"_links":{"self":[{"href":"https:\/\/tvbrazilusa.com\/pt\/wp-json\/wp\/v2\/posts\/32706","targetHints":{"allow":["GET"]}}],"collection":[{"href":"https:\/\/tvbrazilusa.com\/pt\/wp-json\/wp\/v2\/posts"}],"about":[{"href":"https:\/\/tvbrazilusa.com\/pt\/wp-json\/wp\/v2\/types\/post"}],"author":[{"embeddable":true,"href":"https:\/\/tvbrazilusa.com\/pt\/wp-json\/wp\/v2\/users\/1"}],"replies":[{"embeddable":true,"href":"https:\/\/tvbrazilusa.com\/pt\/wp-json\/wp\/v2\/comments?post=32706"}],"version-history":[{"count":1,"href":"https:\/\/tvbrazilusa.com\/pt\/wp-json\/wp\/v2\/posts\/32706\/revisions"}],"predecessor-version":[{"id":32708,"href":"https:\/\/tvbrazilusa.com\/pt\/wp-json\/wp\/v2\/posts\/32706\/revisions\/32708"}],"wp:featuredmedia":[{"embeddable":true,"href":"https:\/\/tvbrazilusa.com\/pt\/wp-json\/wp\/v2\/media\/32707"}],"wp:attachment":[{"href":"https:\/\/tvbrazilusa.com\/pt\/wp-json\/wp\/v2\/media?parent=32706"}],"wp:term":[{"taxonomy":"category","embeddable":true,"href":"https:\/\/tvbrazilusa.com\/pt\/wp-json\/wp\/v2\/categories?post=32706"},{"taxonomy":"post_tag","embeddable":true,"href":"https:\/\/tvbrazilusa.com\/pt\/wp-json\/wp\/v2\/tags?post=32706"}],"curies":[{"name":"wp","href":"https:\/\/api.w.org\/{rel}","templated":true}]}}