{"id":32749,"date":"2024-09-06T11:28:45","date_gmt":"2024-09-06T11:28:45","guid":{"rendered":"https:\/\/tvbrazilusa.com\/2024\/09\/06\/aviso-de-calor-e-principalmente-seco-wsvn-7news-noticias-de-miami-clima-esportes-fort-lauderdale\/"},"modified":"2024-09-06T11:52:48","modified_gmt":"2024-09-06T11:52:48","slug":"aviso-de-calor-e-principalmente-seco-wsvn-7news-noticias-de-miami-clima-esportes-fort-lauderdale","status":"publish","type":"post","link":"https:\/\/tvbrazilusa.com\/pt\/2024\/09\/06\/aviso-de-calor-e-principalmente-seco-wsvn-7news-noticias-de-miami-clima-esportes-fort-lauderdale\/","title":{"rendered":"AVISO DE CALOR E PRINCIPALMENTE SECO &#8211; WSVN 7News | Not\u00edcias de Miami, Clima, Esportes | Fort Lauderdale"},"content":{"rendered":"<p> <script async src=\"https:\/\/pagead2.googlesyndication.com\/pagead\/js\/adsbygoogle.js?client=ca-pub-8864793242727901\"\r\n     crossorigin=\"anonymous\"><\/script><br \/>\n<\/p>\n<div itemprop=\"articleBody\">\n<p class=\"has-text-align-center is-style-larger\"><strong>Feliz sexta-feira, sul da Fl\u00f3rida!<\/strong><\/p>\n<p class=\"has-text-align-center is-style-larger\"><strong>Espero que todos tenham conseguido aproveitar o primeiro dia quase seco que o sul da Fl\u00f3rida teve em algum tempo. Isso basicamente resume nossa quinta-feira desta semana, pois n\u00e3o s\u00f3 vimos menos chuvas, mas a maior parte do sul da Fl\u00f3rida permaneceu praticamente seca o dia todo. O motivo? Bastou uma fina camada de poeira do Saara para permanecer, ar mais seco para entrar e um vento vindo da \u00e1gua para manter as coisas calmas, mesmo durante as partes mais quentes do dia. Esta manh\u00e3, o sul da Fl\u00f3rida ainda colheu os benef\u00edcios do ar seco em toda a regi\u00e3o, pois a maior parte da \u00e1rea permaneceu seca, exceto por algumas chuvas esparsas aqui e ali. Com certeza estava quente com temperaturas na casa dos 80, enquanto nuvens de n\u00edveis mais altos mantinham o c\u00e9u nublado \u00e0s vezes. <\/strong><\/p>\n<figure class=\"wp-block-image size-large is-resized\"><\/figure>\n<p class=\"has-text-align-center is-style-larger\"><strong>Hoje ser\u00e1 muito parecido com ontem, pois podemos esperar muito pouca chuva na previs\u00e3o. O ar seco permanecer\u00e1 e manter\u00e1 nossas chances de chuva muito baixas mais uma vez. As altas temperaturas da tarde, como ontem, chegar\u00e3o a 90 graus, enquanto algumas \u00e1reas podem estar um pouco mais quentes do que isso. Durante toda a semana, aproveitamos uma brisa agrad\u00e1vel da praia e hoje n\u00e3o ser\u00e1 diferente, pois algumas de nossas localidades costeiras desfrutar\u00e3o de condi\u00e7\u00f5es de brisa \u00e0s vezes. Com um pouco de poeira do Saara ainda no ar, o c\u00e9u pode parecer um pouco nebuloso de vez em quando. <\/strong><\/p>\n<figure class=\"wp-block-image size-large is-resized\"><img fetchpriority=\"high\" decoding=\"async\" width=\"1920\" height=\"1080\" src=\"https:\/\/wsvn.com\/wp-content\/uploads\/sites\/2\/2024\/09\/Blog-2-3.png?w=1024\" alt=\"\" class=\"wp-image-1481931\" style=\"width:801px;height:auto\" srcset=\"https:\/\/wsvn.com\/wp-content\/uploads\/sites\/2\/2024\/09\/Blog-2-3.png 1920w, https:\/\/wsvn.com\/wp-content\/uploads\/sites\/2\/2024\/09\/Blog-2-3.png?resize=300,169 300w, https:\/\/wsvn.com\/wp-content\/uploads\/sites\/2\/2024\/09\/Blog-2-3.png?resize=768,432 768w, https:\/\/wsvn.com\/wp-content\/uploads\/sites\/2\/2024\/09\/Blog-2-3.png?resize=1024,576 1024w, https:\/\/wsvn.com\/wp-content\/uploads\/sites\/2\/2024\/09\/Blog-2-3.png?resize=1536,864 1536w\" sizes=\"(max-width: 1920px) 100vw, 1920px\"\/><\/figure>\n<p class=\"has-text-align-center is-style-larger\"><strong>Nem \u00e9 preciso dizer que hoje estar\u00e1 muito \u00famido no sul da Fl\u00f3rida, o que far\u00e1 com que pare\u00e7a mais \u00famido. Esta manh\u00e3, as temperaturas sentidas j\u00e1 estavam na casa dos 90 antes mesmo do sol nascer! Mais tarde, esta tarde, as temperaturas sentidas podem chegar a 110\u00b0 por longos per\u00edodos de tempo. Por causa disso, um alerta de calor foi emitido mais uma vez para todo o sul da Fl\u00f3rida, que durar\u00e1 boa parte do dia. <\/strong><\/p>\n<figure class=\"wp-block-image size-large is-resized\"><img decoding=\"async\" width=\"1920\" height=\"1080\" src=\"https:\/\/wsvn.com\/wp-content\/uploads\/sites\/2\/2024\/09\/Blog-3-3.png?w=1024\" alt=\"\" class=\"wp-image-1481932\" style=\"width:798px;height:auto\" srcset=\"https:\/\/wsvn.com\/wp-content\/uploads\/sites\/2\/2024\/09\/Blog-3-3.png 1920w, https:\/\/wsvn.com\/wp-content\/uploads\/sites\/2\/2024\/09\/Blog-3-3.png?resize=300,169 300w, https:\/\/wsvn.com\/wp-content\/uploads\/sites\/2\/2024\/09\/Blog-3-3.png?resize=768,432 768w, https:\/\/wsvn.com\/wp-content\/uploads\/sites\/2\/2024\/09\/Blog-3-3.png?resize=1024,576 1024w, https:\/\/wsvn.com\/wp-content\/uploads\/sites\/2\/2024\/09\/Blog-3-3.png?resize=1536,864 1536w\" sizes=\"(max-width: 1920px) 100vw, 1920px\"\/><\/figure>\n<p class=\"has-text-align-center is-style-larger\"><strong>Olhando para o futuro, o ar mais seco que se moveu para o sul da Fl\u00f3rida permanecer\u00e1 por um tempo e manter\u00e1 nossas chances de chuva abaixo da m\u00e9dia durante o pr\u00f3ximo fim de semana. Ainda haver\u00e1 uma chance de algumas pancadas de chuva matinais e tempestades pontuais no interior \u00e0 tarde de vez em quando. S\u00f3 n\u00e3o estar\u00e1 t\u00e3o \u00famido quanto normalmente \u00e9 nesta \u00e9poca do ano. Isso significa que voc\u00ea tem luz verde para quaisquer atividades ao ar livre que possa ter planejado para este fim de semana. No entanto, certifique-se de se manter hidratado se passar muito tempo ao ar livre. As altas temperaturas continuar\u00e3o pr\u00f3ximas da m\u00e9dia, na casa dos 37 graus Celsius, no entanto, os alertas de calor podem continuar a ser emitidos a cada dia, pois as temperaturas sentidas chegar\u00e3o facilmente aos 38 graus Celsius.<\/strong><\/p>\n<figure class=\"wp-block-image size-large is-resized\"><img loading=\"lazy\" decoding=\"async\" width=\"1920\" height=\"1080\" src=\"https:\/\/wsvn.com\/wp-content\/uploads\/sites\/2\/2024\/09\/Blog-4-2.png?w=1024\" alt=\"\" class=\"wp-image-1481928\" style=\"width:810px;height:auto\" srcset=\"https:\/\/wsvn.com\/wp-content\/uploads\/sites\/2\/2024\/09\/Blog-4-2.png 1920w, https:\/\/wsvn.com\/wp-content\/uploads\/sites\/2\/2024\/09\/Blog-4-2.png?resize=300,169 300w, https:\/\/wsvn.com\/wp-content\/uploads\/sites\/2\/2024\/09\/Blog-4-2.png?resize=768,432 768w, https:\/\/wsvn.com\/wp-content\/uploads\/sites\/2\/2024\/09\/Blog-4-2.png?resize=1024,576 1024w, https:\/\/wsvn.com\/wp-content\/uploads\/sites\/2\/2024\/09\/Blog-4-2.png?resize=1536,864 1536w\" sizes=\"auto, (max-width: 1920px) 100vw, 1920px\"\/><\/figure>\n<p class=\"has-text-align-center is-style-larger\"><strong>Lembre-se de se manter hidratado nos pr\u00f3ximos dias!<\/strong><\/p>\n<p><strong>\u00c9rika Delgado<br \/>Meteorologista<br \/>WSVN \/ Canal 7 Not\u00edcias<\/strong><\/p>\n<p><em>Copyright 2024 Sunbeam Television Corp. Todos os direitos reservados. Este material n\u00e3o pode ser publicado, transmitido, reescrito ou redistribu\u00eddo.<\/em><\/p>\n<div class=\"wp-block-newsletter\">\n\t<strong class=\"wp-block-newsletter__title\">Inscreva-se em nossa Newsletter para receber as \u00faltimas not\u00edcias diretamente na sua caixa de entrada<\/strong><\/p>\n<\/div><\/div>\n<p><br \/>\n<br \/><a href=\"https:\/\/wsvn.com\/weather-blog\/heat-advisory-and-mainly-dry\/\">Source link <\/a><\/p>","protected":false},"excerpt":{"rendered":"<p>Feliz sexta-feira, sul da Fl\u00f3rida! Espero que todos tenham conseguido aproveitar o primeiro dia quase seco que o sul da Fl\u00f3rida teve em algum tempo. Isso basicamente resume nossa quinta-feira&hellip;<\/p>","protected":false},"author":1,"featured_media":32750,"comment_status":"closed","ping_status":"open","sticky":false,"template":"","format":"standard","meta":{"content-type":"","footnotes":""},"categories":[1],"tags":[],"class_list":["post-32749","post","type-post","status-publish","format-standard","has-post-thumbnail","hentry","category-uncategorized"],"_links":{"self":[{"href":"https:\/\/tvbrazilusa.com\/pt\/wp-json\/wp\/v2\/posts\/32749","targetHints":{"allow":["GET"]}}],"collection":[{"href":"https:\/\/tvbrazilusa.com\/pt\/wp-json\/wp\/v2\/posts"}],"about":[{"href":"https:\/\/tvbrazilusa.com\/pt\/wp-json\/wp\/v2\/types\/post"}],"author":[{"embeddable":true,"href":"https:\/\/tvbrazilusa.com\/pt\/wp-json\/wp\/v2\/users\/1"}],"replies":[{"embeddable":true,"href":"https:\/\/tvbrazilusa.com\/pt\/wp-json\/wp\/v2\/comments?post=32749"}],"version-history":[{"count":1,"href":"https:\/\/tvbrazilusa.com\/pt\/wp-json\/wp\/v2\/posts\/32749\/revisions"}],"predecessor-version":[{"id":32751,"href":"https:\/\/tvbrazilusa.com\/pt\/wp-json\/wp\/v2\/posts\/32749\/revisions\/32751"}],"wp:featuredmedia":[{"embeddable":true,"href":"https:\/\/tvbrazilusa.com\/pt\/wp-json\/wp\/v2\/media\/32750"}],"wp:attachment":[{"href":"https:\/\/tvbrazilusa.com\/pt\/wp-json\/wp\/v2\/media?parent=32749"}],"wp:term":[{"taxonomy":"category","embeddable":true,"href":"https:\/\/tvbrazilusa.com\/pt\/wp-json\/wp\/v2\/categories?post=32749"},{"taxonomy":"post_tag","embeddable":true,"href":"https:\/\/tvbrazilusa.com\/pt\/wp-json\/wp\/v2\/tags?post=32749"}],"curies":[{"name":"wp","href":"https:\/\/api.w.org\/{rel}","templated":true}]}}