{"id":32761,"date":"2024-09-06T12:16:16","date_gmt":"2024-09-06T12:16:16","guid":{"rendered":"https:\/\/tvbrazilusa.com\/2024\/09\/06\/suspensao-de-rede-social-impede-brasileiros-de-receberem-mensagens-do-papa\/"},"modified":"2024-09-06T12:20:15","modified_gmt":"2024-09-06T12:20:15","slug":"suspensao-de-rede-social-impede-brasileiros-de-receberem-mensagens-do-papa","status":"publish","type":"post","link":"https:\/\/tvbrazilusa.com\/pt\/2024\/09\/06\/suspensao-de-rede-social-impede-brasileiros-de-receberem-mensagens-do-papa\/","title":{"rendered":"Suspens\u00e3o de rede social impede brasileiros de receberem mensagens do Papa"},"content":{"rendered":"<p> <script async src=\"https:\/\/pagead2.googlesyndication.com\/pagead\/js\/adsbygoogle.js?client=ca-pub-8864793242727901\"\r\n     crossorigin=\"anonymous\"><\/script><br \/>\n<\/p>\n<div>\n<p><em><sub>Cr\u00e9ditos: depositphotos.com \/ neneosan<\/sub><\/em><\/p>\n<p>Desde que o Supremo Tribunal Federal (STF) determinou a suspens\u00e3o da rede social X no Brasil, o impacto tem sido sentido de v\u00e1rias formas. Maior pa\u00eds cat\u00f3lico do mundo, o Brasil v\u00ea seus fi\u00e9is privados de uma importante fonte de comunica\u00e7\u00e3o: as mensagens do Papa Francisco. Esta semana, o senador Sergio Moro (Uni\u00e3o Brasil-PR) trouxe este fato \u00e0 tona.<\/p>\n<p>\u201cO Papa Francisco usa o X para se comunicar com os fi\u00e9is. Aqui no Brasil, os brasileiros est\u00e3o proibidos de receber suas mensagens\u201d, destacou Moro em sua rede social. Como muitos, o senador recorre a servi\u00e7os de VPN para contornar o bloqueio e acessar a rede social, o que, conforme decretado, pode gerar multas significativas.<\/p>\n<h2 class=\"wp-block-heading\">Impacto da suspens\u00e3o da rede social X<\/h2>\n<p>A decis\u00e3o de Alexandre de Moraes, ministro do STF, que estabeleceu uma multa de 50 mil reais di\u00e1rios por uso de VPN para acessar a rede social X, foi reafirmada pela Primeira Turma do STF. Isso elevou as preocupa\u00e7\u00f5es quanto \u00e0 liberdade de comunica\u00e7\u00e3o, sobretudo relativas \u00e0s mensagens do Papa Francisco.<\/p>\n<p>Durante o segundo dia de bloqueio, em 1\u00ba de setembro, o Papa ainda conseguiu enviar mensagens de apoio ao Brasil. A trag\u00e9dia no Santu\u00e1rio do Morro da Concei\u00e7\u00e3o, em Recife, que resultou em mortes e feridos, foi alvo de suas ora\u00e7\u00f5es. A suspens\u00e3o, no entanto, tem dificultado o acesso a tais mensagens para os cat\u00f3licos brasileiros.<\/p>\n<h2 class=\"wp-block-heading\">Qual a extens\u00e3o dessa proibi\u00e7\u00e3o para os cat\u00f3licos?<\/h2>\n<p>O Papa Francisco tamb\u00e9m comentava conflitos globais na mesma data. Ele discutiu as crises em Gaza e Ucr\u00e2nia, com mensagens que refor\u00e7am a paz e a solidariedade:<\/p>\n<ul class=\"wp-block-list\">\n<li>Na Palestina e em Israel, ele pediu por paz, dando relev\u00e2ncia \u00e0 conviv\u00eancia de diferentes religi\u00f5es em Jerusal\u00e9m.<\/li>\n<li>Referindo-se \u00e0 Ucr\u00e2nia, afirmou sua solidariedade com o povo sofrido pelos constantes ataques \u00e0s infraestruturas energ\u00e9ticas.<\/li>\n<\/ul>\n<p>Essas palavras de consolo e esperan\u00e7a ficaram ofuscadas pelo bloqueio da rede social X no Brasil, prejudicando milh\u00f5es de cat\u00f3licos que seguem de perto os ensinamentos do Papa Francisco.<\/p>\n<h2 class=\"wp-block-heading\">O que esperar da decis\u00e3o do ministro Nunes Marques?<\/h2>\n<p>O ministro Kassio Nunes Marques, em suas recentes delibera\u00e7\u00f5es, indicou que pretende levar o caso da suspens\u00e3o da rede social ao plen\u00e1rio do STF, solicitando pareceres de \u00f3rg\u00e3os relevantes. A d\u00favida que permanece \u00e9 como ser\u00e1 feito esse julgamento, se em ambiente virtual ou presencial.<\/p>\n<p>Espera-se que o julgamento em plen\u00e1rio possa receber maior escrut\u00ednio p\u00fablico, dado que os julgamentos s\u00e3o transmitidos pela TV Justi\u00e7a. Marques destaca a import\u00e2ncia do tema, tratando-o como de alta repercuss\u00e3o para a ordem p\u00fablica e social, justificando assim sua convoca\u00e7\u00e3o ao plen\u00e1rio.<\/p>\n<p>Se o caso for levado ao plen\u00e1rio, a decis\u00e3o final ser\u00e1 moldada pela vis\u00e3o coletiva dos ministros, reduzindo a possibilidade de uma decis\u00e3o unilateral. At\u00e9 o momento, a expectativa \u00e9 que a maioria dos ministros mantenha a suspens\u00e3o da rede social X.<\/p>\n<p>Portanto, enquanto a situa\u00e7\u00e3o n\u00e3o se estabiliza, milh\u00f5es de brasileiros permanecer\u00e3o desconectados das mensagens que o Papa Francisco envia atrav\u00e9s da rede social X, gerando um vazio na comunica\u00e7\u00e3o religiosa de muitas pessoas.<\/p>\n<\/p><\/div>\n<p><br \/>\n<br \/><a href=\"https:\/\/terrabrasilnoticias.com\/2024\/09\/suspensao-de-rede-social-impede-brasileiros-de-receberem-mensagens-do-papa\/\">Source link <\/a><\/p>","protected":false},"excerpt":{"rendered":"<p>Cr\u00e9ditos: depositphotos.com \/ neneosan Desde que o Supremo Tribunal Federal (STF) determinou a suspens\u00e3o da rede social X no Brasil, o impacto tem sido sentido de v\u00e1rias formas. Maior pa\u00eds&hellip;<\/p>","protected":false},"author":1,"featured_media":32762,"comment_status":"closed","ping_status":"open","sticky":false,"template":"","format":"standard","meta":{"content-type":"","footnotes":""},"categories":[16],"tags":[],"class_list":["post-32761","post","type-post","status-publish","format-standard","has-post-thumbnail","hentry","category-noticias"],"_links":{"self":[{"href":"https:\/\/tvbrazilusa.com\/pt\/wp-json\/wp\/v2\/posts\/32761","targetHints":{"allow":["GET"]}}],"collection":[{"href":"https:\/\/tvbrazilusa.com\/pt\/wp-json\/wp\/v2\/posts"}],"about":[{"href":"https:\/\/tvbrazilusa.com\/pt\/wp-json\/wp\/v2\/types\/post"}],"author":[{"embeddable":true,"href":"https:\/\/tvbrazilusa.com\/pt\/wp-json\/wp\/v2\/users\/1"}],"replies":[{"embeddable":true,"href":"https:\/\/tvbrazilusa.com\/pt\/wp-json\/wp\/v2\/comments?post=32761"}],"version-history":[{"count":1,"href":"https:\/\/tvbrazilusa.com\/pt\/wp-json\/wp\/v2\/posts\/32761\/revisions"}],"predecessor-version":[{"id":32763,"href":"https:\/\/tvbrazilusa.com\/pt\/wp-json\/wp\/v2\/posts\/32761\/revisions\/32763"}],"wp:featuredmedia":[{"embeddable":true,"href":"https:\/\/tvbrazilusa.com\/pt\/wp-json\/wp\/v2\/media\/32762"}],"wp:attachment":[{"href":"https:\/\/tvbrazilusa.com\/pt\/wp-json\/wp\/v2\/media?parent=32761"}],"wp:term":[{"taxonomy":"category","embeddable":true,"href":"https:\/\/tvbrazilusa.com\/pt\/wp-json\/wp\/v2\/categories?post=32761"},{"taxonomy":"post_tag","embeddable":true,"href":"https:\/\/tvbrazilusa.com\/pt\/wp-json\/wp\/v2\/tags?post=32761"}],"curies":[{"name":"wp","href":"https:\/\/api.w.org\/{rel}","templated":true}]}}