{"id":32764,"date":"2024-09-06T12:23:08","date_gmt":"2024-09-06T12:23:08","guid":{"rendered":"https:\/\/tvbrazilusa.com\/2024\/09\/06\/suspeito-de-sequestro-de-carro-e-sequestrador-armado-e-preso-em-daytona-wsvn-7news-noticias-de-miami-clima-esportes-fort-lauderdale\/"},"modified":"2024-09-06T12:24:46","modified_gmt":"2024-09-06T12:24:46","slug":"suspeito-de-sequestro-de-carro-e-sequestrador-armado-e-preso-em-daytona-wsvn-7news-noticias-de-miami-clima-esportes-fort-lauderdale","status":"publish","type":"post","link":"https:\/\/tvbrazilusa.com\/pt\/2024\/09\/06\/suspeito-de-sequestro-de-carro-e-sequestrador-armado-e-preso-em-daytona-wsvn-7news-noticias-de-miami-clima-esportes-fort-lauderdale\/","title":{"rendered":"Suspeito de sequestro de carro e sequestrador armado \u00e9 preso em Daytona &#8211; WSVN 7News | Not\u00edcias de Miami, Clima, Esportes | Fort Lauderdale"},"content":{"rendered":"<p> <script async src=\"https:\/\/pagead2.googlesyndication.com\/pagead\/js\/adsbygoogle.js?client=ca-pub-8864793242727901\"\r\n     crossorigin=\"anonymous\"><\/script><br \/>\n<\/p>\n<div itemprop=\"articleBody\">\n<p>Policiais prenderam um suspeito de roubo de carro e sequestro em Daytona Beach no \u00faltimo domingo.<\/p>\n<p>A pol\u00edcia disse que avistou o carro da v\u00edtima e tentou par\u00e1-lo, mas foi ent\u00e3o que o suspeito saiu do carro e bateu em um Wawa.<\/p>\n<p>Ele foi preso e agora enfrenta diversas acusa\u00e7\u00f5es. <\/p>\n<p><em>Copyright 2024 Sunbeam Television Corp. Todos os direitos reservados. Este material n\u00e3o pode ser publicado, transmitido, reescrito ou redistribu\u00eddo.<\/em><\/p>\n<div class=\"wp-block-newsletter\">\n\t<strong class=\"wp-block-newsletter__title\">Inscreva-se em nossa Newsletter para receber as \u00faltimas not\u00edcias diretamente na sua caixa de entrada<\/strong><\/p>\n<\/div><\/div>\n<p><br \/>\n<br \/><a href=\"https:\/\/wsvn.com\/news\/local\/florida\/suspected-armed-carjacker-and-kidnapper-arrested-in-daytona\/\">Source link <\/a><\/p>","protected":false},"excerpt":{"rendered":"<p>Policiais prenderam um suspeito de roubo de carro e sequestro em Daytona Beach no \u00faltimo domingo. A pol\u00edcia disse que avistou o carro da v\u00edtima e tentou par\u00e1-lo, mas foi&hellip;<\/p>","protected":false},"author":1,"featured_media":32765,"comment_status":"closed","ping_status":"open","sticky":false,"template":"","format":"standard","meta":{"content-type":"","footnotes":""},"categories":[1],"tags":[],"class_list":["post-32764","post","type-post","status-publish","format-standard","has-post-thumbnail","hentry","category-uncategorized"],"_links":{"self":[{"href":"https:\/\/tvbrazilusa.com\/pt\/wp-json\/wp\/v2\/posts\/32764","targetHints":{"allow":["GET"]}}],"collection":[{"href":"https:\/\/tvbrazilusa.com\/pt\/wp-json\/wp\/v2\/posts"}],"about":[{"href":"https:\/\/tvbrazilusa.com\/pt\/wp-json\/wp\/v2\/types\/post"}],"author":[{"embeddable":true,"href":"https:\/\/tvbrazilusa.com\/pt\/wp-json\/wp\/v2\/users\/1"}],"replies":[{"embeddable":true,"href":"https:\/\/tvbrazilusa.com\/pt\/wp-json\/wp\/v2\/comments?post=32764"}],"version-history":[{"count":1,"href":"https:\/\/tvbrazilusa.com\/pt\/wp-json\/wp\/v2\/posts\/32764\/revisions"}],"predecessor-version":[{"id":32766,"href":"https:\/\/tvbrazilusa.com\/pt\/wp-json\/wp\/v2\/posts\/32764\/revisions\/32766"}],"wp:featuredmedia":[{"embeddable":true,"href":"https:\/\/tvbrazilusa.com\/pt\/wp-json\/wp\/v2\/media\/32765"}],"wp:attachment":[{"href":"https:\/\/tvbrazilusa.com\/pt\/wp-json\/wp\/v2\/media?parent=32764"}],"wp:term":[{"taxonomy":"category","embeddable":true,"href":"https:\/\/tvbrazilusa.com\/pt\/wp-json\/wp\/v2\/categories?post=32764"},{"taxonomy":"post_tag","embeddable":true,"href":"https:\/\/tvbrazilusa.com\/pt\/wp-json\/wp\/v2\/tags?post=32764"}],"curies":[{"name":"wp","href":"https:\/\/api.w.org\/{rel}","templated":true}]}}