{"id":32767,"date":"2024-09-06T12:14:18","date_gmt":"2024-09-06T12:14:18","guid":{"rendered":"https:\/\/tvbrazilusa.com\/2024\/09\/06\/time-que-sedia-jogo-da-nfl-no-brasil-rejeita-verde-dos-packers-e-eagles-por-rivalidade-no-futebol\/"},"modified":"2024-09-06T12:25:46","modified_gmt":"2024-09-06T12:25:46","slug":"time-que-sedia-jogo-da-nfl-no-brasil-rejeita-verde-dos-packers-e-eagles-por-rivalidade-no-futebol","status":"publish","type":"post","link":"https:\/\/tvbrazilusa.com\/pt\/2024\/09\/06\/time-que-sedia-jogo-da-nfl-no-brasil-rejeita-verde-dos-packers-e-eagles-por-rivalidade-no-futebol\/","title":{"rendered":"Time que sedia jogo da NFL no Brasil rejeita verde dos Packers e Eagles por rivalidade no futebol"},"content":{"rendered":"<p> <script async src=\"https:\/\/pagead2.googlesyndication.com\/pagead\/js\/adsbygoogle.js?client=ca-pub-8864793242727901\"\r\n     crossorigin=\"anonymous\"><\/script><br \/>\n<\/p>\n<div id=\"\">\n<header class=\"m-article-header m-article-header--standard\">\n\t\t\t\t\t\t\t\t\t\t\t\t<span id=\"article-header-primary-term\"><br \/>\n\t\t\t\t\t\t\t\t<a class=\"a-term a-term--primary\" href=\"https:\/\/www.boston.com\/tag\/sports-news\/\"><\/p>\n<p>\t\t\t\t\t\t\t\tNot\u00edcias esportivas\t\t\t\t\t\t\t\t<\/a><br \/>\n\t\t\t\t\t\t\t<\/span><\/p>\n<h2 class=\"m-article-header__sub-headline\">O verde \u00e9 uma cor proibida desde a d\u00e9cada de 1970 por causa de uma antiga rivalidade entre o Corinthians e o Palmeiras.<\/h2>\n<figure class=\"a-photo m-article-header__photo\"><figcaption class=\"a-photo__caption\">\n<p>\tO Corinthians enfrenta o Flamengo em uma partida do Campeonato Brasileiro de Futebol na Arena Neo Qu\u00edmica, que deve sediar um jogo da NFL na semana seguinte.<em> AP Photo \/ Andre Penner<\/em>\t<\/figcaption><\/figure>\n<div class=\"m-article-header__meta\">\n<div class=\"m-article-header__byline\">\n<p class=\"m-article-header__author\">\n<p>\t\t\t\t\t\t\t\tPor MAURICIO SAVARESE, Associated Press\t\t\t\t\t\t\t<\/p>\n<p>\t\t\t\t\t\t    \t\t\t\t\t\t\t<time class=\"m-article-header__date\"><\/p>\n<p>        \t\t\t\t\t\t\t6 de setembro de 2024 | 8h14    \t\t\t\t\t\t\t<\/time><\/p><\/div>\n<\/p><\/div>\n<\/header>\n<p>S\u00c3O PAULO (AP) \u2014 O clube de futebol brasileiro Corinthians, o time que est\u00e1 entregando seu est\u00e1dio pela primeira <a href=\"https:\/\/www.boston.com\/tag\/nfl\/\">NFL<\/a> jogo a ser disputado na Am\u00e9rica do Sul, n\u00e3o gosta de nada verde, tanto que seus executivos tentaram pintar o campo de preto h\u00e1 cerca de uma d\u00e9cada.<\/p>\n<p>Os jogadores podem ser multados se forem flagrados usando roupas ou cal\u00e7ados daquela cor, e os patrocinadores precisam se adaptar se quiserem ser associados a um clube que tem mais de 35 milh\u00f5es de f\u00e3s.<\/p>\n<p>Tudo isso \u00e9 feito para afastar os torcedores do Corinthians de qualquer refer\u00eancia ao rival local, o Palmeiras, time com o qual eles t\u00eam rivalizado h\u00e1 mais de um s\u00e9culo.<\/p>\n<p>Na sexta-feira, por\u00e9m, a Neoqu\u00edmica Arena estar\u00e1 inundada de verde quando o Green Bay Packers e o Philadelphia Eagles jogarem a segunda partida da temporada da NFL em S\u00e3o Paulo.<\/p>\n<p>Os Eagles s\u00e3o o time anfitri\u00e3o designado. Em uma tentativa de atrair alguns f\u00e3s brasileiros para o seu lado, eles usar\u00e3o capacetes pretos, camisas brancas e cal\u00e7as pretas \u2014 as cores do Corinthians.<\/p>\n<p>Um representante do Corinthians disse \u00e0 Associated Press no domingo que a mudan\u00e7a ocorreu ap\u00f3s um pedido do presidente, que alegou que o verde s\u00f3 era permitido para times visitantes. A pessoa falou sob condi\u00e7\u00e3o de anonimato porque n\u00e3o estava autorizada a discutir o assunto publicamente.<\/p>\n<p>Os Packers jogar\u00e3o com seu tradicional uniforme branco, amarelo e verde \u2014 semelhante \u00e0s cores da bandeira nacional do Brasil.<\/p>\n<p>Mais cedo nesta quinta-feira, os Packers cometeram uma gafe ao dar ao goleiro do Corinthians, Hugo Souza, uma camisa verde dos Packers com o nome do clube brasileiro nas costas, o que irritou muitos de seus f\u00e3s nas redes sociais.<\/p>\n<p>Muitos torcedores do Palmeiras que estar\u00e3o entre os 42.000 espectadores esperados no jogo disseram em seus canais de m\u00eddia social que usar\u00e3o verde n\u00e3o importa o que aconte\u00e7a, com muitos deles torcendo pelos Packers depois que os Eagles decidiram evitar suas cores habituais.<\/p>\n<p>\u201cCorinthians e Palmeiras s\u00e3o galhos da mesma \u00e1rvore. A rivalidade entre eles existe desde antes de se enfrentarem pela primeira vez em 1917 e o Palmeiras ainda se chamava Palestra It\u00e1lia\u201d, disse Celso Unzelte, que escreveu ou coescreveu 24 livros sobre futebol. \u201cO Corinthians foi fundado em 1910 e o Palestra It\u00e1lia surgiu quatro anos depois, ap\u00f3s reunir jogadores de origem italiana de v\u00e1rios outros clubes de S\u00e3o Paulo. Um deles era um grande corintiano, Bianco Gambini. Ele se tornou um grande do Palestra It\u00e1lia tamb\u00e9m, e realmente azedou o relacionamento.\u201d<\/p>\n<p>Desde que Gambini se juntou ao Palmeiras, a rivalidade entre os dois gigantes do futebol paulista s\u00f3 cresceu, pois eles frequentemente jogavam um contra o outro por trof\u00e9us. A animosidade entre eles atingiu um novo pico em 1969, ap\u00f3s um acidente de carro que matou dois jogadores do Corinthians, o zagueiro Lidu, de 22 anos, e o atacante Eduardo, de 24 anos.<\/p>\n<p>O campeonato estadual de S\u00e3o Paulo estava em andamento, e o Corinthians queria trazer dois novos jogadores para substituir as v\u00edtimas. Todos os outros clubes concordaram, exceto um.<\/p>\n<p>\u201cEu n\u00e3o falo o nome daquele clube e n\u00e3o visto verde desde aquela \u00e9poca\u201d, disse Renato Messina, 75 anos, jornalista e ex-jogador da base do Corinthians. \u201cFoi dif\u00edcil para meu pai porque ele torcia para aquele outro clube. Sempre que ele estava vestindo a camisa deles, eu n\u00e3o chegava nem perto dele. Nunca esqueci como eles se recusaram a ser bons esportistas naquele caso. Eu n\u00e3o poderia me importar menos com futebol, mas vou assistir s\u00f3 para torcer contra quem estiver vestindo verde.\u201d<\/p>\n<p>Verde \u00e9 uma cor proibida onde quer que o Corinthians jogue desde os anos 1970. Naquela \u00e9poca, era comum ouvir c\u00e2nticos de \u201ctira isso\u201d sempre que um torcedor desavisado aparecia nas arquibancadas usando qualquer roupa daquela cor. A tradi\u00e7\u00e3o est\u00e1 t\u00e3o arraigada na cultura do clube que as \u00fanicas pessoas vestindo verde durante as partidas na Neoqu\u00edmica Arena s\u00e3o jogadores visitantes e torcedores.<\/p>\n<p>A rejei\u00e7\u00e3o ao verde se tornou ainda mais proeminente no Corinthians nos \u00faltimos anos, j\u00e1 que o clube tem lutado financeiramente e assistido ao Palmeiras ganhar t\u00edtulos importantes. Os dois estavam em pap\u00e9is opostos uma d\u00e9cada atr\u00e1s, mas mesmo assim, a pol\u00edtica de n\u00e3o verde ainda estava em vigor.<\/p>\n<p>Em dezembro de 2012, poucos dias ap\u00f3s o Palmeiras ser rebaixado para a segunda divis\u00e3o, o ent\u00e3o campe\u00e3o sul-americano Corinthians jogaria contra o clube ingl\u00eas Chelsea na final do Mundial de Clubes no Jap\u00e3o. O time brasileiro n\u00e3o aceitou os coletes verdes de aquecimento oferecidos pelos organizadores do torneio. Eventualmente, o Corinthians usou os vermelhos inicialmente dados ao Chelsea. Os brasileiros venceram por 1 a 0.<\/p>\n<p>Claudia Luane foi uma dessas torcedoras que viajou para T\u00f3quio h\u00e1 12 anos. Ela tem assistido regularmente aos jogos do Corinthians nas \u00faltimas duas d\u00e9cadas. Ela viaja com o time quando pode, evita usar verde na maior parte do tempo e torce contra o Palmeiras \u201cem todos os esportes poss\u00edveis\u201d. Mas ela n\u00e3o vai torcer contra o Packers \u2014 o \u00fanico time de propriedade da comunidade na NFL.<\/p>\n<p>\u201cGosto de como eles t\u00eam muitas pessoas comuns comandando um time de futebol. Os Packers parecem ser um time de pessoas. N\u00f3s tamb\u00e9m somos. Isso \u00e9 mais importante do que as cores que eles vestem\u201d, disse Luane, de 43 anos, todo vestido de preto, antes da vit\u00f3ria do Corinthians por 2 a 1 sobre o Flamengo no domingo em uma partida do campeonato brasileiro. \u201cEstamos lutando contra o rebaixamento este ano e nosso rival est\u00e1 mais uma vez lutando pelo t\u00edtulo. Mas v\u00ea toda essa multid\u00e3o? Est\u00e1dio lotado de novo. Tenho certeza de que os Packers t\u00eam a mesma vibe.\u201d<\/p>\n<p>Mesmo que usem verde.<\/p>\n<div class=\"m-block m-generic-cta\t m-generic-cta--post-content\t m-generic-cta--dark\t m-generic-cta--homepage\t m-generic-cta--email-signup\t\t m-generic-cta-block-style--default \tt-amp__generic-cta\"><\/p>\n<div class=\"m-generic-cta__wrap\">\n<div class=\"m-generic-cta__content\">\n<h3 class=\"m-generic-cta__title\">Receba as \u00faltimas not\u00edcias esportivas de Boston<\/h3>\n<p class=\"m-generic-cta__subtitle\">Receba atualiza\u00e7\u00f5es sobre seus times favoritos de Boston, diretamente da nossa reda\u00e7\u00e3o para sua caixa de entrada.<\/p>\n<\/p><\/div>\n<\/p><\/div>\n<\/div><\/div>\n<p><script>\n\t\tvar consent=\"grant\";\n\t\t\/* The above code is parsing the JSON data from the local storage and storing it in a variable. *\/\n\t\t\t\t\tconst onetrustStorageConsent = JSON.parse(localStorage.getItem( 'consent_one_trust_bdc' ) );\n\t\t\tif ( ( onetrustStorageConsent !== null ) ) {\n\t\t\t\t\/* Checking to see if the user has consented to the use of cookies.\n\t\t\t\t* If they have not, it is deleting the cookie.\n\t\t\t\t* This will comment for now, until further notice.\n\t\t\t\t*\/\n\t\t\t\t\/\/if ( onetrustStorageConsent.C0002 === false ) {\n\t\t\t\t\/\/\tdocument.cookie=\"_fbp=;expires=Thu, 01 Jan 2010 00:00:00 UTC; path=\/; domain=.boston.com\";\n\t\t\t\t\/\/}\n\t\t\t\t\/* Checking if the user has given consent for the cookie C0002.\n\t\t\t\t* If the user has given consent, the variable consent will be set to 'grant'.\n\t\t\t\t* If the user has not given consent,the variable consent will be set to 'revoke'.\n\t\t\t\t* Documentation https:\/\/developers.facebook.com\/docs\/meta-pixel\/implementation\/gdpr\n\t\t\t\t*\/\n\t\t\t\tif ( onetrustStorageConsent.C0002 !== true ) {\n\t\t\t\t\tconsent=\"revoke\";\n\t\t\t\t}\n\t\t\t}\n\t\t\t\t!function(f,b,e,v,n,t,s)\n\t\t{if(f.fbq)return;n=f.fbq=function(){n.callMethod?\n\t\tn.callMethod.apply(n,arguments):n.queue.push(arguments)};\n\t\tif(!f._fbq)f._fbq=n;n.push=n;n.loaded=!0;n.version='2.0';\n\t\tn.queue=[];t=b.createElement(e);t.async=!0;\n\t\tt.src=v;s=b.getElementsByTagName(e)[0];\n\t\ts.parentNode.insertBefore(t,s)}(window, document,'script',\n\t\t'https:\/\/connect.facebook.net\/en_US\/fbevents.js');\n\t\tfbq('consent', consent);\n\t\tfbq('init', '989222871864976');\n\t\tfbq('track', 'PageView');\n\t<\/script><script type=\"module\">\n\t\tvar consent=\"grant\";\n\t\t\/* The above code is parsing the JSON data from the local storage and storing it in a variable. *\/\n\t\t\tconst onetrustStorageConsent = JSON.parse(localStorage.getItem( 'consent_one_trust_bdc' ) );\n\t\t\t\/* Checking to see if the user has consented to the use of cookies.\n\t\t\t* If they have not, it is deleting the cookie.\n\t\t\t* This will comment for now, until further notice.\n\t\t\t*\/\n\t\t\t\/\/if ( onetrustStorageConsent.C0002 === false ) {\n\t\t\t\/\/\tdocument.cookie=\"_fbp=;expires=Thu, 01 Jan 2010 00:00:00 UTC; path=\/; domain=.boston.com\";\n\t\t\t\/\/}\n\t\t\t\/* Checking if the user has given consent for the cookie C0002.\n\t\t\t* If the user has given consent, the variable consent will be set to 'grant'.\n\t\t\t* If the user has not given consent,the variable consent will be set to 'revoke'.\n\t\t\t* Documentation https:\/\/developers.facebook.com\/docs\/meta-pixel\/implementation\/gdpr\n\t\t\t*\/\n\t\t\tif ( ( onetrustStorageConsent !== null ) && (onetrustStorageConsent.C0002 !== true ) ) {\n\t\t\t\tconsent=\"revoke\";\n\t\t\t}\n\t\t\t\t!function(f,b,e,v,n,t,s){if(f.fbq)return;n=f.fbq=function()\n\t\t{n.callMethod? n.callMethod.apply(n,arguments):n.queue.push(arguments)}\n\t\t;if(!f._fbq)f._fbq=n;\n\t\tn.push=n;n.loaded=!0;n.version='2.0';n.queue=[];t=b.createElement(e);t.async=!0;\n\t\tt.src=v;s=b.getElementsByTagName(e)[0];s.parentNode.insertBefore(t,s)}(window,\n\t\tdocument,'script','https:\/\/connect.facebook.net\/en_US\/fbevents.js');\n\t\tfbq('consent', consent);\n\t\tfbq('init', '813236348753005');\n\t\tfbq('track', \"PageView\");\n\t<\/script><br \/>\n<br \/><br \/>\n<br \/><a href=\"https:\/\/www.boston.com\/sports\/sports-news\/2024\/09\/06\/nfl-in-brazil-team-rejects-packers-eagles-green-soccer-rivalry\/\">Source link <\/a><\/p>","protected":false},"excerpt":{"rendered":"<p>Not\u00edcias esportivas O verde \u00e9 uma cor proibida desde a d\u00e9cada de 1970 por causa de uma antiga rivalidade entre o Corinthians e o Palmeiras. O Corinthians enfrenta o Flamengo&hellip;<\/p>","protected":false},"author":1,"featured_media":32768,"comment_status":"closed","ping_status":"open","sticky":false,"template":"","format":"standard","meta":{"content-type":"","footnotes":""},"categories":[1],"tags":[],"class_list":["post-32767","post","type-post","status-publish","format-standard","has-post-thumbnail","hentry","category-uncategorized"],"_links":{"self":[{"href":"https:\/\/tvbrazilusa.com\/pt\/wp-json\/wp\/v2\/posts\/32767","targetHints":{"allow":["GET"]}}],"collection":[{"href":"https:\/\/tvbrazilusa.com\/pt\/wp-json\/wp\/v2\/posts"}],"about":[{"href":"https:\/\/tvbrazilusa.com\/pt\/wp-json\/wp\/v2\/types\/post"}],"author":[{"embeddable":true,"href":"https:\/\/tvbrazilusa.com\/pt\/wp-json\/wp\/v2\/users\/1"}],"replies":[{"embeddable":true,"href":"https:\/\/tvbrazilusa.com\/pt\/wp-json\/wp\/v2\/comments?post=32767"}],"version-history":[{"count":1,"href":"https:\/\/tvbrazilusa.com\/pt\/wp-json\/wp\/v2\/posts\/32767\/revisions"}],"predecessor-version":[{"id":32769,"href":"https:\/\/tvbrazilusa.com\/pt\/wp-json\/wp\/v2\/posts\/32767\/revisions\/32769"}],"wp:featuredmedia":[{"embeddable":true,"href":"https:\/\/tvbrazilusa.com\/pt\/wp-json\/wp\/v2\/media\/32768"}],"wp:attachment":[{"href":"https:\/\/tvbrazilusa.com\/pt\/wp-json\/wp\/v2\/media?parent=32767"}],"wp:term":[{"taxonomy":"category","embeddable":true,"href":"https:\/\/tvbrazilusa.com\/pt\/wp-json\/wp\/v2\/categories?post=32767"},{"taxonomy":"post_tag","embeddable":true,"href":"https:\/\/tvbrazilusa.com\/pt\/wp-json\/wp\/v2\/tags?post=32767"}],"curies":[{"name":"wp","href":"https:\/\/api.w.org\/{rel}","templated":true}]}}