{"id":32773,"date":"2024-09-06T12:25:06","date_gmt":"2024-09-06T12:25:06","guid":{"rendered":"https:\/\/tvbrazilusa.com\/2024\/09\/06\/funeral-de-john-e-matthew-gaudreau-agendado-para-igreja-no-suburbio-da-filadelfia\/"},"modified":"2024-09-06T12:39:09","modified_gmt":"2024-09-06T12:39:09","slug":"funeral-de-john-e-matthew-gaudreau-agendado-para-igreja-no-suburbio-da-filadelfia","status":"publish","type":"post","link":"https:\/\/tvbrazilusa.com\/pt\/2024\/09\/06\/funeral-de-john-e-matthew-gaudreau-agendado-para-igreja-no-suburbio-da-filadelfia\/","title":{"rendered":"Funeral de John e Matthew Gaudreau agendado para igreja no sub\u00farbio da Filad\u00e9lfia"},"content":{"rendered":"<p> <script async src=\"https:\/\/pagead2.googlesyndication.com\/pagead\/js\/adsbygoogle.js?client=ca-pub-8864793242727901\"\r\n     crossorigin=\"anonymous\"><\/script><br \/>\n<\/p>\n<div id=\"\">\n<header class=\"m-article-header m-article-header--standard\">\n\t\t\t\t\t\t\t\t\t\t\t\t<span id=\"article-header-primary-term\"><br \/>\n\t\t\t\t\t\t\t\t<a class=\"a-term a-term--primary\" href=\"https:\/\/www.boston.com\/tag\/sports-news\/\"><\/p>\n<p>\t\t\t\t\t\t\t\tNot\u00edcias esportivas\t\t\t\t\t\t\t\t<\/a><br \/>\n\t\t\t\t\t\t\t<\/span><\/p>\n<h2 class=\"m-article-header__sub-headline\">\u201cTodos n\u00f3s nos unimos e tentamos fazer o melhor que podemos para que isso aconte\u00e7a de alguma forma.\u201d<\/h2>\n<figure class=\"a-photo m-article-header__photo\"><figcaption class=\"a-photo__caption\">\n<p>\tUm memorial improvisado para Johnny e Matthew Gaudreau, que foram mortos por um suposto motorista b\u00eabado enquanto andavam de bicicleta em uma estrada rural em Oldmans Township, NJ<em> AP Photo \/ Matt Rourke<\/em>\t<\/figcaption><\/figure>\n<div class=\"m-article-header__meta\">\n<div class=\"m-article-header__byline\">\n<p class=\"m-article-header__author\">\n<p>\t\t\t\t\t\t\t\tPor STEPHEN WHYNO, Associated Press\t\t\t\t\t\t\t<\/p>\n<p>\t\t\t\t\t\t    \t\t\t\t\t\t\t<time class=\"m-article-header__date\"><\/p>\n<p>        \t\t\t\t\t\t\t6 de setembro de 2024 | 8h25    \t\t\t\t\t\t\t<\/time><\/p><\/div>\n<\/p><\/div>\n<\/header>\n<p>O funeral de John e Matthew Gaudreau foi marcado para segunda-feira em uma igreja no sub\u00farbio da Filad\u00e9lfia, enquanto o motorista acusado de mat\u00e1-los permanece na pris\u00e3o aguardando sua pr\u00f3xima audi\u00eancia no tribunal.<\/p>\n<p>O servi\u00e7o memorial para o <a href=\"https:\/\/www.boston.com\/sports\/sports-news\/2024\/08\/30\/nhl-bc-player-johnny-gaudreau-and-brother-have-died\/\">Irm\u00e3os Gaudreau<\/a> est\u00e1 programado para acontecer na Igreja Cat\u00f3lica St. Mary Magdalen em Media, Pensilv\u00e2nia. O <a href=\"https:\/\/www.boston.com\/tag\/nhl\/\">NHL<\/a>O Columbus Blue Jackets, time pelo qual John Gaudreau jogou e era conhecido no esporte como \u201cJohnny Hockey\u201d, disse que o time transmitir\u00e1 o servi\u00e7o em seu site.<\/p>\n<p>Os irm\u00e3os Gaudreau morreram na semana passada quando foram atropelados e mortos por um suposto motorista b\u00eabado enquanto andavam de bicicleta em seu estado natal, Nova Jersey, na v\u00e9spera do casamento de sua irm\u00e3 Katie. Sean M. Higgins compareceu virtualmente \u00e0 sua primeira audi\u00eancia pr\u00e9-julgamento na quinta-feira. O juiz adiou a audi\u00eancia para 13 de setembro para dar mais tempo aos advogados para se prepararem.<\/p>\n<p>Higgins, 43, est\u00e1 detido em uma pris\u00e3o do Condado de Salem. Ele \u00e9 acusado de duas acusa\u00e7\u00f5es de morte por autom\u00f3vel, juntamente com dire\u00e7\u00e3o imprudente, posse de um recipiente aberto e consumo de \u00e1lcool em um ve\u00edculo motorizado.<\/p>\n<p>Os advogados Matthew Portella e Richard Klineburger III disseram que Higgins os contratou para represent\u00e1-lo.<\/p>\n<p>\u201cEsta \u00e9 uma trag\u00e9dia que envolve muita emo\u00e7\u00e3o e impacta muitos indiv\u00edduos\u201d, eles disseram em uma declara\u00e7\u00e3o. \u201c\u00c9 muito cedo nos est\u00e1gios do processo legal para fazer qualquer declara\u00e7\u00e3o fora do tribunal.\u201d<\/p>\n<p>In\u00fameros membros da comunidade do h\u00f3quei, de Columbus a South Jersey, <a href=\"https:\/\/www.boston.com\/tag\/boston-college\/\">Faculdade de Boston<\/a>onde os Gaudreaus jogaram, devem se juntar \u00e0 fam\u00edlia e amigos para o funeral. O gerente geral do Blue Jackets, Don Waddell, disse que todo o time estaria l\u00e1, e o comiss\u00e1rio da NHL, Gary Bettman, tamb\u00e9m est\u00e1 planejando estar presente.<\/p>\n<p>O reverendo Eric J. Banecker, em uma carta aos pais, disse que a escola St. Mary Magdalen estaria fechada na segunda-feira por causa do culto.<\/p>\n<p>\u201cEste ser\u00e1 um funeral extraordinariamente grande para dois jovens, um dos quais era um jogador profissional de h\u00f3quei\u201d, escreveu Banecker na carta que foi publicada nas redes sociais. \u201cO fato \u00e9 que n\u00e3o podemos garantir um dia escolar seguro e uma dispensa dada a multid\u00e3o esperada. Pe\u00e7o que considerem este inconveniente um pequeno sacrif\u00edcio que ajudar\u00e1 a aliviar um pouco a dor dos pais, esposas, filhos, irm\u00e3os, parentes e amigos de John e Matthew.\u201d<\/p>\n<p>F\u00e3s e jogadores atuais e antigos prestaram homenagem a John e Matthew em <a href=\"https:\/\/www.boston.com\/sports\/sports-news\/2024\/09\/05\/blue-jackets-fans-players-remember-johnny-and-matthew-gaudreau-at-a-candlelight-vigil-in-columbus\/\">vig\u00edlias \u00e0 luz de velas<\/a> em Columbus, Ohio, e Calgary, Alberta, na quarta-feira \u00e0 noite. Houve uma lembran\u00e7a silenciosa de 13 minutos e 21 segundos do lado de fora da arena do centro da cidade dos Blue Jackets enquanto uma apresenta\u00e7\u00e3o de slides exibia fotos mostrando os irm\u00e3os desde a inf\u00e2ncia, passando pela adolesc\u00eancia e no h\u00f3quei universit\u00e1rio, os profissionais, casamentos, batizados e vidas cheias de alegria e amor.<\/p>\n<p>A multid\u00e3o do lado de fora da arena dos Flames em Calgary cresceu para milhares, com os f\u00e3s irrompendo em c\u00e2nticos de \u201cJohnny! Johnny!\u201d<\/p>\n<p>Lewis Gross, o agente de longa data dos irm\u00e3os, disse na quinta-feira que levou algum tempo para escrever sobre o que os 15 anos representando-os significaram para ele, incluindo se tornar parte da grande fam\u00edlia Gaudreau.<\/p>\n<p>\u201cEu nunca pensei que o mal viria como veio\u201d, escreveu Gross nas redes sociais. \u201cO h\u00f3quei pode ter acabado, mas meu compromisso com John e Matt durar\u00e1 por toda a minha vida. Esses meninos me ensinaram muito. Eles me ensinaram o que a fam\u00edlia realmente significa.\u201d<\/p>\n<p>Os obitu\u00e1rios publicados na quinta-feira direcionaram contribui\u00e7\u00f5es para a Funda\u00e7\u00e3o John &#038; Matthew Gaudreau, aos cuidados de Gross na Sports Professional Management em Englewood Cliffs, Nova Jersey.<\/p>\n<p>O diretor executivo da USA Hockey, Pat Kelleher, abriu os coment\u00e1rios sobre a classe de 2024 do US Hockey Hall of Fame com pensamentos e ora\u00e7\u00f5es cont\u00ednuos pela fam\u00edlia Gaudreau. Kevin Stevens, um dos indicados, jogou na BC tr\u00eas d\u00e9cadas antes de John e Matthew.<\/p>\n<p>\u201cA \u00faltima semana foi horr\u00edvel\u201d, disse Stevens. \u201c\u00c9 simplesmente de cortar o cora\u00e7\u00e3o. \u00c9 inimagin\u00e1vel \u2014 algo com o qual voc\u00ea nunca quer ter que tentar lidar. Todos n\u00f3s nos unimos e tentamos fazer o melhor que podemos para fazer isso passar de alguma forma.\u201d<\/p>\n<div class=\"m-block m-generic-cta\t m-generic-cta--post-content\t m-generic-cta--dark\t m-generic-cta--homepage\t m-generic-cta--email-signup\t\t m-generic-cta-block-style--default \tt-amp__generic-cta\"><\/p>\n<div class=\"m-generic-cta__wrap\">\n<div class=\"m-generic-cta__content\">\n<h3 class=\"m-generic-cta__title\">Receba as \u00faltimas not\u00edcias esportivas de Boston<\/h3>\n<p class=\"m-generic-cta__subtitle\">Receba atualiza\u00e7\u00f5es sobre seus times favoritos de Boston, diretamente da nossa reda\u00e7\u00e3o para sua caixa de entrada.<\/p>\n<\/p><\/div>\n<\/p><\/div>\n<\/div><\/div>\n<p><script>\n\t\tvar consent=\"grant\";\n\t\t\/* The above code is parsing the JSON data from the local storage and storing it in a variable. *\/\n\t\t\t\t\tconst onetrustStorageConsent = JSON.parse(localStorage.getItem( 'consent_one_trust_bdc' ) );\n\t\t\tif ( ( onetrustStorageConsent !== null ) ) {\n\t\t\t\t\/* Checking to see if the user has consented to the use of cookies.\n\t\t\t\t* If they have not, it is deleting the cookie.\n\t\t\t\t* This will comment for now, until further notice.\n\t\t\t\t*\/\n\t\t\t\t\/\/if ( onetrustStorageConsent.C0002 === false ) {\n\t\t\t\t\/\/\tdocument.cookie=\"_fbp=;expires=Thu, 01 Jan 2010 00:00:00 UTC; path=\/; domain=.boston.com\";\n\t\t\t\t\/\/}\n\t\t\t\t\/* Checking if the user has given consent for the cookie C0002.\n\t\t\t\t* If the user has given consent, the variable consent will be set to 'grant'.\n\t\t\t\t* If the user has not given consent,the variable consent will be set to 'revoke'.\n\t\t\t\t* Documentation https:\/\/developers.facebook.com\/docs\/meta-pixel\/implementation\/gdpr\n\t\t\t\t*\/\n\t\t\t\tif ( onetrustStorageConsent.C0002 !== true ) {\n\t\t\t\t\tconsent=\"revoke\";\n\t\t\t\t}\n\t\t\t}\n\t\t\t\t!function(f,b,e,v,n,t,s)\n\t\t{if(f.fbq)return;n=f.fbq=function(){n.callMethod?\n\t\tn.callMethod.apply(n,arguments):n.queue.push(arguments)};\n\t\tif(!f._fbq)f._fbq=n;n.push=n;n.loaded=!0;n.version='2.0';\n\t\tn.queue=[];t=b.createElement(e);t.async=!0;\n\t\tt.src=v;s=b.getElementsByTagName(e)[0];\n\t\ts.parentNode.insertBefore(t,s)}(window, document,'script',\n\t\t'https:\/\/connect.facebook.net\/en_US\/fbevents.js');\n\t\tfbq('consent', consent);\n\t\tfbq('init', '989222871864976');\n\t\tfbq('track', 'PageView');\n\t<\/script><script type=\"module\">\n\t\tvar consent=\"grant\";\n\t\t\/* The above code is parsing the JSON data from the local storage and storing it in a variable. *\/\n\t\t\tconst onetrustStorageConsent = JSON.parse(localStorage.getItem( 'consent_one_trust_bdc' ) );\n\t\t\t\/* Checking to see if the user has consented to the use of cookies.\n\t\t\t* If they have not, it is deleting the cookie.\n\t\t\t* This will comment for now, until further notice.\n\t\t\t*\/\n\t\t\t\/\/if ( onetrustStorageConsent.C0002 === false ) {\n\t\t\t\/\/\tdocument.cookie=\"_fbp=;expires=Thu, 01 Jan 2010 00:00:00 UTC; path=\/; domain=.boston.com\";\n\t\t\t\/\/}\n\t\t\t\/* Checking if the user has given consent for the cookie C0002.\n\t\t\t* If the user has given consent, the variable consent will be set to 'grant'.\n\t\t\t* If the user has not given consent,the variable consent will be set to 'revoke'.\n\t\t\t* Documentation https:\/\/developers.facebook.com\/docs\/meta-pixel\/implementation\/gdpr\n\t\t\t*\/\n\t\t\tif ( ( onetrustStorageConsent !== null ) && (onetrustStorageConsent.C0002 !== true ) ) {\n\t\t\t\tconsent=\"revoke\";\n\t\t\t}\n\t\t\t\t!function(f,b,e,v,n,t,s){if(f.fbq)return;n=f.fbq=function()\n\t\t{n.callMethod? n.callMethod.apply(n,arguments):n.queue.push(arguments)}\n\t\t;if(!f._fbq)f._fbq=n;\n\t\tn.push=n;n.loaded=!0;n.version='2.0';n.queue=[];t=b.createElement(e);t.async=!0;\n\t\tt.src=v;s=b.getElementsByTagName(e)[0];s.parentNode.insertBefore(t,s)}(window,\n\t\tdocument,'script','https:\/\/connect.facebook.net\/en_US\/fbevents.js');\n\t\tfbq('consent', consent);\n\t\tfbq('init', '813236348753005');\n\t\tfbq('track', \"PageView\");\n\t<\/script><br \/>\n<br \/><br \/>\n<br \/><a href=\"https:\/\/www.boston.com\/sports\/sports-news\/2024\/09\/06\/john-matthew-gaudreau-funeral-scheduled\/\">Source link <\/a><\/p>","protected":false},"excerpt":{"rendered":"<p>Not\u00edcias esportivas \u201cTodos n\u00f3s nos unimos e tentamos fazer o melhor que podemos para que isso aconte\u00e7a de alguma forma.\u201d Um memorial improvisado para Johnny e Matthew Gaudreau, que foram&hellip;<\/p>","protected":false},"author":1,"featured_media":32774,"comment_status":"closed","ping_status":"open","sticky":false,"template":"","format":"standard","meta":{"content-type":"","footnotes":""},"categories":[1],"tags":[],"class_list":["post-32773","post","type-post","status-publish","format-standard","has-post-thumbnail","hentry","category-uncategorized"],"_links":{"self":[{"href":"https:\/\/tvbrazilusa.com\/pt\/wp-json\/wp\/v2\/posts\/32773","targetHints":{"allow":["GET"]}}],"collection":[{"href":"https:\/\/tvbrazilusa.com\/pt\/wp-json\/wp\/v2\/posts"}],"about":[{"href":"https:\/\/tvbrazilusa.com\/pt\/wp-json\/wp\/v2\/types\/post"}],"author":[{"embeddable":true,"href":"https:\/\/tvbrazilusa.com\/pt\/wp-json\/wp\/v2\/users\/1"}],"replies":[{"embeddable":true,"href":"https:\/\/tvbrazilusa.com\/pt\/wp-json\/wp\/v2\/comments?post=32773"}],"version-history":[{"count":1,"href":"https:\/\/tvbrazilusa.com\/pt\/wp-json\/wp\/v2\/posts\/32773\/revisions"}],"predecessor-version":[{"id":32775,"href":"https:\/\/tvbrazilusa.com\/pt\/wp-json\/wp\/v2\/posts\/32773\/revisions\/32775"}],"wp:featuredmedia":[{"embeddable":true,"href":"https:\/\/tvbrazilusa.com\/pt\/wp-json\/wp\/v2\/media\/32774"}],"wp:attachment":[{"href":"https:\/\/tvbrazilusa.com\/pt\/wp-json\/wp\/v2\/media?parent=32773"}],"wp:term":[{"taxonomy":"category","embeddable":true,"href":"https:\/\/tvbrazilusa.com\/pt\/wp-json\/wp\/v2\/categories?post=32773"},{"taxonomy":"post_tag","embeddable":true,"href":"https:\/\/tvbrazilusa.com\/pt\/wp-json\/wp\/v2\/tags?post=32773"}],"curies":[{"name":"wp","href":"https:\/\/api.w.org\/{rel}","templated":true}]}}