{"id":32779,"date":"2024-09-06T12:47:08","date_gmt":"2024-09-06T12:47:08","guid":{"rendered":"https:\/\/tvbrazilusa.com\/2024\/09\/06\/adolescente-acusado-de-tiroteio-mortal-em-escola-secundaria-da-georgia-comparece-ao-tribunal-para-audiencia-wsvn-7news-noticias-de-miami-clima-esportes-fort-lauderdale\/"},"modified":"2024-09-06T12:53:42","modified_gmt":"2024-09-06T12:53:42","slug":"adolescente-acusado-de-tiroteio-mortal-em-escola-secundaria-da-georgia-comparece-ao-tribunal-para-audiencia-wsvn-7news-noticias-de-miami-clima-esportes-fort-lauderdale","status":"publish","type":"post","link":"https:\/\/tvbrazilusa.com\/pt\/2024\/09\/06\/adolescente-acusado-de-tiroteio-mortal-em-escola-secundaria-da-georgia-comparece-ao-tribunal-para-audiencia-wsvn-7news-noticias-de-miami-clima-esportes-fort-lauderdale\/","title":{"rendered":"Adolescente acusado de tiroteio mortal em escola secund\u00e1ria da Ge\u00f3rgia comparece ao tribunal para audi\u00eancia &#8211; WSVN 7News | Not\u00edcias de Miami, Clima, Esportes | Fort Lauderdale"},"content":{"rendered":"<p> <script async src=\"https:\/\/pagead2.googlesyndication.com\/pagead\/js\/adsbygoogle.js?client=ca-pub-8864793242727901\"\r\n     crossorigin=\"anonymous\"><\/script><br \/>\n<\/p>\n<div itemprop=\"articleBody\">\n<p>WINDER, Ge\u00f3rgia (AP) \u2014 O suspeito de 14 anos de um tiroteio em uma escola de ensino m\u00e9dio da Ge\u00f3rgia que matou quatro pessoas permanecer\u00e1 detido, j\u00e1 que seu advogado se recusou a pedir fian\u00e7a em uma audi\u00eancia judicial na manh\u00e3 de sexta-feira.<\/p>\n<p><em>Copyright 2024 The Associated Press. Todos os direitos reservados. Este material n\u00e3o pode ser publicado, transmitido, reescrito ou redistribu\u00eddo.<\/em><\/p>\n<div class=\"wp-block-newsletter\">\n\t<strong class=\"wp-block-newsletter__title\">Inscreva-se em nossa Newsletter para receber as \u00faltimas not\u00edcias diretamente na sua caixa de entrada<\/strong><\/p>\n<\/div><\/div>\n<p><br \/>\n<br \/><a href=\"https:\/\/wsvn.com\/news\/us-world\/teen-charged-in-deadly-shooting-at-georgia-high-school-appears-in-court-for-hearing\/\">Source link <\/a><\/p>","protected":false},"excerpt":{"rendered":"<p>WINDER, Ge\u00f3rgia (AP) \u2014 O suspeito de 14 anos de um tiroteio em uma escola de ensino m\u00e9dio da Ge\u00f3rgia que matou quatro pessoas permanecer\u00e1 detido, j\u00e1 que seu advogado&hellip;<\/p>","protected":false},"author":1,"featured_media":32780,"comment_status":"closed","ping_status":"open","sticky":false,"template":"","format":"standard","meta":{"content-type":"","footnotes":""},"categories":[1],"tags":[],"class_list":["post-32779","post","type-post","status-publish","format-standard","has-post-thumbnail","hentry","category-uncategorized"],"_links":{"self":[{"href":"https:\/\/tvbrazilusa.com\/pt\/wp-json\/wp\/v2\/posts\/32779","targetHints":{"allow":["GET"]}}],"collection":[{"href":"https:\/\/tvbrazilusa.com\/pt\/wp-json\/wp\/v2\/posts"}],"about":[{"href":"https:\/\/tvbrazilusa.com\/pt\/wp-json\/wp\/v2\/types\/post"}],"author":[{"embeddable":true,"href":"https:\/\/tvbrazilusa.com\/pt\/wp-json\/wp\/v2\/users\/1"}],"replies":[{"embeddable":true,"href":"https:\/\/tvbrazilusa.com\/pt\/wp-json\/wp\/v2\/comments?post=32779"}],"version-history":[{"count":1,"href":"https:\/\/tvbrazilusa.com\/pt\/wp-json\/wp\/v2\/posts\/32779\/revisions"}],"predecessor-version":[{"id":32781,"href":"https:\/\/tvbrazilusa.com\/pt\/wp-json\/wp\/v2\/posts\/32779\/revisions\/32781"}],"wp:featuredmedia":[{"embeddable":true,"href":"https:\/\/tvbrazilusa.com\/pt\/wp-json\/wp\/v2\/media\/32780"}],"wp:attachment":[{"href":"https:\/\/tvbrazilusa.com\/pt\/wp-json\/wp\/v2\/media?parent=32779"}],"wp:term":[{"taxonomy":"category","embeddable":true,"href":"https:\/\/tvbrazilusa.com\/pt\/wp-json\/wp\/v2\/categories?post=32779"},{"taxonomy":"post_tag","embeddable":true,"href":"https:\/\/tvbrazilusa.com\/pt\/wp-json\/wp\/v2\/tags?post=32779"}],"curies":[{"name":"wp","href":"https:\/\/api.w.org\/{rel}","templated":true}]}}