{"id":32785,"date":"2024-09-06T13:00:39","date_gmt":"2024-09-06T13:00:39","guid":{"rendered":"https:\/\/tvbrazilusa.com\/2024\/09\/06\/anvisa-mandou-retirar-essa-marca-de-shampoo-de-todas-as-prateleiras-cuidado-com-os-perigos\/"},"modified":"2024-09-06T13:07:07","modified_gmt":"2024-09-06T13:07:07","slug":"anvisa-mandou-retirar-essa-marca-de-shampoo-de-todas-as-prateleiras-cuidado-com-os-perigos","status":"publish","type":"post","link":"https:\/\/tvbrazilusa.com\/pt\/2024\/09\/06\/anvisa-mandou-retirar-essa-marca-de-shampoo-de-todas-as-prateleiras-cuidado-com-os-perigos\/","title":{"rendered":"Anvisa mandou RETIRAR essa marca de shampoo de TODAS as prateleiras! Cuidado com os perigos"},"content":{"rendered":"<p> <script async src=\"https:\/\/pagead2.googlesyndication.com\/pagead\/js\/adsbygoogle.js?client=ca-pub-8864793242727901\"\r\n     crossorigin=\"anonymous\"><\/script><br \/>\n<\/p>\n<div>\n<p>A Ag\u00eancia Nacional de Vigil\u00e2ncia Sanit\u00e1ria (Anvisa) \u00e9 respons\u00e1vel por monitorar e regular produtos que afetam a sa\u00fade p\u00fablica no Brasil. Em uma a\u00e7\u00e3o significativa para proteger os consumidores, a Anvisa proibiu a comercializa\u00e7\u00e3o de diversos cosm\u00e9ticos em 2018, devido \u00e0 aus\u00eancia de registro ou notifica\u00e7\u00e3o na ag\u00eancia.<\/p>\n<p>Entre os produtos afetados estavam o The First Shampoo 2.0 Sweet Profissional, da Tit\u00e2nia Ind\u00fastria de Cosm\u00e9ticos Ltda EPP, e v\u00e1rias linhas da Ecco Brasil Ecological Cosmetics Ltda. A decis\u00e3o foi divulgada em 19 de julho de 2018 no Di\u00e1rio Oficial da Uni\u00e3o, destacando a import\u00e2ncia da conformidade com as regulamenta\u00e7\u00f5es de sa\u00fade.<\/p>\n<h2 class=\"wp-block-heading\">Por que a Anvisa Proibiu Esses Cosm\u00e9ticos?<\/h2>\n<p>A principal raz\u00e3o para a proibi\u00e7\u00e3o desses cosm\u00e9ticos foi a aus\u00eancia de registro na Anvisa. Esse registro \u00e9 um passo essencial para garantir que os produtos atendam aos padr\u00f5es de seguran\u00e7a e qualidade estabelecidos. Sem ele, n\u00e3o h\u00e1 garantias de que os produtos sejam seguros para uso pelos consumidores.<\/p>\n<p>A Anvisa busca assegurar que todas as etapas de fabrica\u00e7\u00e3o e comercializa\u00e7\u00e3o sigam rigorosamente as normativas de seguran\u00e7a, prevenindo riscos \u00e0 sa\u00fade p\u00fablica.<\/p>\n<h2 class=\"wp-block-heading\">Quais Cosm\u00e9ticos Foram Proibidos pela Anvisa?<\/h2>\n<p>A lista de produtos proibidos incluiu:<\/p>\n<ul class=\"wp-block-list\">\n<li><strong>The First Shampoo 2.0 Sweet Profissional:<\/strong>\u00a0Da Tit\u00e2nia Ind\u00fastria de Cosm\u00e9ticos Ltda EPP, proibido por falta de registro.<\/li>\n<li><strong>Shampoo Erva Doce (5L):<\/strong>\u00a0Produzido pela Ecco Brasil Ecological Cosmetics Ltda, foi banido por n\u00e3o ter registro.<\/li>\n<li><strong>Condicionador Ecco (5L):<\/strong>\u00a0Outro produto da Ecco Brasil sem o devido registro.<\/li>\n<li><strong>Sabonete L\u00edquido Erva Doce (5L):<\/strong>\u00a0Tamb\u00e9m da Ecco Brasil, foi retirado do mercado pela mesma raz\u00e3o.<\/li>\n<\/ul>\n<p>Em uma a\u00e7\u00e3o mais recente, em 2023, a Anvisa proibiu tamb\u00e9m 30 produtos cosm\u00e9ticos er\u00f3ticos, incluindo lubrificantes, de empresas sem autoriza\u00e7\u00e3o. A resolu\u00e7\u00e3o foi publicada no Di\u00e1rio Oficial da Uni\u00e3o em 13 de setembro de 2023, em resposta a uma den\u00fancia do Minist\u00e9rio P\u00fablico Federal \u2013 Procuradoria da Rep\u00fablica do Paran\u00e1.<\/p>\n<h2 class=\"wp-block-heading\">O Que Aconteceu com as Empresas Respons\u00e1veis?<\/h2>\n<p>De acordo com informa\u00e7\u00f5es do portal EconoData, as empresas envolvidas ainda operam no mercado. A Tit\u00e2nia Ind\u00fastria de Cosm\u00e9ticos Ltda EPP passou a se chamar Yuzi Ind\u00fastria de Cosm\u00e9ticos \u2013 LTDA e continua suas atividades. A Ecco Brasil Ecological Cosmetics Ltda tamb\u00e9m permanece ativa, mas sem novos produtos proibidos divulgados recentemente.<\/p>\n<p>Essas empresas precisaram revisar e adaptar seus processos de conformidade para evitar futuras irregularidades e garantir o cumprimento das exig\u00eancias da Anvisa.<\/p>\n<h2 class=\"wp-block-heading\">Impactos e Consequ\u00eancias das Medidas da Anvisa<\/h2>\n<p>A decis\u00e3o de proibir cosm\u00e9ticos sem registro teve impactos significativos no mercado. As empresas foram obrigadas a retirar os produtos das prateleiras, revisar seus procedimentos de conformidade e garantir futuros lan\u00e7amentos dentro das normas. Para os consumidores, essas medidas destacam a import\u00e2ncia de verificar o registro de produtos na Anvisa antes da compra.<\/p>\n<p>A Anvisa permanece firme em seu compromisso de proteger a sa\u00fade p\u00fablica, monitorando constantemente os produtos dispon\u00edveis no mercado. Para informa\u00e7\u00f5es atualizadas e detalhes sobre proibi\u00e7\u00f5es e regulamenta\u00e7\u00f5es, o p\u00fablico deve consultar o site oficial da ag\u00eancia e acompanhar as \u00faltimas atualiza\u00e7\u00f5es.<\/p>\n<p>Manter-se informado sobre as normas vigentes e verificar a legalidade dos produtos \u00e9 essencial para garantir a seguran\u00e7a no uso de cosm\u00e9ticos e produtos de higiene pessoal.<\/p>\n<\/p><\/div>\n<p><br \/>\n<br \/><a href=\"https:\/\/terrabrasilnoticias.com\/2024\/09\/anvisa-mandou-retirar-essa-marca-de-shampoo-de-todas-as-prateleiras-cuidado-com-os-perigos\/\">Source link <\/a><\/p>","protected":false},"excerpt":{"rendered":"<p>A Ag\u00eancia Nacional de Vigil\u00e2ncia Sanit\u00e1ria (Anvisa) \u00e9 respons\u00e1vel por monitorar e regular produtos que afetam a sa\u00fade p\u00fablica no Brasil. Em uma a\u00e7\u00e3o significativa para proteger os consumidores, a&hellip;<\/p>","protected":false},"author":1,"featured_media":32786,"comment_status":"closed","ping_status":"open","sticky":false,"template":"","format":"standard","meta":{"content-type":"","footnotes":""},"categories":[16],"tags":[],"class_list":["post-32785","post","type-post","status-publish","format-standard","has-post-thumbnail","hentry","category-noticias"],"_links":{"self":[{"href":"https:\/\/tvbrazilusa.com\/pt\/wp-json\/wp\/v2\/posts\/32785","targetHints":{"allow":["GET"]}}],"collection":[{"href":"https:\/\/tvbrazilusa.com\/pt\/wp-json\/wp\/v2\/posts"}],"about":[{"href":"https:\/\/tvbrazilusa.com\/pt\/wp-json\/wp\/v2\/types\/post"}],"author":[{"embeddable":true,"href":"https:\/\/tvbrazilusa.com\/pt\/wp-json\/wp\/v2\/users\/1"}],"replies":[{"embeddable":true,"href":"https:\/\/tvbrazilusa.com\/pt\/wp-json\/wp\/v2\/comments?post=32785"}],"version-history":[{"count":1,"href":"https:\/\/tvbrazilusa.com\/pt\/wp-json\/wp\/v2\/posts\/32785\/revisions"}],"predecessor-version":[{"id":32787,"href":"https:\/\/tvbrazilusa.com\/pt\/wp-json\/wp\/v2\/posts\/32785\/revisions\/32787"}],"wp:featuredmedia":[{"embeddable":true,"href":"https:\/\/tvbrazilusa.com\/pt\/wp-json\/wp\/v2\/media\/32786"}],"wp:attachment":[{"href":"https:\/\/tvbrazilusa.com\/pt\/wp-json\/wp\/v2\/media?parent=32785"}],"wp:term":[{"taxonomy":"category","embeddable":true,"href":"https:\/\/tvbrazilusa.com\/pt\/wp-json\/wp\/v2\/categories?post=32785"},{"taxonomy":"post_tag","embeddable":true,"href":"https:\/\/tvbrazilusa.com\/pt\/wp-json\/wp\/v2\/tags?post=32785"}],"curies":[{"name":"wp","href":"https:\/\/api.w.org\/{rel}","templated":true}]}}