{"id":32824,"date":"2024-09-06T13:48:28","date_gmt":"2024-09-06T13:48:28","guid":{"rendered":"https:\/\/tvbrazilusa.com\/2024\/09\/06\/pai-de-suspeito-de-tiroteio-escolar-de-14-anos-na-georgia-permanecera-preso-sem-fianca-wsvn-7news-noticias-de-miami-clima-esportes-fort-lauderdale\/"},"modified":"2024-09-06T13:49:54","modified_gmt":"2024-09-06T13:49:54","slug":"pai-de-suspeito-de-tiroteio-escolar-de-14-anos-na-georgia-permanecera-preso-sem-fianca-wsvn-7news-noticias-de-miami-clima-esportes-fort-lauderdale","status":"publish","type":"post","link":"https:\/\/tvbrazilusa.com\/pt\/2024\/09\/06\/pai-de-suspeito-de-tiroteio-escolar-de-14-anos-na-georgia-permanecera-preso-sem-fianca-wsvn-7news-noticias-de-miami-clima-esportes-fort-lauderdale\/","title":{"rendered":"Pai de suspeito de tiroteio escolar de 14 anos na Ge\u00f3rgia permanecer\u00e1 preso sem fian\u00e7a &#8211; WSVN 7News | Not\u00edcias de Miami, Clima, Esportes | Fort Lauderdale"},"content":{"rendered":"<p> <script async src=\"https:\/\/pagead2.googlesyndication.com\/pagead\/js\/adsbygoogle.js?client=ca-pub-8864793242727901\"\r\n     crossorigin=\"anonymous\"><\/script><br \/>\n<\/p>\n<div itemprop=\"articleBody\">\n<p>WINDER, Ge\u00f3rgia (AP) \u2014 Pai de suspeito de tiroteio em escola na Ge\u00f3rgia, de 14 anos, continuar\u00e1 preso sem fian\u00e7a.<\/p>\n<p><em>Copyright 2024 The Associated Press. Todos os direitos reservados. Este material n\u00e3o pode ser publicado, transmitido, reescrito ou redistribu\u00eddo.<\/em><\/p>\n<div class=\"wp-block-newsletter\">\n\t<strong class=\"wp-block-newsletter__title\">Inscreva-se em nossa Newsletter para receber as \u00faltimas not\u00edcias diretamente na sua caixa de entrada<\/strong><\/p>\n<\/div><\/div>\n<p><br \/>\n<br \/><a href=\"https:\/\/wsvn.com\/news\/us-world\/father-of-14-year-old-georgia-school-shooting-suspect-to-remain-jailed-without-bail\/\">Source link <\/a><\/p>","protected":false},"excerpt":{"rendered":"<p>WINDER, Ge\u00f3rgia (AP) \u2014 Pai de suspeito de tiroteio em escola na Ge\u00f3rgia, de 14 anos, continuar\u00e1 preso sem fian\u00e7a. Copyright 2024 The Associated Press. Todos os direitos reservados. Este&hellip;<\/p>","protected":false},"author":1,"featured_media":32825,"comment_status":"closed","ping_status":"open","sticky":false,"template":"","format":"standard","meta":{"content-type":"","footnotes":""},"categories":[1],"tags":[],"class_list":["post-32824","post","type-post","status-publish","format-standard","has-post-thumbnail","hentry","category-uncategorized"],"_links":{"self":[{"href":"https:\/\/tvbrazilusa.com\/pt\/wp-json\/wp\/v2\/posts\/32824","targetHints":{"allow":["GET"]}}],"collection":[{"href":"https:\/\/tvbrazilusa.com\/pt\/wp-json\/wp\/v2\/posts"}],"about":[{"href":"https:\/\/tvbrazilusa.com\/pt\/wp-json\/wp\/v2\/types\/post"}],"author":[{"embeddable":true,"href":"https:\/\/tvbrazilusa.com\/pt\/wp-json\/wp\/v2\/users\/1"}],"replies":[{"embeddable":true,"href":"https:\/\/tvbrazilusa.com\/pt\/wp-json\/wp\/v2\/comments?post=32824"}],"version-history":[{"count":1,"href":"https:\/\/tvbrazilusa.com\/pt\/wp-json\/wp\/v2\/posts\/32824\/revisions"}],"predecessor-version":[{"id":32826,"href":"https:\/\/tvbrazilusa.com\/pt\/wp-json\/wp\/v2\/posts\/32824\/revisions\/32826"}],"wp:featuredmedia":[{"embeddable":true,"href":"https:\/\/tvbrazilusa.com\/pt\/wp-json\/wp\/v2\/media\/32825"}],"wp:attachment":[{"href":"https:\/\/tvbrazilusa.com\/pt\/wp-json\/wp\/v2\/media?parent=32824"}],"wp:term":[{"taxonomy":"category","embeddable":true,"href":"https:\/\/tvbrazilusa.com\/pt\/wp-json\/wp\/v2\/categories?post=32824"},{"taxonomy":"post_tag","embeddable":true,"href":"https:\/\/tvbrazilusa.com\/pt\/wp-json\/wp\/v2\/tags?post=32824"}],"curies":[{"name":"wp","href":"https:\/\/api.w.org\/{rel}","templated":true}]}}