{"id":32827,"date":"2024-09-06T13:46:49","date_gmt":"2024-09-06T13:46:49","guid":{"rendered":"https:\/\/tvbrazilusa.com\/2024\/09\/06\/aulas-de-calouros-oferecem-um-vislumbre-do-impacto-da-decisao-de-acao-afirmativa-nas-faculdades\/"},"modified":"2024-09-06T13:50:50","modified_gmt":"2024-09-06T13:50:50","slug":"aulas-de-calouros-oferecem-um-vislumbre-do-impacto-da-decisao-de-acao-afirmativa-nas-faculdades","status":"publish","type":"post","link":"https:\/\/tvbrazilusa.com\/pt\/2024\/09\/06\/aulas-de-calouros-oferecem-um-vislumbre-do-impacto-da-decisao-de-acao-afirmativa-nas-faculdades\/","title":{"rendered":"Aulas de calouros oferecem um vislumbre do impacto da decis\u00e3o de a\u00e7\u00e3o afirmativa nas faculdades"},"content":{"rendered":"<p> <script async src=\"https:\/\/pagead2.googlesyndication.com\/pagead\/js\/adsbygoogle.js?client=ca-pub-8864793242727901\"\r\n     crossorigin=\"anonymous\"><\/script><br \/>\n<\/p>\n<div id=\"\">\n<header class=\"m-article-header m-article-header--standard\">\n\t\t\t\t\t\t\t\t\t\t\t\t<span id=\"article-header-primary-term\"><br \/>\n\t\t\t\t\t\t\t\t<a class=\"a-term a-term--primary\" href=\"https:\/\/www.boston.com\/tag\/national-news\/\"><\/p>\n<p>\t\t\t\t\t\t\t\tNot\u00edcias Nacionais\t\t\t\t\t\t\t\t<\/a><br \/>\n\t\t\t\t\t\t\t<\/span><\/p>\n<h2 class=\"m-article-header__sub-headline\">Especialistas e faculdades dizem que levar\u00e1 anos para medir o impacto total da decis\u00e3o do ano passado que proibiu a considera\u00e7\u00e3o de ra\u00e7a nas admiss\u00f5es.<\/h2>\n<figure class=\"a-photo m-article-header__photo\"><figcaption class=\"a-photo__caption\">\n<p>\tGraduados da Universidade da Carolina do Norte tiram fotos no Old Well, no campus em Chapel Hill, Carolina do Norte, em 30 de junho de 2020.<em> Gerry Broome \/ AP, Arquivo<\/em>\t<\/figcaption><\/figure>\n<div class=\"m-article-header__meta\">\n<div class=\"m-article-header__byline\">\n<p class=\"m-article-header__author\">\n<p>\t\t\t\t\t\t\t\tPor ANNIE MA e MAKIYA SEMINERA, Associated Press\t\t\t\t\t\t\t<\/p>\n<p>\t\t\t\t\t\t    \t\t\t\t\t\t\t<time class=\"m-article-header__date\"><\/p>\n<p>        \t\t\t\t\t\t\tatualizado em 6 de setembro de 2024 | 9h46    \t\t\t\t\t\t\t<\/time><\/p><\/div>\n<\/p><\/div>\n<\/header>\n<p>Algumas faculdades seletivas est\u00e3o relatando quedas no n\u00famero de alunos negros em suas turmas de ingresso, os primeiros admitidos desde <a href=\"https:\/\/www.boston.com\/news\/national-news\/2023\/06\/29\/supreme-court-outlaws-race-factor-college-admissions\/\">Decis\u00e3o do Supremo Tribunal anulou a a\u00e7\u00e3o afirmativa<\/a> no ensino superior. Em outras faculdades, incluindo a Universidade de Princeton e a Universidade de Yale, a parcela de estudantes negros mudou pouco.<\/p>\n<p>V\u00e1rias escolas tamb\u00e9m viram oscila\u00e7\u00f5es em seus n\u00fameros de estudantes asi\u00e1ticos, hisp\u00e2nicos e nativos americanos, mas as tend\u00eancias ainda s\u00e3o obscuras. Especialistas e faculdades dizem que levar\u00e1 anos para medir o impacto total da decis\u00e3o do ano passado que proibiu a considera\u00e7\u00e3o de ra\u00e7a nas admiss\u00f5es.<\/p>\n<p>O fim da a\u00e7\u00e3o afirmativa n\u00e3o \u00e9 o \u00fanico fator que afeta a composi\u00e7\u00e3o das classes de calouros. Algumas faculdades est\u00e3o mudando os requisitos de testes padronizados, aumentando sua import\u00e2ncia. E a implementa\u00e7\u00e3o malfeita do governo federal de um novo formul\u00e1rio de aux\u00edlio financeiro complicou as decis\u00f5es dos alunos em todo o pa\u00eds sobre onde e se cursar uma faculdade.<\/p>\n<p>\u201c\u00c9 realmente dif\u00edcil extrair qual mudan\u00e7a de pol\u00edtica est\u00e1 afetando todas essas mudan\u00e7as de matr\u00edcula\u201d, disse Katharine Meyer, uma membro do think tank da Brookings Institution. \u201cA resposta insatisfat\u00f3ria \u00e9 que \u00e9 dif\u00edcil saber qual delas est\u00e1 tendo o maior impacto.\u201d<\/p>\n<p>Na quinta-feira, a University of North Carolina em Chapel Hill relatou quedas nas matr\u00edculas entre estudantes negros, hisp\u00e2nicos e nativos americanos em sua classe de entrada. Sua abordagem para admiss\u00f5es tem sido observada de perto porque foi uma das duas faculdades, junto com a Harvard University, que estavam no centro do caso da Suprema Corte.<\/p>\n<p>A popula\u00e7\u00e3o de estudantes negros caiu quase 3 pontos percentuais, para 7,8%, em compara\u00e7\u00e3o com a classe UNC anterior. A matr\u00edcula de estudantes hisp\u00e2nicos caiu de 10,8% para 10,1%, enquanto a popula\u00e7\u00e3o nativa americana entrante caiu meio ponto percentual para 1,1%, de acordo com a universidade. A popula\u00e7\u00e3o de estudantes asi\u00e1ticos entrantes aumentou 1 ponto percentual para 25,8%. A parcela de estudantes brancos, de 63,8%, quase n\u00e3o mudou.<\/p>\n<p>\u00c9 \u201cmuito cedo para ver tend\u00eancias\u201d da decis\u00e3o de a\u00e7\u00e3o afirmativa, disse Rachelle Feldman, vice-reitora de matr\u00edculas da UNC. Ela citou os atrasos no processo de inscri\u00e7\u00e3o do Free Application for Federal Student Aid como outra poss\u00edvel influ\u00eancia na composi\u00e7\u00e3o da classe entrante.<\/p>\n<p>\u201cEstamos comprometidos em seguir a nova lei. Tamb\u00e9m estamos comprometidos em garantir que os alunos em todos os 100 condados de todas as popula\u00e7\u00f5es em nosso crescente estado se sintam encorajados a se inscrever, tenham confian\u00e7a em nossa acessibilidade e saibam que este \u00e9 um lugar onde se sentem bem-vindos e podem ter sucesso\u201d, disse Feldman.<\/p>\n<p>Algumas faculdades relataram decl\u00ednios acentuados nas porcentagens de alunos negros em suas turmas de entrada, incluindo quedas de 15% para 5% no Instituto de Tecnologia de Massachusetts e de 11% para 3% no Amherst College. Na Tufts University, a queda na parcela de alunos negros foi mais moderada, de 7,3% para 4,7%. Em Yale, na University of Virginia e em Princeton, a mudan\u00e7a ano a ano foi de menos de um ponto percentual.<\/p>\n<p>Muitas faculdades n\u00e3o compartilhavam os dados demogr\u00e1ficos dos candidatos, tornando imposs\u00edvel saber se menos estudantes negros se inscreveram ou se foram admitidos, mas optaram por n\u00e3o comparecer.<\/p>\n<p>Mudan\u00e7as em outros grupos demogr\u00e1ficos tamb\u00e9m n\u00e3o seguiram um padr\u00e3o claro. No MIT, por exemplo, a porcentagem de estudantes asi\u00e1ticos aumentou de 40% para 47% e estudantes hisp\u00e2nicos e latinos de 16% para 11%, enquanto a porcentagem de estudantes brancos permaneceu relativamente inalterada. Mas em Yale, a porcentagem de estudantes asi\u00e1ticos caiu de 30% para 24%. Estudantes brancos em Yale passaram de 42% da classe para 46%, e estudantes hisp\u00e2nicos e latinos viram um aumento de 1 ponto percentual.<\/p>\n<p>As faculdades t\u00eam buscado outras estrat\u00e9gias para preservar a diversidade que dizem ser essencial para a vida no campus.<\/p>\n<p>JT Duck, reitor de admiss\u00f5es da Tufts, enfatizou que a escola trabalharia na expans\u00e3o do alcance e das parcerias com organiza\u00e7\u00f5es comunit\u00e1rias para atingir alunos sub-representados, de baixa renda e de primeira gera\u00e7\u00e3o. Ele alertou contra ler muito sobre mudan\u00e7as anuais na matr\u00edcula.<\/p>\n<p>\u201cOs resultados mostram que temos mais trabalho a fazer para garantir que estudantes talentosos de todas as origens, incluindo aqueles historicamente mais sub-representados em universidades seletivas, tenham acesso \u00e0 educa\u00e7\u00e3o Tufts. E estamos comprometidos em fazer esse trabalho, ao mesmo tempo em que aderimos \u00e0s novas restri\u00e7\u00f5es legais\u201d, disse ele em um e-mail. \u201cJ\u00e1 fizemos muito trabalho para esses fins e estamos ansiosos para fazer ainda mais.\u201d<\/p>\n<p>Na UNC, Feldman disse que \u00e9 uma prioridade oferecer aux\u00edlio financeiro substancial a fam\u00edlias de baixa renda, juntamente com a reten\u00e7\u00e3o de alunos por meio de investimentos em orienta\u00e7\u00e3o de gradua\u00e7\u00e3o e outras iniciativas. Ela disse que n\u00e3o h\u00e1 planos para mudan\u00e7as dr\u00e1sticas \u00e0 luz dos novos dados de matr\u00edcula.<\/p>\n<p>A universidade quer ter certeza de que \u201cqualquer pessoa, de qualquer origem, saiba que pode ganhar seu lugar aqui\u201d, disse ela em uma entrevista coletiva.<\/p>\n<p>Quedas acentuadas no n\u00famero de estudantes negros podem impactar a forma como os futuros alunos veem as escolas, levando alguns a escolher outras faculdades onde possam sentir um senso mais forte de comunidade, disse Mitchell Chang, professor de ensino superior na Universidade da Calif\u00f3rnia, em Los Angeles.<\/p>\n<p>\u201cSe estivermos abaixo de um certo limite, as pessoas que se veem como tendo mais dificuldade em desenvolver um senso de pertencimento escolher\u00e3o outro lugar\u201d, disse ele. Isso \u00e9 especialmente verdadeiro em faculdades seletivas, onde os alunos admitidos podem estar escolhendo entre v\u00e1rias escolas de primeira linha.<\/p>\n<p>At\u00e9 agora, as quedas em estudantes de minorias sub-representadas s\u00e3o menores em escopo do que quando estados como Michigan e Calif\u00f3rnia aprovaram proibi\u00e7\u00f5es de a\u00e7\u00e3o afirmativa d\u00e9cadas antes, disse Meyer. Mas desde essas proibi\u00e7\u00f5es, as faculdades desenvolveram mais pr\u00e1ticas recomendadas para maneiras eficazes e n\u00e3o baseadas em ra\u00e7a de recrutar e matricular uma classe diversa, disse Meyer.<\/p>\n<p><em>A cobertura educacional da Associated Press recebe suporte financeiro de v\u00e1rias funda\u00e7\u00f5es privadas. A AP \u00e9 a \u00fanica respons\u00e1vel por todo o conte\u00fado. Encontre os padr\u00f5es da AP para trabalhar com filantropias, uma lista de apoiadores e \u00e1reas de cobertura financiadas em AP.org.<\/em><\/p>\n<\/p><\/div>\n<p><script>\n\t\tvar consent=\"grant\";\n\t\t\/* The above code is parsing the JSON data from the local storage and storing it in a variable. *\/\n\t\t\t\t\tconst onetrustStorageConsent = JSON.parse(localStorage.getItem( 'consent_one_trust_bdc' ) );\n\t\t\tif ( ( onetrustStorageConsent !== null ) ) {\n\t\t\t\t\/* Checking to see if the user has consented to the use of cookies.\n\t\t\t\t* If they have not, it is deleting the cookie.\n\t\t\t\t* This will comment for now, until further notice.\n\t\t\t\t*\/\n\t\t\t\t\/\/if ( onetrustStorageConsent.C0002 === false ) {\n\t\t\t\t\/\/\tdocument.cookie=\"_fbp=;expires=Thu, 01 Jan 2010 00:00:00 UTC; path=\/; domain=.boston.com\";\n\t\t\t\t\/\/}\n\t\t\t\t\/* Checking if the user has given consent for the cookie C0002.\n\t\t\t\t* If the user has given consent, the variable consent will be set to 'grant'.\n\t\t\t\t* If the user has not given consent,the variable consent will be set to 'revoke'.\n\t\t\t\t* Documentation https:\/\/developers.facebook.com\/docs\/meta-pixel\/implementation\/gdpr\n\t\t\t\t*\/\n\t\t\t\tif ( onetrustStorageConsent.C0002 !== true ) {\n\t\t\t\t\tconsent=\"revoke\";\n\t\t\t\t}\n\t\t\t}\n\t\t\t\t!function(f,b,e,v,n,t,s)\n\t\t{if(f.fbq)return;n=f.fbq=function(){n.callMethod?\n\t\tn.callMethod.apply(n,arguments):n.queue.push(arguments)};\n\t\tif(!f._fbq)f._fbq=n;n.push=n;n.loaded=!0;n.version='2.0';\n\t\tn.queue=[];t=b.createElement(e);t.async=!0;\n\t\tt.src=v;s=b.getElementsByTagName(e)[0];\n\t\ts.parentNode.insertBefore(t,s)}(window, document,'script',\n\t\t'https:\/\/connect.facebook.net\/en_US\/fbevents.js');\n\t\tfbq('consent', consent);\n\t\tfbq('init', '989222871864976');\n\t\tfbq('track', 'PageView');\n\t<\/script><script type=\"module\">\n\t\tvar consent=\"grant\";\n\t\t\/* The above code is parsing the JSON data from the local storage and storing it in a variable. *\/\n\t\t\tconst onetrustStorageConsent = JSON.parse(localStorage.getItem( 'consent_one_trust_bdc' ) );\n\t\t\t\/* Checking to see if the user has consented to the use of cookies.\n\t\t\t* If they have not, it is deleting the cookie.\n\t\t\t* This will comment for now, until further notice.\n\t\t\t*\/\n\t\t\t\/\/if ( onetrustStorageConsent.C0002 === false ) {\n\t\t\t\/\/\tdocument.cookie=\"_fbp=;expires=Thu, 01 Jan 2010 00:00:00 UTC; path=\/; domain=.boston.com\";\n\t\t\t\/\/}\n\t\t\t\/* Checking if the user has given consent for the cookie C0002.\n\t\t\t* If the user has given consent, the variable consent will be set to 'grant'.\n\t\t\t* If the user has not given consent,the variable consent will be set to 'revoke'.\n\t\t\t* Documentation https:\/\/developers.facebook.com\/docs\/meta-pixel\/implementation\/gdpr\n\t\t\t*\/\n\t\t\tif ( ( onetrustStorageConsent !== null ) && (onetrustStorageConsent.C0002 !== true ) ) {\n\t\t\t\tconsent=\"revoke\";\n\t\t\t}\n\t\t\t\t!function(f,b,e,v,n,t,s){if(f.fbq)return;n=f.fbq=function()\n\t\t{n.callMethod? n.callMethod.apply(n,arguments):n.queue.push(arguments)}\n\t\t;if(!f._fbq)f._fbq=n;\n\t\tn.push=n;n.loaded=!0;n.version='2.0';n.queue=[];t=b.createElement(e);t.async=!0;\n\t\tt.src=v;s=b.getElementsByTagName(e)[0];s.parentNode.insertBefore(t,s)}(window,\n\t\tdocument,'script','https:\/\/connect.facebook.net\/en_US\/fbevents.js');\n\t\tfbq('consent', consent);\n\t\tfbq('init', '813236348753005');\n\t\tfbq('track', \"PageView\");\n\t<\/script><br \/>\n<br \/><br \/>\n<br \/><a href=\"https:\/\/www.boston.com\/news\/national-news\/2024\/09\/06\/freshman-classes-provide-glimpse-of-affirmative-action-ruling-impact\/\">Source link <\/a><\/p>","protected":false},"excerpt":{"rendered":"<p>Not\u00edcias Nacionais Especialistas e faculdades dizem que levar\u00e1 anos para medir o impacto total da decis\u00e3o do ano passado que proibiu a considera\u00e7\u00e3o de ra\u00e7a nas admiss\u00f5es. Graduados da Universidade&hellip;<\/p>","protected":false},"author":1,"featured_media":32828,"comment_status":"closed","ping_status":"open","sticky":false,"template":"","format":"standard","meta":{"content-type":"","footnotes":""},"categories":[1],"tags":[],"class_list":["post-32827","post","type-post","status-publish","format-standard","has-post-thumbnail","hentry","category-uncategorized"],"_links":{"self":[{"href":"https:\/\/tvbrazilusa.com\/pt\/wp-json\/wp\/v2\/posts\/32827","targetHints":{"allow":["GET"]}}],"collection":[{"href":"https:\/\/tvbrazilusa.com\/pt\/wp-json\/wp\/v2\/posts"}],"about":[{"href":"https:\/\/tvbrazilusa.com\/pt\/wp-json\/wp\/v2\/types\/post"}],"author":[{"embeddable":true,"href":"https:\/\/tvbrazilusa.com\/pt\/wp-json\/wp\/v2\/users\/1"}],"replies":[{"embeddable":true,"href":"https:\/\/tvbrazilusa.com\/pt\/wp-json\/wp\/v2\/comments?post=32827"}],"version-history":[{"count":1,"href":"https:\/\/tvbrazilusa.com\/pt\/wp-json\/wp\/v2\/posts\/32827\/revisions"}],"predecessor-version":[{"id":32829,"href":"https:\/\/tvbrazilusa.com\/pt\/wp-json\/wp\/v2\/posts\/32827\/revisions\/32829"}],"wp:featuredmedia":[{"embeddable":true,"href":"https:\/\/tvbrazilusa.com\/pt\/wp-json\/wp\/v2\/media\/32828"}],"wp:attachment":[{"href":"https:\/\/tvbrazilusa.com\/pt\/wp-json\/wp\/v2\/media?parent=32827"}],"wp:term":[{"taxonomy":"category","embeddable":true,"href":"https:\/\/tvbrazilusa.com\/pt\/wp-json\/wp\/v2\/categories?post=32827"},{"taxonomy":"post_tag","embeddable":true,"href":"https:\/\/tvbrazilusa.com\/pt\/wp-json\/wp\/v2\/tags?post=32827"}],"curies":[{"name":"wp","href":"https:\/\/api.w.org\/{rel}","templated":true}]}}