{"id":32840,"date":"2024-09-06T14:14:48","date_gmt":"2024-09-06T14:14:48","guid":{"rendered":"https:\/\/tvbrazilusa.com\/2024\/09\/06\/moraes-absolve-outro-morador-de-rua-preso-pelo-8-de-janeiro-paulo-figueiredo\/"},"modified":"2024-09-06T14:16:35","modified_gmt":"2024-09-06T14:16:35","slug":"moraes-absolve-outro-morador-de-rua-preso-pelo-8-de-janeiro-paulo-figueiredo","status":"publish","type":"post","link":"https:\/\/tvbrazilusa.com\/pt\/2024\/09\/06\/moraes-absolve-outro-morador-de-rua-preso-pelo-8-de-janeiro-paulo-figueiredo\/","title":{"rendered":"Moraes absolve outro morador de rua preso pelo 8 de janeiro &#8211; Paulo Figueiredo"},"content":{"rendered":"<p> <script async src=\"https:\/\/pagead2.googlesyndication.com\/pagead\/js\/adsbygoogle.js?client=ca-pub-8864793242727901\"\r\n     crossorigin=\"anonymous\"><\/script><br \/>\n<\/p>\n<div id=\"wtr-content\" data-bg=\"#FFFFFF\" data-fg=\"#006d91\" data-width=\"25\" data-mute=\"1\" data-fgopacity=\"1.00\" data-mutedopacity=\"0.5\" data-placement=\"bottom\" data-placement-offset=\"0\" data-content-offset=\"262\" data-placement-touch=\"bottom\" data-placement-offset-touch=\"0\" data-transparent=\"\" data-shadow=\"0\" data-touch=\"1\" data-non-touch=\"1\" data-comments=\"0\" data-commentsbg=\"transparent\" data-location=\"page\" data-mutedfg=\"#006d91\" data-endfg=\"#006d91\" data-rtl=\"\">\n<p>Catador de latinhas buscou abrigo no Quartel General de Bras\u00edlia por haver comida e lugar para dormir; homem ficou l\u00e1 um m\u00eas<\/p>\n<p>O ministro Alexandre de Moraes, do\u00a0<strong>Supremo Tribunal Federal (STF)<\/strong>, absolveu o morador de rua Wagner de Oliveira, de 50 anos, preso no interior do Pal\u00e1cio do Planalto no 8 de janeiro. Oliveira ficou na Papuda por pouco mais de um m\u00eas. Desde que saiu, precisa usar tornozeleira.<\/p>\n<p>Agora, os demais ministros v\u00e3o deliberar a respeito do caso. Ainda n\u00e3o h\u00e1 data para o julgamento, mas os demais integrantes da Corte devem referendar o entendimento de Moraes.<\/p>\n<p>Em depoimento, o homem disse que \u201cas ruas\u201d eram seu endere\u00e7o e que ficou pouco tempo no Quartel General do Ex\u00e9rcito (QG), em Bras\u00edlia.<\/p>\n<p>\u201cEstava em situa\u00e7\u00e3o de rua havia alguns meses, a\u00ed viu a movimenta\u00e7\u00e3o falando de comida, a\u00ed foi se aproximando inclusive para ver se ganhava algum dinheiro\u201d, informa trecho do depoimento de Oliveira. \u201cComo tinha comida e barraca para dormir, ele foi ficando. L\u00e1, as pessoas gritavam, e ele acabava gritando tamb\u00e9m. Mandavam balan\u00e7ar a bandeira, ele balan\u00e7ava tamb\u00e9m.\u201d<\/p>\n<h3 class=\"wp-block-heading\">Morador de rua justifica situa\u00e7\u00e3o a Alexandre de Moraes<\/h3>\n<p>No dia do protesto, Oliveira seguiu a multid\u00e3o de verde e amarelo at\u00e9 a Pra\u00e7a dos Tr\u00eas Poderes. Quando a pol\u00edcia come\u00e7ou a disparar bombas de efeito moral, ele entrou na sede do Executivo, onde acabou detido.<\/p>\n<p>\u201cN\u00e3o tinha amizade \u00edntima com ningu\u00e9m, tava tudo uma bagun\u00e7a, entrou nos pr\u00e9dios porque tinham muitas balas e g\u00e1s\u201d, diz outro trecho da a\u00e7\u00e3o sobre o homem. \u201cDisse que ficou sabendo porque aparecia o pessoal no Centro POP (que oferece ajuda aos moradores de rua) falando do QG, que tinha a comida e o lugar para dormir. Ficou mais ou menos um m\u00eas dormindo na barraca da igreja cat\u00f3lica. Ele catava latinhas na rua.\u201d<\/p>\n<p>Ao absolver o morador de rua, Alexandre de Moraes reconheceu a aus\u00eancia de provas e afirmou que um abrigo em Bras\u00edlia comprovou que Oliveira frequentava o local. \u201cO acusado, no exerc\u00edcio de sua autodefesa, sempre apresentou a mesma vers\u00e3o no sentido de que instalou-se no QG do Ex\u00e9rcito apenas para comer e se abrigar\u201d, observou o juiz do STF, em 28 de agosto. \u201cRessalte-se, ainda, que o laudo pericial apontou que n\u00e3o foi poss\u00edvel realizar a extra\u00e7\u00e3o de dados do aparelho celular apreendido, em raz\u00e3o de defeito de funcionamento.\u201d<\/p>\n<h3 class=\"wp-block-heading\">Caso semelhante<\/h3>\n<p>Em 8 de mar\u00e7o,\u00a0<strong>Oeste<\/strong>\u00a0revelou o caso de outro morador de rua. Naquele dia, Moraes absolveu Geraldo Silva, de 27 anos, por viver na rua.<\/p>\n<p>Silva acabou detido perto do Congresso Nacional, enquanto era agredido por manifestantes que o confundiram com um \u201cinfiltrado\u201d.<\/p>\n<p>Diferentemente de Oliveira, Silva ficou 11 meses na cadeia.<\/p>\n<p><strong><a href=\"https:\/\/revistaoeste.com\/no-ponto\/alexandre-de-moraes-absolve-outro-morador-de-rua-preso-pelo-8-de-janeiro\/\">Source link<\/a><\/strong><\/p>\n<\/div>\n<p><br \/>\n<br \/><a href=\"https:\/\/paulofigueiredoshow.com\/moraes-absolve-outro-morador-de-rua-preso-pelo-8-de-janeiro\/\">Source link <\/a><\/p>","protected":false},"excerpt":{"rendered":"<p>Catador de latinhas buscou abrigo no Quartel General de Bras\u00edlia por haver comida e lugar para dormir; homem ficou l\u00e1 um m\u00eas O ministro Alexandre de Moraes, do\u00a0Supremo Tribunal Federal&hellip;<\/p>","protected":false},"author":1,"featured_media":24022,"comment_status":"closed","ping_status":"open","sticky":false,"template":"","format":"standard","meta":{"content-type":"","footnotes":""},"categories":[16],"tags":[1469,18076,735,18077,18078],"class_list":["post-32840","post","type-post","status-publish","format-standard","has-post-thumbnail","hentry","category-noticias","tag-8-1","tag-absolvido","tag-brasilia","tag-morador","tag-qg"],"_links":{"self":[{"href":"https:\/\/tvbrazilusa.com\/pt\/wp-json\/wp\/v2\/posts\/32840","targetHints":{"allow":["GET"]}}],"collection":[{"href":"https:\/\/tvbrazilusa.com\/pt\/wp-json\/wp\/v2\/posts"}],"about":[{"href":"https:\/\/tvbrazilusa.com\/pt\/wp-json\/wp\/v2\/types\/post"}],"author":[{"embeddable":true,"href":"https:\/\/tvbrazilusa.com\/pt\/wp-json\/wp\/v2\/users\/1"}],"replies":[{"embeddable":true,"href":"https:\/\/tvbrazilusa.com\/pt\/wp-json\/wp\/v2\/comments?post=32840"}],"version-history":[{"count":1,"href":"https:\/\/tvbrazilusa.com\/pt\/wp-json\/wp\/v2\/posts\/32840\/revisions"}],"predecessor-version":[{"id":32841,"href":"https:\/\/tvbrazilusa.com\/pt\/wp-json\/wp\/v2\/posts\/32840\/revisions\/32841"}],"wp:featuredmedia":[{"embeddable":true,"href":"https:\/\/tvbrazilusa.com\/pt\/wp-json\/wp\/v2\/media\/24022"}],"wp:attachment":[{"href":"https:\/\/tvbrazilusa.com\/pt\/wp-json\/wp\/v2\/media?parent=32840"}],"wp:term":[{"taxonomy":"category","embeddable":true,"href":"https:\/\/tvbrazilusa.com\/pt\/wp-json\/wp\/v2\/categories?post=32840"},{"taxonomy":"post_tag","embeddable":true,"href":"https:\/\/tvbrazilusa.com\/pt\/wp-json\/wp\/v2\/tags?post=32840"}],"curies":[{"name":"wp","href":"https:\/\/api.w.org\/{rel}","templated":true}]}}