{"id":32853,"date":"2024-09-06T14:21:29","date_gmt":"2024-09-06T14:21:29","guid":{"rendered":"https:\/\/tvbrazilusa.com\/2024\/09\/06\/apos-anuncio-de-reajuste-salarial-de-9-governo-prepara-cortes-na-aposentadoria-dos-militares-das-forcas-armadas-paulo-figueiredo\/"},"modified":"2024-09-06T14:44:48","modified_gmt":"2024-09-06T14:44:48","slug":"apos-anuncio-de-reajuste-salarial-de-9-governo-prepara-cortes-na-aposentadoria-dos-militares-das-forcas-armadas-paulo-figueiredo","status":"publish","type":"post","link":"https:\/\/tvbrazilusa.com\/pt\/2024\/09\/06\/apos-anuncio-de-reajuste-salarial-de-9-governo-prepara-cortes-na-aposentadoria-dos-militares-das-forcas-armadas-paulo-figueiredo\/","title":{"rendered":"Ap\u00f3s an\u00fancio de reajuste salarial de 9%, governo prepara cortes na aposentadoria dos militares das For\u00e7as Armadas &#8211; Paulo Figueiredo"},"content":{"rendered":"<p> <script async src=\"https:\/\/pagead2.googlesyndication.com\/pagead\/js\/adsbygoogle.js?client=ca-pub-8864793242727901\"\r\n     crossorigin=\"anonymous\"><\/script><br \/>\n<\/p>\n<div id=\"wtr-content\" data-bg=\"#FFFFFF\" data-fg=\"#006d91\" data-width=\"25\" data-mute=\"1\" data-fgopacity=\"1.00\" data-mutedopacity=\"0.5\" data-placement=\"bottom\" data-placement-offset=\"0\" data-content-offset=\"262\" data-placement-touch=\"bottom\" data-placement-offset-touch=\"0\" data-transparent=\"\" data-shadow=\"0\" data-touch=\"1\" data-non-touch=\"1\" data-comments=\"0\" data-commentsbg=\"transparent\" data-location=\"page\" data-mutedfg=\"#006d91\" data-endfg=\"#006d91\" data-rtl=\"\">\n<h4 class=\"wp-block-heading\">Enquanto militares das For\u00e7as Armadas aguardam reajuste salarial para 2025 e 2026, governo federal planeja medidas para reformar a previd\u00eancia e reduzir o rombo nas contas p\u00fablicas.<\/h4>\n<p>O governo federal anunciou recentemente um\u00a0reajuste salarial de 9%\u00a0para os militares das For\u00e7as Armadas, dividido em duas parcelas at\u00e9 2026. A medida, que abrange tanto os militares da ativa quanto os da reserva e pensionistas, foi resultado de negocia\u00e7\u00f5es entre o ministro da Defesa, Jos\u00e9 M\u00facio, e o presidente Lula, com o objetivo de garantir a reposi\u00e7\u00e3o da infla\u00e7\u00e3o.<\/p>\n<p>Entretanto,\u00a0conforme revelou a Folha de S.Paulo, o governo tamb\u00e9m estuda cortes na previd\u00eancia dos militares. A ministra do Planejamento, Simone Tebet, afirmou que tr\u00eas medidas est\u00e3o em an\u00e1lise, visando reduzir o d\u00e9ficit causado pelas regras especiais de aposentadoria das For\u00e7as Armadas. Segundo ela, n\u00e3o ser\u00e1 uma reforma ampla, mas o que considera poss\u00edvel aprovar no Congresso Nacional.<\/p>\n<p>Os cortes pretendem conter o rombo de cerca de R$ 50 bilh\u00f5es nas contas p\u00fablicas, causado pelas aposentadorias militares, um valor 15 vezes maior do que o d\u00e9ficit gerado pelas aposentadorias de civis no Regime Geral da Previd\u00eancia Social. As mudan\u00e7as est\u00e3o sendo coordenadas pela ministra da Gest\u00e3o e Inova\u00e7\u00e3o, Esther Dweck, e ainda n\u00e3o t\u00eam detalhes divulgados.<\/p>\n<p>Al\u00e9m disso, t\u00e9cnicos do governo calculam que o impacto do reajuste salarial dos militares pode chegar a R$ 3 bilh\u00f5es no or\u00e7amento de 2025, elevando as preocupa\u00e7\u00f5es sobre o equil\u00edbrio fiscal nos pr\u00f3ximos anos. O governo j\u00e1 reservou essa quantia no Projeto de Lei Or\u00e7ament\u00e1ria Anual (PLOA).<\/p>\n<p>O ministro da Defesa tamb\u00e9m pediu um relat\u00f3rio detalhado aos comandantes das For\u00e7as Armadas sobre os benef\u00edcios atuais, enquanto o Tribunal de Contas da Uni\u00e3o (TCU) sugere que novos cortes comecem pelos militares para amenizar o rombo previdenci\u00e1rio.<\/p>\n<h4 class=\"wp-block-heading\"><strong>O pedido da Defesa aos militares<\/strong><\/h4>\n<p>Em junho deste ano, o Minist\u00e9rio da Defesa, liderado por Jos\u00e9 M\u00facio Monteiro, havia solicitado aos chefes das For\u00e7as Armadas a cria\u00e7\u00e3o de uma comiss\u00e3o informal para estudar o impacto das aposentadorias dos militares.<\/p>\n<p>A decis\u00e3o foi uma resposta \u00e0s discuss\u00f5es internas do governo sobre a necessidade de cortes na previd\u00eancia da caserna, com o objetivo de reduzir o rombo nas contas p\u00fablicas.<\/p>\n<p>A comiss\u00e3o, composta por oficiais da Marinha, Ex\u00e9rcito e Aeron\u00e1utica, deveria fornecer dados detalhados sobre os benef\u00edcios previdenci\u00e1rios, a fim de que as For\u00e7as Armadas pudessem antecipar-se \u00e0s eventuais altera\u00e7\u00f5es.<\/p>\n<p>Essa mobiliza\u00e7\u00e3o aconteceu ap\u00f3s uma reuni\u00e3o entre M\u00facio e o presidente Lula, onde ficou claro que os cortes seriam inevit\u00e1veis, mas deveriam ser implementados de forma a minimizar os impactos.<\/p>\n<p>O governo, que j\u00e1 enfrentava press\u00f5es por conta do elevado d\u00e9ficit previdenci\u00e1rio, queria que as mudan\u00e7as na previd\u00eancia dos militares fossem inclu\u00eddas em um pacote mais amplo de cortes de gastos.<\/p>\n<p><strong><a href=\"https:\/\/www.sociedademilitar.com.br\/2024\/09\/alegria-durou-pouco-apos-anuncio-de-reajuste-salarial-de-9-governo-prepara-cortes-na-aposentadoria-dos-militares-das-forcas-armadas-2022j.html\">Source link<\/a><\/strong><\/p>\n<\/div>\n<p><br \/>\n<br \/><a href=\"https:\/\/paulofigueiredoshow.com\/apos-anuncio-de-reajuste-salarial-de-9-governo-prepara-cortes-na-aposentadoria-dos-militares-das-forcas-armadas\/\">Source link <\/a><\/p>","protected":false},"excerpt":{"rendered":"<p>Enquanto militares das For\u00e7as Armadas aguardam reajuste salarial para 2025 e 2026, governo federal planeja medidas para reformar a previd\u00eancia e reduzir o rombo nas contas p\u00fablicas. O governo federal&hellip;<\/p>","protected":false},"author":1,"featured_media":32854,"comment_status":"closed","ping_status":"open","sticky":false,"template":"","format":"standard","meta":{"content-type":"","footnotes":""},"categories":[16],"tags":[],"class_list":["post-32853","post","type-post","status-publish","format-standard","has-post-thumbnail","hentry","category-noticias"],"_links":{"self":[{"href":"https:\/\/tvbrazilusa.com\/pt\/wp-json\/wp\/v2\/posts\/32853","targetHints":{"allow":["GET"]}}],"collection":[{"href":"https:\/\/tvbrazilusa.com\/pt\/wp-json\/wp\/v2\/posts"}],"about":[{"href":"https:\/\/tvbrazilusa.com\/pt\/wp-json\/wp\/v2\/types\/post"}],"author":[{"embeddable":true,"href":"https:\/\/tvbrazilusa.com\/pt\/wp-json\/wp\/v2\/users\/1"}],"replies":[{"embeddable":true,"href":"https:\/\/tvbrazilusa.com\/pt\/wp-json\/wp\/v2\/comments?post=32853"}],"version-history":[{"count":1,"href":"https:\/\/tvbrazilusa.com\/pt\/wp-json\/wp\/v2\/posts\/32853\/revisions"}],"predecessor-version":[{"id":32855,"href":"https:\/\/tvbrazilusa.com\/pt\/wp-json\/wp\/v2\/posts\/32853\/revisions\/32855"}],"wp:featuredmedia":[{"embeddable":true,"href":"https:\/\/tvbrazilusa.com\/pt\/wp-json\/wp\/v2\/media\/32854"}],"wp:attachment":[{"href":"https:\/\/tvbrazilusa.com\/pt\/wp-json\/wp\/v2\/media?parent=32853"}],"wp:term":[{"taxonomy":"category","embeddable":true,"href":"https:\/\/tvbrazilusa.com\/pt\/wp-json\/wp\/v2\/categories?post=32853"},{"taxonomy":"post_tag","embeddable":true,"href":"https:\/\/tvbrazilusa.com\/pt\/wp-json\/wp\/v2\/tags?post=32853"}],"curies":[{"name":"wp","href":"https:\/\/api.w.org\/{rel}","templated":true}]}}