{"id":32874,"date":"2024-09-06T15:08:00","date_gmt":"2024-09-06T15:08:00","guid":{"rendered":"https:\/\/tvbrazilusa.com\/2024\/09\/06\/the-front-room-filme-de-terror-da-a24-estrelado-por-brandy-filmado-em-nj\/"},"modified":"2024-09-06T15:29:18","modified_gmt":"2024-09-06T15:29:18","slug":"the-front-room-filme-de-terror-da-a24-estrelado-por-brandy-filmado-em-nj","status":"publish","type":"post","link":"https:\/\/tvbrazilusa.com\/pt\/2024\/09\/06\/the-front-room-filme-de-terror-da-a24-estrelado-por-brandy-filmado-em-nj\/","title":{"rendered":"&#8216;The Front Room&#8217;, filme de terror da A24 estrelado por Brandy, filmado em NJ"},"content":{"rendered":"<p> <script async src=\"https:\/\/pagead2.googlesyndication.com\/pagead\/js\/adsbygoogle.js?client=ca-pub-8864793242727901\"\r\n     crossorigin=\"anonymous\"><\/script><br \/>\n<\/p>\n<div>\n<p class=\"article__paragraph article__paragraph--left\" id=\"R26WYLLFSZEJZK6FDSZDYLXSDA\"><a href=\"https:\/\/a24films.com\/films\/the-front-room\" target=\"_blank\" rel=\"noopener\">A24<\/a>O mais novo filme de terror da Marvel est\u00e1 nos cinemas e \u00e9 um pesadelo de Nova Jersey.<\/p>\n<p class=\"article__paragraph article__paragraph--left\" id=\"5GZ2UNEEBRCLRL6VXXVXAWAJAQ\">Em &#8220;<a href=\"https:\/\/a24films.com\/films\/the-front-room\" target=\"_blank\" rel=\"noopener\">A sala da frente<\/a>\u201d, que foi filmado localmente (veja os locais e o trailer abaixo), o cantor e ator vencedor do Grammy <a href=\"https:\/\/www.instagram.com\/brandy\/\" target=\"_blank\" rel=\"noopener\">conhaque<\/a> interpreta uma mulher gr\u00e1vida chamada Belinda.<\/p>\n<p class=\"article__paragraph article__paragraph--left\" id=\"3PVQXUSQGZG7DJ5MYF3UAOCEO4\">De acordo com a sinopse do filme, Belinda v\u00ea tudo \u201cir para o inferno\u201d depois que sua sogra Solange, interpretada por <a href=\"https:\/\/www.instagram.com\/thekathrynhunter\/\" target=\"_blank\" rel=\"noopener\">Ca\u00e7ador de Kathryn<\/a> (\u201d<a href=\"https:\/\/www.nj.com\/entertainment\/2023\/12\/nj-actor-ramy-youssef-talks-poor-things-his-role-in-the-new-oscar-buzzy-film.html\" target=\"_blank\" rel=\"noopener\">Coitadinhos<\/a>\u201cA Trag\u00e9dia de Macbeth\u201d, o pr\u00f3ximo filme de Francis Ford Coppola \u201c<a href=\"https:\/\/www.lionsgate.com\/movies\/megalopolis\" target=\"_blank\" rel=\"noopener\">Megal\u00f3pole<\/a>\u201d), muda-se para a casa que divide com o marido, Norman, interpretado por <a href=\"https:\/\/www.instagram.com\/atburnap\/\" target=\"_blank\" rel=\"noopener\">Andr\u00e9 Burnap<\/a> (\u201cSob a Bandeira do C\u00e9u\u201d, o pr\u00f3ximo \u201c<a href=\"https:\/\/www.nj.com\/entertainment\/2024\/08\/see-and-hear-njs-rachel-zegler-in-first-snow-white-teaser-from-disney.html\" target=\"_blank\" rel=\"noopener\">Branca de Neve<\/a>&#8220;com Jersey&#8217;s <a href=\"https:\/\/www.nj.com\/entertainment\/2024\/08\/see-and-hear-njs-rachel-zegler-in-first-snow-white-teaser-from-disney.html\" target=\"_blank\" rel=\"noopener\">(Rachel Zegler)<\/a>.<\/p>\n<p class=\"article__paragraph article__paragraph--left\" id=\"EBA2BXNAPBDJTHQVBRDMUX2BTU\">Porque Solange, a madrasta amea\u00e7adora de Norman, aparentemente acredita que tem poderes especiais e est\u00e1 decidida a assumir o controle do beb\u00ea de Belinda.<\/p>\n<p class=\"article__paragraph article__paragraph--left\" id=\"X32BTL4CMBF47KDACO25GQUE7U\">\u201cThe Front Room\u201d, nos cinemas na sexta-feira, \u00e9 a estreia na dire\u00e7\u00e3o de dois irm\u00e3os g\u00eameos <a href=\"https:\/\/www.imdb.com\/name\/nm3220455\/?ref_=nv_sr_srsg_0_tt_6_nm_2_in_0_q_max%2520eggers\" target=\"_blank\" rel=\"noopener\">Max Eggers<\/a> e <a href=\"https:\/\/www.instagram.com\/sameggers_\/\" target=\"_blank\" rel=\"noopener\">Sam Eggers<\/a>. Eles tamb\u00e9m escreveram o roteiro, que \u00e9 baseado em um conto do autor ingl\u00eas <a href=\"https:\/\/www.penguin.co.uk\/books\/457370\/the-travelling-bag-by-hill-susan\/9781529913446\" target=\"_blank\" rel=\"noopener\">Susan Colina<\/a> da sua cole\u00e7\u00e3o de 2016 \u201c<a href=\"https:\/\/www.penguin.co.uk\/books\/457370\/the-travelling-bag-by-hill-susan\/9781529913446\" target=\"_blank\" rel=\"noopener\">A mala de viagem e outras hist\u00f3rias fantasmag\u00f3ricas<\/a>.\u201d<\/p>\n<p class=\"article__paragraph article__paragraph--left\" id=\"ABP7X4Y3PZD3XL6MRZO7KRHYIE\">Para os irm\u00e3os Eggers, o terror est\u00e1 no sangue da fam\u00edlia.<\/p>\n<figure class=\"article__image\">\n<div class=\"article__image-wrapper\"><picture><source media=\"(max-width: 500px)\" srcset=\"https:\/\/www.nj.com\/resizer\/v2\/ECF53FVMTVDGHL5XB6YTACARBI.jpg?auth=fdc0eb844b2268bbaf81ac53aa78474ca15e89f20a7bacf41b45dbac0af1a6c2&#038;width=500&#038;quality=90 500w\"\/><source media=\"(max-width: 800px)\" srcset=\"https:\/\/www.nj.com\/resizer\/v2\/ECF53FVMTVDGHL5XB6YTACARBI.jpg?auth=fdc0eb844b2268bbaf81ac53aa78474ca15e89f20a7bacf41b45dbac0af1a6c2&#038;width=800&#038;quality=90 800w\"\/><source srcset=\"https:\/\/www.nj.com\/resizer\/v2\/ECF53FVMTVDGHL5XB6YTACARBI.jpg?auth=fdc0eb844b2268bbaf81ac53aa78474ca15e89f20a7bacf41b45dbac0af1a6c2&#038;width=1280&#038;quality=90 1280w\"\/><\/picture><figcaption class=\"article__image-caption\">\n<p class=\"article__mm-image-caption-text\">Brandy precisa ficar de olho na sogra em &#8220;The Front Room&#8221;.<span class=\"article__mm-image-credit\">Pacote Jon | A24<\/span><\/p>\n<\/figcaption><\/div>\n<\/figure>\n<p class=\"article__paragraph article__paragraph--left\" id=\"3H7OOM23LZD2XBER3WAX4PTF5Y\">O irm\u00e3o mais velho deles, <a href=\"https:\/\/www.imdb.com\/name\/nm3211470\/?ref_=fn_al_nm_1\" target=\"_blank\" rel=\"noopener\">Robert Eggers<\/a>\u00e9 um diretor conhecido por filmes de terror como seu primeiro longa-metragem de sucesso \u201c<a href=\"https:\/\/play.max.com\/movie\/75ef365a-3062-4b29-b89a-a1929f7fa19f?utm_source=universal_search\" target=\"_blank\" rel=\"noopener\">A Bruxa<\/a>\u201d (2015) e \u201c<a href=\"https:\/\/play.max.com\/movie\/f2f059c0-35af-4e6a-b04e-3c64e5c10d84?utm_source=universal_search\" target=\"_blank\" rel=\"noopener\">O Farol<\/a>\u201d (2019, co-escrito por Max Eggers), ambos distribu\u00eddos pela A24. Ele tamb\u00e9m dirigiu o \u00e9pico hist\u00f3rico \u201c<a href=\"https:\/\/www.amazon.com\/gp\/video\/detail\/amzn1.dv.gti.bbaee0ec-3a6f-418f-a11f-d80f31448e64?autoplay=0&#038;ref_=atv_cf_strg_wb\" target=\"_blank\" rel=\"noopener\">O n\u00f3rdico<\/a>\u201d (2022) e o pr\u00f3ximo remake de \u201c<a href=\"https:\/\/www.youtube.com\/watch?v=b59rxDB_JRg\" target=\"_blank\" rel=\"noopener\">Nosferatu<\/a>que estrear\u00e1 nos cinemas no Natal.<\/p>\n<p class=\"article__paragraph article__paragraph--left\" id=\"F5ZQS43S2BB2ZE6N5R7GN45VDA\">Joe Marra, oficial de projeto da Comiss\u00e3o de Cinema e Televis\u00e3o de Nova Jersey, disse \u00e0 NJ Advance Media que &#8220;The Front Room&#8221; foi filmado em casas em Boonton, no Condado de Morris, e em Washington Township, no Condado de Bergen.<\/p>\n<p class=\"article__paragraph article__paragraph--left\" id=\"SBOG2B32UBET3C2VY7J6UZMH7I\">Os irm\u00e3os Eggers tamb\u00e9m filmaram em <a href=\"https:\/\/bergen.edu\/\" target=\"_blank\" rel=\"noopener\">Faculdade comunit\u00e1ria de Bergen<\/a> em Paramus, <a href=\"https:\/\/www.co.bergen.nj.us\/parks-recreation-areas\/campgaw-mountain-reservation\" target=\"_blank\" rel=\"noopener\">Reserva da Montanha Campgaw<\/a> em Mahwah, <a href=\"https:\/\/www.fdu.edu\/\" target=\"_blank\" rel=\"noopener\">Universidade Fairleigh Dickinson<\/a>&#8216;s <a href=\"https:\/\/www.fdu.edu\/campuses\/florham-campus\/\" target=\"_blank\" rel=\"noopener\">Florham<\/a> campus e um pr\u00e9dio de escrit\u00f3rios na Littleton Road em Parsippany.<\/p>\n<p class=\"article__paragraph article__paragraph--left\" id=\"5EPZYG65BVHLTFZMAMVNOEHSLA\">Marra diz que a produ\u00e7\u00e3o, que come\u00e7ou a ser filmada em 2022, relatou ter gasto cerca de US$ 9,8 milh\u00f5es em Nova Jersey antes que as filmagens adicionais fossem conclu\u00eddas h\u00e1 v\u00e1rios meses.<\/p>\n<p class=\"article__paragraph article__paragraph--left\" id=\"NKBQMUKSSVFNLLW22YROJQRNIY\">Os pap\u00e9is de Brandy na TV incluem pap\u00e9is principais em \u201cMoesha\u201d, \u201cThe Game\u201d e \u201c<a href=\"https:\/\/www.nj.com\/entertainment\/2022\/02\/njs-naturi-naughton-on-why-abcs-queens-is-surreal-and-the-power-of-true-sisterhood.html\" target=\"_blank\" rel=\"noopener\">Rainhas<\/a>\u201d e seus cr\u00e9ditos cinematogr\u00e1ficos incluem o filme para TV \u201cCinderela\u201d (1997), \u201cEu Ainda Sei o Que Voc\u00eas Fizeram no Ver\u00e3o Passado\u201d (1998), \u201cO Par Perfeito\u201d (2016) e o filme da Netflix \u201cO Melhor. Natal. de Todos os Tempos!\u201d (2023).<\/p>\n<p class=\"article__paragraph article__paragraph--left\" id=\"O34Q7E77GNAQTCJTRGMQTIUMOQ\">Ela estrela ao lado de Hunter, Burnap e Neal Huff (\u201cSpotlight\u201d, \u201cThe Blacklist\u201d) em \u201cThe Front Room\u201d.<\/p>\n<p class=\"article__paragraph article__paragraph--left\" id=\"PLI2N55KQRB23FPBZM4JYCPWBQ\"><i>\u201c<\/i><a href=\"https:\/\/a24films.com\/films\/the-front-room\" target=\"_blank\" rel=\"noopener\"><i>A sala da frente<\/i><\/a><i>nos cinemas de todo o pa\u00eds na sexta-feira, 6 de setembro, tem dura\u00e7\u00e3o de 1 hora e 34 minutos e \u00e9 classificado como R por linguagem, algum conte\u00fado violento\/perturbador, breve sexualidade e nudez.<\/i><\/p>\n<section class=\"Stories-By-Author-module_wrapper__ezbcK Stories-By-Author-module_nj__Ap1-Y\"\/>\n<p class=\"article__paragraph article__paragraph--left\" id=\"XEVWW6UMFJAA5ACPYI3323ISEM\"><i>Obrigado por ler. Por favor, considere apoiar <\/i><a href=\"https:\/\/www.nj.com\/\"><i>NJ.com<\/i><\/a><i>  com uma assinatura.<\/i><\/p>\n<p class=\"article__paragraph article__paragraph--left\" id=\"LFF5B7AS3ZA77LGMVIMN3FBOAY\"><i>Amy Kuperinsky pode ser contatada em <\/i><a href=\"https:\/\/www.nj.com\/entertainment\/2024\/09\/mailto:akuperinsky@njadvancemedia.com\"><i>akuperinsky@njadvancemedia.com<\/i><\/a><i>  e seguido em <\/i><a href=\"http:\/\/www.twitter.com\/amykup\"><i>@AmyKup<\/i><\/a><i>.<\/i><\/p>\n<\/div>\n<p><script async src=\"\/\/platform.twitter.com\/widgets.js\" charset=\"utf-8\"><\/script><script async src=\"\/\/www.instagram.com\/embed.js\"><\/script><br \/>\n<br \/><br \/>\n<br \/><a href=\"https:\/\/www.nj.com\/entertainment\/2024\/09\/the-front-room-a24-horror-movie-starring-brandy-filmed-in-nj.html\">Source link <\/a><\/p>","protected":false},"excerpt":{"rendered":"<p>A24O mais novo filme de terror da Marvel est\u00e1 nos cinemas e \u00e9 um pesadelo de Nova Jersey. Em &#8220;A sala da frente\u201d, que foi filmado localmente (veja os locais&hellip;<\/p>","protected":false},"author":1,"featured_media":32875,"comment_status":"closed","ping_status":"open","sticky":false,"template":"","format":"standard","meta":{"content-type":"","footnotes":""},"categories":[1],"tags":[18081],"class_list":["post-32874","post","type-post","status-publish","format-standard","has-post-thumbnail","hentry","category-uncategorized","tag-tfr_20220831"],"_links":{"self":[{"href":"https:\/\/tvbrazilusa.com\/pt\/wp-json\/wp\/v2\/posts\/32874","targetHints":{"allow":["GET"]}}],"collection":[{"href":"https:\/\/tvbrazilusa.com\/pt\/wp-json\/wp\/v2\/posts"}],"about":[{"href":"https:\/\/tvbrazilusa.com\/pt\/wp-json\/wp\/v2\/types\/post"}],"author":[{"embeddable":true,"href":"https:\/\/tvbrazilusa.com\/pt\/wp-json\/wp\/v2\/users\/1"}],"replies":[{"embeddable":true,"href":"https:\/\/tvbrazilusa.com\/pt\/wp-json\/wp\/v2\/comments?post=32874"}],"version-history":[{"count":1,"href":"https:\/\/tvbrazilusa.com\/pt\/wp-json\/wp\/v2\/posts\/32874\/revisions"}],"predecessor-version":[{"id":32876,"href":"https:\/\/tvbrazilusa.com\/pt\/wp-json\/wp\/v2\/posts\/32874\/revisions\/32876"}],"wp:featuredmedia":[{"embeddable":true,"href":"https:\/\/tvbrazilusa.com\/pt\/wp-json\/wp\/v2\/media\/32875"}],"wp:attachment":[{"href":"https:\/\/tvbrazilusa.com\/pt\/wp-json\/wp\/v2\/media?parent=32874"}],"wp:term":[{"taxonomy":"category","embeddable":true,"href":"https:\/\/tvbrazilusa.com\/pt\/wp-json\/wp\/v2\/categories?post=32874"},{"taxonomy":"post_tag","embeddable":true,"href":"https:\/\/tvbrazilusa.com\/pt\/wp-json\/wp\/v2\/tags?post=32874"}],"curies":[{"name":"wp","href":"https:\/\/api.w.org\/{rel}","templated":true}]}}