{"id":32883,"date":"2024-09-06T15:44:40","date_gmt":"2024-09-06T15:44:40","guid":{"rendered":"https:\/\/tvbrazilusa.com\/2024\/09\/06\/tarcisio-de-freitas-recusa-jantar-de-alexandre-de-moraes-paulo-figueiredo\/"},"modified":"2024-09-06T15:46:54","modified_gmt":"2024-09-06T15:46:54","slug":"tarcisio-de-freitas-recusa-jantar-de-alexandre-de-moraes-paulo-figueiredo","status":"publish","type":"post","link":"https:\/\/tvbrazilusa.com\/pt\/2024\/09\/06\/tarcisio-de-freitas-recusa-jantar-de-alexandre-de-moraes-paulo-figueiredo\/","title":{"rendered":"Tarc\u00edsio de Freitas recusa jantar de Alexandre de Moraes &#8211; Paulo Figueiredo"},"content":{"rendered":"<p> <script async src=\"https:\/\/pagead2.googlesyndication.com\/pagead\/js\/adsbygoogle.js?client=ca-pub-8864793242727901\"\r\n     crossorigin=\"anonymous\"><\/script><br \/>\n<\/p>\n<div id=\"wtr-content\" data-bg=\"#FFFFFF\" data-fg=\"#006d91\" data-width=\"25\" data-mute=\"1\" data-fgopacity=\"1.00\" data-mutedopacity=\"0.5\" data-placement=\"bottom\" data-placement-offset=\"0\" data-content-offset=\"262\" data-placement-touch=\"bottom\" data-placement-offset-touch=\"0\" data-transparent=\"\" data-shadow=\"0\" data-touch=\"1\" data-non-touch=\"1\" data-comments=\"0\" data-commentsbg=\"transparent\" data-location=\"page\" data-mutedfg=\"#006d91\" data-endfg=\"#006d91\" data-rtl=\"\">\n<p>O governador de S\u00e3o Paulo, Tarc\u00edsio de Freitas (Republicanos), recusou convite para um jantar promovido pelo ministro do Supremo Tribunal Federal (STF), Alexandre de Moraes, informa o jornal O Globo.<\/p>\n<p>O evento foi promovido pelo magistrado na \u00faltima sexta-feira (31) na casa de Moraes para celebrar homenagem recebida do Minist\u00e9rio P\u00fablico de S\u00e3o Paulo.<\/p>\n<p>Segunda a publica\u00e7\u00e3o, Tarc\u00edsio afirmou que a presen\u00e7a dele poderia gerar pol\u00eamicas, j\u00e1 que o jantar foi oferecido no dia em que Moraes decidiu censurar a rede social X, o que \u00e9 duramente condenado na base bolsonarista.<\/p>\n<\/div>\n<p><br \/>\n<br \/><a href=\"https:\/\/paulofigueiredoshow.com\/tarcisio-de-freitas-recusa-jantar-de-alexandre-de-moraes\/\">Source link <\/a><\/p>","protected":false},"excerpt":{"rendered":"<p>O governador de S\u00e3o Paulo, Tarc\u00edsio de Freitas (Republicanos), recusou convite para um jantar promovido pelo ministro do Supremo Tribunal Federal (STF), Alexandre de Moraes, informa o jornal O Globo.&hellip;<\/p>","protected":false},"author":1,"featured_media":32884,"comment_status":"closed","ping_status":"open","sticky":false,"template":"","format":"standard","meta":{"content-type":"","footnotes":""},"categories":[16],"tags":[229,425],"class_list":["post-32883","post","type-post","status-publish","format-standard","has-post-thumbnail","hentry","category-noticias","tag-jantar","tag-moraes"],"_links":{"self":[{"href":"https:\/\/tvbrazilusa.com\/pt\/wp-json\/wp\/v2\/posts\/32883","targetHints":{"allow":["GET"]}}],"collection":[{"href":"https:\/\/tvbrazilusa.com\/pt\/wp-json\/wp\/v2\/posts"}],"about":[{"href":"https:\/\/tvbrazilusa.com\/pt\/wp-json\/wp\/v2\/types\/post"}],"author":[{"embeddable":true,"href":"https:\/\/tvbrazilusa.com\/pt\/wp-json\/wp\/v2\/users\/1"}],"replies":[{"embeddable":true,"href":"https:\/\/tvbrazilusa.com\/pt\/wp-json\/wp\/v2\/comments?post=32883"}],"version-history":[{"count":1,"href":"https:\/\/tvbrazilusa.com\/pt\/wp-json\/wp\/v2\/posts\/32883\/revisions"}],"predecessor-version":[{"id":32885,"href":"https:\/\/tvbrazilusa.com\/pt\/wp-json\/wp\/v2\/posts\/32883\/revisions\/32885"}],"wp:featuredmedia":[{"embeddable":true,"href":"https:\/\/tvbrazilusa.com\/pt\/wp-json\/wp\/v2\/media\/32884"}],"wp:attachment":[{"href":"https:\/\/tvbrazilusa.com\/pt\/wp-json\/wp\/v2\/media?parent=32883"}],"wp:term":[{"taxonomy":"category","embeddable":true,"href":"https:\/\/tvbrazilusa.com\/pt\/wp-json\/wp\/v2\/categories?post=32883"},{"taxonomy":"post_tag","embeddable":true,"href":"https:\/\/tvbrazilusa.com\/pt\/wp-json\/wp\/v2\/tags?post=32883"}],"curies":[{"name":"wp","href":"https:\/\/api.w.org\/{rel}","templated":true}]}}