{"id":32990,"date":"2024-09-06T15:32:48","date_gmt":"2024-09-06T15:32:48","guid":{"rendered":"https:\/\/tvbrazilusa.com\/2024\/09\/06\/lula-diz-que-pode-demitir-almeida-se-ficar-comprovada-denuncia-ninguem-vai-ficar-no-governo-paulo-figueiredo\/"},"modified":"2024-09-06T19:18:34","modified_gmt":"2024-09-06T19:18:34","slug":"lula-diz-que-pode-demitir-almeida-se-ficar-comprovada-denuncia-ninguem-vai-ficar-no-governo-paulo-figueiredo","status":"publish","type":"post","link":"https:\/\/tvbrazilusa.com\/pt\/2024\/09\/06\/lula-diz-que-pode-demitir-almeida-se-ficar-comprovada-denuncia-ninguem-vai-ficar-no-governo-paulo-figueiredo\/","title":{"rendered":"Lula diz que pode demitir Almeida se ficar comprovada den\u00fancia: \u201cningu\u00e9m vai ficar no governo\u201d &#8211; Paulo Figueiredo"},"content":{"rendered":"<p> <script async src=\"https:\/\/pagead2.googlesyndication.com\/pagead\/js\/adsbygoogle.js?client=ca-pub-8864793242727901\"\r\n     crossorigin=\"anonymous\"><\/script><br \/>\n<\/p>\n<div id=\"wtr-content\" data-bg=\"#FFFFFF\" data-fg=\"#006d91\" data-width=\"25\" data-mute=\"1\" data-fgopacity=\"1.00\" data-mutedopacity=\"0.5\" data-placement=\"bottom\" data-placement-offset=\"0\" data-content-offset=\"262\" data-placement-touch=\"bottom\" data-placement-offset-touch=\"0\" data-transparent=\"\" data-shadow=\"0\" data-touch=\"1\" data-non-touch=\"1\" data-comments=\"0\" data-commentsbg=\"transparent\" data-location=\"page\" data-mutedfg=\"#006d91\" data-endfg=\"#006d91\" data-rtl=\"\">\n<pre class=\"wp-block-preformatted has-small-font-size\">Foto - Ricardo Stuckert\/Divulga\u00e7\u00e3o<\/pre>\n<h3 class=\"wp-block-heading\">Presidente afirma que \u201cningu\u00e9m vai ficar no governo\u201d se den\u00fancia for comprovada, mas dar\u00e1 a Almeida o direito \u00e0 defesa.<\/h3>\n<p>O presidente\u00a0Luiz In\u00e1cio Lula da Silva\u00a0(PT) afirmou, nesta sexta (6), que pode vir a demitir o ministro Silvio Almeida, dos Direitos Humanos, se ficar comprovada a\u00a0den\u00fancia de ass\u00e9dio sexual revelada contra ele na noite de quinta (5) pela ong Me Too Brasil.<\/p>\n<p>Lula confirmou que se reunir\u00e1 \u00e0 tarde com o ministro Almeida ap\u00f3s voltar da viagem que faz a Goi\u00e2nia. \u201cAlgu\u00e9m que pratica ass\u00e9dio n\u00e3o vai ficar no governo\u201d, disse afirmando que n\u00e3o pode tomar uma decis\u00e3o antes de ouvir os envolvidos, e que colocou diversos \u00f3rg\u00e3os para apurar as den\u00fancias.<\/p>\n<p>\u201cEu s\u00f3 tenho que ter o bom senso que a gente permita o direito \u00e0 defesa, a presun\u00e7\u00e3o de inoc\u00eancia, de direito de se defender\u201d, disse em entrevista \u00e0 r\u00e1dio\u00a0<em>Difusora\u00a0<\/em>da capital goiana.<\/p>\n<p>Lula afirmou que foi informado da den\u00fancia na noite de quinta (5) e determinou uma reuni\u00e3o de Almeida com o ao controlador-geral da Uni\u00e3o, Vin\u00edcius Carvalho, e ao advogado-geral da Uni\u00e3o, Jorge Messias, que procederam com a abertura da apura\u00e7\u00e3o. A\u00a0Pol\u00edcia Federal tamb\u00e9m abrir\u00e1 uma investiga\u00e7\u00e3o nesta sexta (6), com a expectativa de tomar os primeiros depoimentos na pr\u00f3xima semana.<\/p>\n<p>O presidente, no entanto, evitou comentar sobre a possibilidade da ministra Anielle Franco, da Igualdade Racial e colega de Almeida na Esplanada, tamb\u00e9m ter sido v\u00edtima do ass\u00e9dio, como revelou o site Metr\u00f3poles com fontes na noite de quinta (5). A\u00a0primeira-dama Janja da Silva publicou uma foto com a ministra, em sinal de consolo pelas den\u00fancias.<\/p>\n<p>\u201cO motivo de uma foto da Janja com a Anielle \u00e9 a demonstra\u00e7\u00e3o inequ\u00edvoca que as mulheres est\u00e3o com as mulheres, e \u00e9 normal. N\u00e3o tem uma mulher que fique favor\u00e1vel a algu\u00e9m que seja denunciado de ass\u00e9dio\u201d, pontuou.<\/p>\n<p>Lula disse, ainda, que a poss\u00edvel demiss\u00e3o ser\u00e1 a prova de que o governo est\u00e1 \u201cnuma briga\u201d pela defesa das mulheres, que \u00e9 uma das prioridades desta terceira gest\u00e3o dele. \u201cAcho que n\u00e3o \u00e9 poss\u00edvel a continuidade no governo, porque o governo n\u00e3o vai fazer jus ao seu discurso, \u00e0 defesa das mulheres, \u00e0 defesa inclusive dos direitos humanos com algu\u00e9m que esteja sendo acusado de ass\u00e9dio\u201d, ressaltou.<\/p>\n<p>O presidente afirmou que conversar\u00e1 \u00e0 tarde com tr\u00eas ministros, Almeida e Anielle para tomar uma decis\u00e3o se o afasta ou demite do governo. \u201cN\u00e3o vou permitir que um erro pessoal de algu\u00e9m, ou o equ\u00edvoco de algu\u00e9m v\u00e1 prejudicar o governo\u201d, completou.<\/p>\n<p>\u201cAss\u00e9dio n\u00e3o pode coexistir com a democracia, com o respeito aos direitos humanos e, sobretudo, com o respeito a um subordinado\u201d, emendou Lula.<\/p>\n<p>Ainda na noite de quinta (5), o\u00a0pr\u00f3prio governo disse reconhecer a gravidade das den\u00fancias\u00a0e afirmou que o caso \u201cest\u00e1 sendo tratado com o rigor e a celeridade que situa\u00e7\u00f5es que envolvem poss\u00edveis viol\u00eancias contra as mulheres exigem\u201d. Essa foi, inclusive, uma cobran\u00e7a feita pelo Minist\u00e9rio das Mulheres nesta sexta (6), que repudiou as den\u00fancias.<\/p>\n<p>Por outro lado,\u00a0Silvio Almeida se defendeu e afirmou que as den\u00fancias s\u00e3o \u201cmentiras\u201d e \u201cila\u00e7\u00f5es absurdas\u201d que buscam prejudic\u00e1-lo no trabalho\u00a0do minist\u00e9rio. Ele disse, ainda, que encaminharia um of\u00edcio \u00e0 Controladoria-Geral da Uni\u00e3o (CGU), ao Minist\u00e9rio da Justi\u00e7a e \u00e0 Procuradoria Geral da Rep\u00fablica (PGR) para investigarem o caso.<\/p>\n<p>Al\u00e9m de Almeida, o pr\u00f3prio\u00a0Minist\u00e9rio dos Direitos Humanos tamb\u00e9m respondeu \u00e0s den\u00fancias, afirmando que s\u00e3o uma tentativa da ong Me Too\u00a0de interferir no processo de licita\u00e7\u00e3o da nova gest\u00e3o do Disque 100, servi\u00e7o voltado ao atendimento de viola\u00e7\u00f5es dos direitos humanos.<\/p>\n<p>O minist\u00e9rio afirmou que, diante da identifica\u00e7\u00e3o de um poss\u00edvel superfaturamento no processo de licita\u00e7\u00e3o, a Assessoria Especial de Controle Interno revisou o contrato, reduzindo o valor anual de R$ 80 milh\u00f5es para R$ 56 milh\u00f5es. Ap\u00f3s essa altera\u00e7\u00e3o, a Me Too teria tentado novamente influenciar o processo, mas sem sucesso.<\/p>\n<p><strong><a href=\"https:\/\/www.gazetadopovo.com.br\/republica\/lula-demitir-almeida-ficar-comprovada-denuncia\/\">Source link<\/a><\/strong><\/p>\n<\/div>\n<p><br \/>\n<br \/><a href=\"https:\/\/paulofigueiredoshow.com\/lula-diz-que-pode-demitir-almeida-se-ficar-comprovada-denuncia-ninguem-vai-ficar-no-governo\/\">Source link <\/a><\/p>","protected":false},"excerpt":{"rendered":"<p>Foto &#8211; Ricardo Stuckert\/Divulga\u00e7\u00e3o Presidente afirma que \u201cningu\u00e9m vai ficar no governo\u201d se den\u00fancia for comprovada, mas dar\u00e1 a Almeida o direito \u00e0 defesa. O presidente\u00a0Luiz In\u00e1cio Lula da Silva\u00a0(PT)&hellip;<\/p>","protected":false},"author":1,"featured_media":6276,"comment_status":"closed","ping_status":"open","sticky":false,"template":"","format":"standard","meta":{"content-type":"","footnotes":""},"categories":[16],"tags":[18079,2035,336,1378],"class_list":["post-32990","post","type-post","status-publish","format-standard","has-post-thumbnail","hentry","category-noticias","tag-assedio-sexual","tag-denuncia","tag-governo","tag-pt"],"_links":{"self":[{"href":"https:\/\/tvbrazilusa.com\/pt\/wp-json\/wp\/v2\/posts\/32990","targetHints":{"allow":["GET"]}}],"collection":[{"href":"https:\/\/tvbrazilusa.com\/pt\/wp-json\/wp\/v2\/posts"}],"about":[{"href":"https:\/\/tvbrazilusa.com\/pt\/wp-json\/wp\/v2\/types\/post"}],"author":[{"embeddable":true,"href":"https:\/\/tvbrazilusa.com\/pt\/wp-json\/wp\/v2\/users\/1"}],"replies":[{"embeddable":true,"href":"https:\/\/tvbrazilusa.com\/pt\/wp-json\/wp\/v2\/comments?post=32990"}],"version-history":[{"count":1,"href":"https:\/\/tvbrazilusa.com\/pt\/wp-json\/wp\/v2\/posts\/32990\/revisions"}],"predecessor-version":[{"id":32991,"href":"https:\/\/tvbrazilusa.com\/pt\/wp-json\/wp\/v2\/posts\/32990\/revisions\/32991"}],"wp:featuredmedia":[{"embeddable":true,"href":"https:\/\/tvbrazilusa.com\/pt\/wp-json\/wp\/v2\/media\/6276"}],"wp:attachment":[{"href":"https:\/\/tvbrazilusa.com\/pt\/wp-json\/wp\/v2\/media?parent=32990"}],"wp:term":[{"taxonomy":"category","embeddable":true,"href":"https:\/\/tvbrazilusa.com\/pt\/wp-json\/wp\/v2\/categories?post=32990"},{"taxonomy":"post_tag","embeddable":true,"href":"https:\/\/tvbrazilusa.com\/pt\/wp-json\/wp\/v2\/tags?post=32990"}],"curies":[{"name":"wp","href":"https:\/\/api.w.org\/{rel}","templated":true}]}}