{"id":33004,"date":"2024-09-06T19:26:05","date_gmt":"2024-09-06T19:26:05","guid":{"rendered":"https:\/\/tvbrazilusa.com\/2024\/09\/06\/um-assassino-de-aluguel-que-cumpre-prisao-perpetua-recebe-mais-pena-por-matar-whitey-bulger\/"},"modified":"2024-09-06T19:36:58","modified_gmt":"2024-09-06T19:36:58","slug":"um-assassino-de-aluguel-que-cumpre-prisao-perpetua-recebe-mais-pena-por-matar-whitey-bulger","status":"publish","type":"post","link":"https:\/\/tvbrazilusa.com\/pt\/2024\/09\/06\/um-assassino-de-aluguel-que-cumpre-prisao-perpetua-recebe-mais-pena-por-matar-whitey-bulger\/","title":{"rendered":"Um assassino de aluguel que cumpre pris\u00e3o perp\u00e9tua recebe mais pena por matar &#8216;Whitey&#8217; Bulger"},"content":{"rendered":"<p> <script async src=\"https:\/\/pagead2.googlesyndication.com\/pagead\/js\/adsbygoogle.js?client=ca-pub-8864793242727901\"\r\n     crossorigin=\"anonymous\"><\/script><br \/>\n<\/p>\n<div id=\"\">\n<header class=\"m-article-header m-article-header--standard\">\n\t\t\t\t\t\t\t\t\t\t\t\t<span id=\"article-header-primary-term\"><br \/>\n\t\t\t\t\t\t\t\t<a class=\"a-term a-term--primary\" href=\"https:\/\/www.boston.com\/tag\/crime\/\"><\/p>\n<p>\t\t\t\t\t\t\t\tCrime\t\t\t\t\t\t\t\t<\/a><br \/>\n\t\t\t\t\t\t\t<\/span><\/p>\n<h2 class=\"m-article-header__sub-headline\">Os promotores disseram que Fotios \u201cFreddy\u201d Geas usou um cadeado preso a um cinto para bater repetidamente na cabe\u00e7a de Bulger, de 89 anos, horas depois de ele chegar \u00e0 problem\u00e1tica Penitenci\u00e1ria dos EUA, Hazelton, vindo de outra pris\u00e3o na Fl\u00f3rida em outubro de 2018.<\/h2>\n<figure class=\"a-photo m-article-header__photo\"><figcaption class=\"a-photo__caption\">\n<p>\tFotios &#8220;Freddy&#8221; Geas comparece a um processo judicial em sua defesa no caso do assassinato de Al Bruno, em 14 de abril de 2009, em Springfield, Massachusetts.<em> Don Treeger \/ The Republican via AP, Arquivo<\/em>\t<\/figcaption><\/figure>\n<div class=\"m-article-header__meta\">\n<div class=\"m-article-header__byline\">\n<p class=\"m-article-header__author\">\n<p>\t\t\t\t\t\t\t\tPor JOHN RABY, Associated Press\t\t\t\t\t\t\t<\/p>\n<p>\t\t\t\t\t\t    \t\t\t\t\t\t\t<time class=\"m-article-header__date\"><\/p>\n<p>        \t\t\t\t\t\t\tatualizado em 6 de setembro de 2024 | 15h26    \t\t\t\t\t\t\t<\/time><\/p><\/div>\n<\/p><\/div>\n<\/header>\n<p>CLARKSBURG, Virg\u00ednia Ocidental (AP) \u2014 Um ex-assassino da m\u00e1fia que j\u00e1 cumpria pris\u00e3o perp\u00e9tua foi condenado a 25 anos na sexta-feira pelo assassinato fatal na pris\u00e3o em 2018 do famoso gangster de Boston James \u201cWhitey\u201d Bulger.<\/p>\n<p>Os promotores disseram que Fotios &#8220;Freddy&#8221; Geas usou um cadeado preso a um cinto para bater repetidamente na cabe\u00e7a de Bulger, de 89 anos, horas depois de ele chegar \u00e0 problem\u00e1tica Penitenci\u00e1ria dos EUA, Hazelton, vindo de outra pris\u00e3o na Fl\u00f3rida em outubro de 2018. Os advogados de defesa contestaram essa caracteriza\u00e7\u00e3o na sexta-feira, dizendo que Geas bateu em Bulger com o punho.<\/p>\n<p>O Departamento de Justi\u00e7a disse no ano passado que n\u00e3o buscaria a pena de morte contra Geas pelo assassinato de Bulger.<\/p>\n<p>As senten\u00e7as \u2014 15 anos por homic\u00eddio culposo volunt\u00e1rio e 10 anos por agress\u00e3o resultando em les\u00e3o corporal grave \u2014 ser\u00e3o cumpridas consecutivamente, al\u00e9m da atual pena perp\u00e9tua de Geas.<\/p>\n<p>O Juiz Distrital dos EUA Thomas Kleeh concordou com uma recomenda\u00e7\u00e3o de senten\u00e7a dos promotores que era mais longa do que as diretrizes do governo. Kleeh disse que achou o resultado final &#8220;justo, razo\u00e1vel e justo&#8221;. O juiz rejeitou acusa\u00e7\u00f5es mais s\u00e9rias que inclu\u00edam assassinato e conspira\u00e7\u00e3o para cometer assassinato em primeiro grau, cada uma delas com penas m\u00e1ximas de pris\u00e3o perp\u00e9tua.<\/p>\n<p>O procurador-assistente dos EUA, Brandon Flower, disse que a recomenda\u00e7\u00e3o de senten\u00e7a foi baseada em parte nas idades de Bulger e Geas, 57.<\/p>\n<p>\u201cO Sr. Geas n\u00e3o vai realmente ter a oportunidade de sair\u201d, disse Flower. \u201c\u00c9 l\u00e1 que ele vai passar o resto dos seus dias.\u201d<\/p>\n<p>Geas se recusou a fazer uma declara\u00e7\u00e3o no tribunal antes da senten\u00e7a.<\/p>\n<p>Bulger, que comandou a gangue majoritariamente irlandesa em Boston nas d\u00e9cadas de 1970 e 1980, tamb\u00e9m serviu como informante do FBI que delatou o principal rival de sua gangue, de acordo com o bureau. Bulger negou veementemente ter sido informante do governo.<\/p>\n<p>Bulger se tornou um dos fugitivos mais procurados do pa\u00eds ap\u00f3s fugir de Boston em 1994, gra\u00e7as a uma dica de seu agente do FBI de que ele estava prestes a ser indiciado. Ele foi capturado aos 81 anos, ap\u00f3s mais de 16 anos foragido, e condenado em 2013 por 11 assassinatos e dezenas de outros crimes de gangues.<\/p>\n<p>Outro prisioneiro de Hazelton, o gangster de Massachusetts Paul J. DeCologero, foi condenado a mais de quatro anos de pris\u00e3o em agosto por uma acusa\u00e7\u00e3o de agress\u00e3o no assassinato de Bulger. Os promotores disseram que ele agiu como um vigia para Geas. Um terceiro preso, Sean McKinnon, declarou-se culpado em junho por mentir para agentes especiais do FBI. McKinnon n\u00e3o recebeu nenhuma pena de pris\u00e3o adicional e foi devolvido \u00e0 Fl\u00f3rida para terminar sua liberdade supervisionada. Ele havia cumprido uma pena por roubar armas de um traficante de armas de fogo.<\/p>\n<p>De acordo com os registros do tribunal, os prisioneiros descobriram com anteced\u00eancia que Bulger chegaria \u00e0 instala\u00e7\u00e3o de West Virginia. DeCologero e Geas passaram cerca de sete minutos na cela de Bulger durante o ataque.<\/p>\n<p>Um prisioneiro testemunhou perante um grande j\u00fari que DeCologero lhe disse que Bulger era um &#8220;delator&#8221; e que eles planejavam mat\u00e1-lo assim que ele entrasse na unidade.<\/p>\n<p>Geas era um associado pr\u00f3ximo da M\u00e1fia e agia como um executor, mas n\u00e3o era um membro oficial &#8220;feito&#8221; porque ele \u00e9 grego, n\u00e3o italiano. Ele e seu irm\u00e3o foram condenados \u00e0 pris\u00e3o perp\u00e9tua em 2011 por seus pap\u00e9is em v\u00e1rios crimes violentos, incluindo o assassinato em 2003 de Adolfo &#8220;Big Al&#8221; Bruno, um chefe da fam\u00edlia criminosa Genovese em Springfield, Massachusetts. Outro mafioso ordenou o assassinato de Bruno porque ele estava chateado que Bruno tinha falado com o FBI, disseram os promotores.<\/p>\n<p>Os acordos de confiss\u00e3o de culpa para Geas, DeCologero e McKinnon foram divulgados em 13 de maio. Geas e DeCologero foram identificados como suspeitos logo ap\u00f3s a morte de Bulger, mas permaneceram sem acusa\u00e7\u00f5es por anos enquanto a investiga\u00e7\u00e3o se arrastava.<\/p>\n<p>Ap\u00f3s o assassinato, especialistas criticaram a transfer\u00eancia de Bulger para Hazelton, onde os trabalhadores j\u00e1 estavam alertando sobre viol\u00eancia e falta de pessoal, e sua coloca\u00e7\u00e3o na popula\u00e7\u00e3o em geral, em vez de moradias mais protetoras.<\/p>\n<p>Uma investiga\u00e7\u00e3o do inspetor-geral do Departamento de Justi\u00e7a descobriu em 2022 que o assassinato foi resultado de m\u00faltiplas camadas de falhas de gest\u00e3o, incompet\u00eancia generalizada e pol\u00edticas falhas no Bureau of Prisons federal. O inspetor-geral n\u00e3o encontrou nenhuma evid\u00eancia de &#8220;inten\u00e7\u00e3o maliciosa&#8221; por parte de nenhum funcion\u00e1rio do bureau, mas disse que uma s\u00e9rie de erros burocr\u00e1ticos deixou Bulger \u00e0 merc\u00ea de gangsters rivais.<\/p>\n<p>No tribunal na sexta-feira, o advogado de defesa Nathan Chambers chamou a conduta do Bureau of Prisons de &#8220;chocante&#8221; e &#8220;flagrante&#8221;. Ele disse que Geas contestou algumas declara\u00e7\u00f5es de testemunhas que foram inclu\u00eddas em um relat\u00f3rio de pr\u00e9-senten\u00e7a e observou que uma aut\u00f3psia mostrou que a causa da morte foi um \u00fanico golpe na orelha esquerda.<\/p>\n<p>\u201cN\u00e3o h\u00e1 evid\u00eancias de que uma arma tenha sido usada, muito menos um cadeado\u201d, disse Chambers.<\/p>\n<p>Flower disse mais tarde que a defesa e os promotores concordaram previamente com os fatos do caso, incluindo quem entrou e saiu da cela de Bulger e o que aconteceu com Bulger.<\/p>\n<p>Tamb\u00e9m em 2022, um juiz federal rejeitou uma a\u00e7\u00e3o movida pela fam\u00edlia de Bulger contra o departamento e 30 funcion\u00e1rios n\u00e3o identificados do sistema prisional.<\/p>\n<p>Em julho, o Senado dos EUA aprovou uma legisla\u00e7\u00e3o para reformular a supervis\u00e3o e trazer maior transpar\u00eancia ao departamento ap\u00f3s reportagens da Associated Press que expuseram a corrup\u00e7\u00e3o sist\u00eamica no sistema prisional federal e levaram a um maior escrut\u00ednio do Congresso.<\/p>\n<\/p><\/div>\n<p><script>\n\t\tvar consent=\"grant\";\n\t\t\/* The above code is parsing the JSON data from the local storage and storing it in a variable. *\/\n\t\t\t\t\tconst onetrustStorageConsent = JSON.parse(localStorage.getItem( 'consent_one_trust_bdc' ) );\n\t\t\tif ( ( onetrustStorageConsent !== null ) ) {\n\t\t\t\t\/* Checking to see if the user has consented to the use of cookies.\n\t\t\t\t* If they have not, it is deleting the cookie.\n\t\t\t\t* This will comment for now, until further notice.\n\t\t\t\t*\/\n\t\t\t\t\/\/if ( onetrustStorageConsent.C0002 === false ) {\n\t\t\t\t\/\/\tdocument.cookie=\"_fbp=;expires=Thu, 01 Jan 2010 00:00:00 UTC; path=\/; domain=.boston.com\";\n\t\t\t\t\/\/}\n\t\t\t\t\/* Checking if the user has given consent for the cookie C0002.\n\t\t\t\t* If the user has given consent, the variable consent will be set to 'grant'.\n\t\t\t\t* If the user has not given consent,the variable consent will be set to 'revoke'.\n\t\t\t\t* Documentation https:\/\/developers.facebook.com\/docs\/meta-pixel\/implementation\/gdpr\n\t\t\t\t*\/\n\t\t\t\tif ( onetrustStorageConsent.C0002 !== true ) {\n\t\t\t\t\tconsent=\"revoke\";\n\t\t\t\t}\n\t\t\t}\n\t\t\t\t!function(f,b,e,v,n,t,s)\n\t\t{if(f.fbq)return;n=f.fbq=function(){n.callMethod?\n\t\tn.callMethod.apply(n,arguments):n.queue.push(arguments)};\n\t\tif(!f._fbq)f._fbq=n;n.push=n;n.loaded=!0;n.version='2.0';\n\t\tn.queue=[];t=b.createElement(e);t.async=!0;\n\t\tt.src=v;s=b.getElementsByTagName(e)[0];\n\t\ts.parentNode.insertBefore(t,s)}(window, document,'script',\n\t\t'https:\/\/connect.facebook.net\/en_US\/fbevents.js');\n\t\tfbq('consent', consent);\n\t\tfbq('init', '989222871864976');\n\t\tfbq('track', 'PageView');\n\t<\/script><script type=\"module\">\n\t\tvar consent=\"grant\";\n\t\t\/* The above code is parsing the JSON data from the local storage and storing it in a variable. *\/\n\t\t\tconst onetrustStorageConsent = JSON.parse(localStorage.getItem( 'consent_one_trust_bdc' ) );\n\t\t\t\/* Checking to see if the user has consented to the use of cookies.\n\t\t\t* If they have not, it is deleting the cookie.\n\t\t\t* This will comment for now, until further notice.\n\t\t\t*\/\n\t\t\t\/\/if ( onetrustStorageConsent.C0002 === false ) {\n\t\t\t\/\/\tdocument.cookie=\"_fbp=;expires=Thu, 01 Jan 2010 00:00:00 UTC; path=\/; domain=.boston.com\";\n\t\t\t\/\/}\n\t\t\t\/* Checking if the user has given consent for the cookie C0002.\n\t\t\t* If the user has given consent, the variable consent will be set to 'grant'.\n\t\t\t* If the user has not given consent,the variable consent will be set to 'revoke'.\n\t\t\t* Documentation https:\/\/developers.facebook.com\/docs\/meta-pixel\/implementation\/gdpr\n\t\t\t*\/\n\t\t\tif ( ( onetrustStorageConsent !== null ) && (onetrustStorageConsent.C0002 !== true ) ) {\n\t\t\t\tconsent=\"revoke\";\n\t\t\t}\n\t\t\t\t!function(f,b,e,v,n,t,s){if(f.fbq)return;n=f.fbq=function()\n\t\t{n.callMethod? n.callMethod.apply(n,arguments):n.queue.push(arguments)}\n\t\t;if(!f._fbq)f._fbq=n;\n\t\tn.push=n;n.loaded=!0;n.version='2.0';n.queue=[];t=b.createElement(e);t.async=!0;\n\t\tt.src=v;s=b.getElementsByTagName(e)[0];s.parentNode.insertBefore(t,s)}(window,\n\t\tdocument,'script','https:\/\/connect.facebook.net\/en_US\/fbevents.js');\n\t\tfbq('consent', consent);\n\t\tfbq('init', '813236348753005');\n\t\tfbq('track', \"PageView\");\n\t<\/script><br \/>\n<br \/><br \/>\n<br \/><a href=\"https:\/\/www.boston.com\/news\/crime\/2024\/09\/06\/a-hitman-serving-life-in-prison-gets-more-time-for-killing-whitey-bulger\/\">Source link <\/a><\/p>","protected":false},"excerpt":{"rendered":"<p>Crime Os promotores disseram que Fotios \u201cFreddy\u201d Geas usou um cadeado preso a um cinto para bater repetidamente na cabe\u00e7a de Bulger, de 89 anos, horas depois de ele chegar&hellip;<\/p>","protected":false},"author":1,"featured_media":33005,"comment_status":"closed","ping_status":"open","sticky":false,"template":"","format":"standard","meta":{"content-type":"","footnotes":""},"categories":[1],"tags":[],"class_list":["post-33004","post","type-post","status-publish","format-standard","has-post-thumbnail","hentry","category-uncategorized"],"_links":{"self":[{"href":"https:\/\/tvbrazilusa.com\/pt\/wp-json\/wp\/v2\/posts\/33004","targetHints":{"allow":["GET"]}}],"collection":[{"href":"https:\/\/tvbrazilusa.com\/pt\/wp-json\/wp\/v2\/posts"}],"about":[{"href":"https:\/\/tvbrazilusa.com\/pt\/wp-json\/wp\/v2\/types\/post"}],"author":[{"embeddable":true,"href":"https:\/\/tvbrazilusa.com\/pt\/wp-json\/wp\/v2\/users\/1"}],"replies":[{"embeddable":true,"href":"https:\/\/tvbrazilusa.com\/pt\/wp-json\/wp\/v2\/comments?post=33004"}],"version-history":[{"count":1,"href":"https:\/\/tvbrazilusa.com\/pt\/wp-json\/wp\/v2\/posts\/33004\/revisions"}],"predecessor-version":[{"id":33006,"href":"https:\/\/tvbrazilusa.com\/pt\/wp-json\/wp\/v2\/posts\/33004\/revisions\/33006"}],"wp:featuredmedia":[{"embeddable":true,"href":"https:\/\/tvbrazilusa.com\/pt\/wp-json\/wp\/v2\/media\/33005"}],"wp:attachment":[{"href":"https:\/\/tvbrazilusa.com\/pt\/wp-json\/wp\/v2\/media?parent=33004"}],"wp:term":[{"taxonomy":"category","embeddable":true,"href":"https:\/\/tvbrazilusa.com\/pt\/wp-json\/wp\/v2\/categories?post=33004"},{"taxonomy":"post_tag","embeddable":true,"href":"https:\/\/tvbrazilusa.com\/pt\/wp-json\/wp\/v2\/tags?post=33004"}],"curies":[{"name":"wp","href":"https:\/\/api.w.org\/{rel}","templated":true}]}}