{"id":33029,"date":"2024-09-06T15:18:50","date_gmt":"2024-09-06T15:18:50","guid":{"rendered":"https:\/\/tvbrazilusa.com\/2024\/09\/06\/servidores-acusam-ministro-silvio-almeida-de-assedio-e-demissoes-paulo-figueiredo\/"},"modified":"2024-09-06T20:09:46","modified_gmt":"2024-09-06T20:09:46","slug":"servidores-acusam-ministro-silvio-almeida-de-assedio-e-demissoes-paulo-figueiredo","status":"publish","type":"post","link":"https:\/\/tvbrazilusa.com\/pt\/2024\/09\/06\/servidores-acusam-ministro-silvio-almeida-de-assedio-e-demissoes-paulo-figueiredo\/","title":{"rendered":"Servidores acusam ministro Silvio Almeida de ass\u00e9dio e demiss\u00f5es &#8211; Paulo Figueiredo"},"content":{"rendered":"<p> <script async src=\"https:\/\/pagead2.googlesyndication.com\/pagead\/js\/adsbygoogle.js?client=ca-pub-8864793242727901\"\r\n     crossorigin=\"anonymous\"><\/script><br \/>\n<\/p>\n<div id=\"wtr-content\" data-bg=\"#FFFFFF\" data-fg=\"#006d91\" data-width=\"25\" data-mute=\"1\" data-fgopacity=\"1.00\" data-mutedopacity=\"0.5\" data-placement=\"bottom\" data-placement-offset=\"0\" data-content-offset=\"262\" data-placement-touch=\"bottom\" data-placement-offset-touch=\"0\" data-transparent=\"\" data-shadow=\"0\" data-touch=\"1\" data-non-touch=\"1\" data-comments=\"0\" data-commentsbg=\"transparent\" data-location=\"page\" data-mutedfg=\"#006d91\" data-endfg=\"#006d91\" data-rtl=\"\">\n<pre class=\"wp-block-preformatted has-small-font-size\">Foto - Rafa Neddermeyer<\/pre>\n<h3 class=\"wp-block-heading\">Silvio Almeida e assessoras s\u00e3o acusadas por servidores de promoverem grande press\u00e3o no Minist\u00e9rio dos Direitos Humanos e da Cidadania<\/h3>\n<p>Servidores do\u00a0<strong>Minist\u00e9rio dos Direitos Humanos e da Cidadania<\/strong>\u00a0acusam o gestor da pasta, Silvio Almeida, de praticar ass\u00e9dio moral e provocar pedidos de demiss\u00e3o em s\u00e9rie.\u00a0\u00a0<\/p>\n<p>As den\u00fancias foram feitas ao site UOL e referem-se ao per\u00edodo em que a estrutura passou a ser gerenciada pelo ministro, em janeiro de 2023.<\/p>\n<p>Conforme levantamento, sete reclama\u00e7\u00f5es foram arquivadas por \u201caus\u00eancia de materialidade\u201d, isto \u00e9, falta de comprova\u00e7\u00e3o objetiva e concreta da exist\u00eancia de um delito. Outras tr\u00eas queixas seguiam em aberto at\u00e9 julho deste ano.\u00a0<\/p>\n<h3 class=\"wp-block-heading\"><strong>Silvio Almeida liderava ambiente de tens\u00e3o<\/strong><\/h3>\n<p>Desde o in\u00edcio do governo do presidente Luiz In\u00e1cio Lula da Silva, ao menos 52 pessoas sa\u00edram da pasta dos Direitos Humanos. O balan\u00e7o indica 25 em 2023 e 27 de janeiro a julho de 2024. No total, 31 profissionais pediram demiss\u00e3o.<\/p>\n<p>O UOL afirma que conversou com ex-funcion\u00e1rios que atuaram em diferentes setores e n\u00edveis hier\u00e1rquicos. Com identidade mantida sob sigilo, todos teriam criticado as condi\u00e7\u00f5es de trabalho da equipe sob o comando de Silvio Almeida.\u00a0<\/p>\n<h3 class=\"wp-block-heading\"><strong>Gritos, grava\u00e7\u00f5es e prazos incompat\u00edveis, reclamam servidores<\/strong><\/h3>\n<p>As queixas referem-se, principalmente, a um ambiente de grande tens\u00e3o. Funcion\u00e1rios disseram que atuavam em meio a gritos de superiores. Relataram, ainda, uma enorme press\u00e3o para o cumprimento de prazos incompat\u00edveis com as possibilidades de execu\u00e7\u00e3o.<\/p>\n<p>As den\u00fancias s\u00e3o direcionadas para o pr\u00f3prio ministro Silvio Almeida. Al\u00e9m deles, os funcion\u00e1rios citam suas assessoras diretas: a chefe de gabinete Marina Basso Lacerda e a secret\u00e1ria-executiva Rita Cristina de Oliveira.<\/p>\n<p>Conforme alguns servidores, a chefia orientava os funcion\u00e1rios a gravarem determinadas reuni\u00f5es com a finalidade de identificar diverg\u00eancias na equipe.<\/p>\n<h3 class=\"wp-block-heading\"><strong>Pasta afirma que den\u00fancias s\u00e3o \u201cfalsas suposi\u00e7\u00f5es<\/strong>\u201c<\/h3>\n<p>At\u00e9 o momento, a pasta se limitou a afirmar que as den\u00fancias baseiam-se \u201cem falsas suposi\u00e7\u00f5es\u201d.<\/p>\n<p>O UOL afirmou que nenhum dos entrevistados registrou formalmente os casos de ass\u00e9dio contra o ministro e suas assessoras. O motivo seria o medo de persegui\u00e7\u00e3o pol\u00edtica e jur\u00eddica.<\/p>\n<h3 class=\"wp-block-heading\">Leia tamb\u00e9m:<\/h3>\n<p>Tr\u00eas pessoas ouvidas pela reportagem garantem que o clima de press\u00e3o levou muita gente a pedir demiss\u00e3o. Dos 27 desligamentos ocorridos em 2024, 18 pediram para sair, segundo o\u00a0<em>Di\u00e1rio Oficial da Uni\u00e3o<\/em>.\u00a0<\/p>\n<p>Entre as sa\u00eddas que ocorreram no primeiro semestre deste ano, est\u00e3o as de duas diretoras, cinco coordenadoras-gerais e 16 coordenadores. Seis desses profissionais n\u00e3o completaram seis meses na equipe. Oito ficaram menos de um ano.<\/p>\n<p>Em mar\u00e7o deste ano,\u00a0<strong>o superintendente do Instituto do Patrim\u00f4nio Hist\u00f3rico e Art\u00edstico Nacional em Goi\u00e1s, Pedro Wilson, deixou o cargo depois de ser acusado de ass\u00e9dio moral<\/strong>. Na \u00e9poca, servidores acusaram o ex-deputado petista de chamar uma t\u00e9cnica da institui\u00e7\u00e3o de \u201cparasita\u201d.<\/p>\n<\/div>\n<p><br \/>\n<br \/><a href=\"https:\/\/paulofigueiredoshow.com\/servidores-acusam-ministro-silvio-almeida-de-assedio-e-demissoes\/\">Source link <\/a><\/p>","protected":false},"excerpt":{"rendered":"<p>Foto &#8211; Rafa Neddermeyer Silvio Almeida e assessoras s\u00e3o acusadas por servidores de promoverem grande press\u00e3o no Minist\u00e9rio dos Direitos Humanos e da Cidadania Servidores do\u00a0Minist\u00e9rio dos Direitos Humanos e&hellip;<\/p>","protected":false},"author":1,"featured_media":33030,"comment_status":"closed","ping_status":"open","sticky":false,"template":"","format":"standard","meta":{"content-type":"","footnotes":""},"categories":[16],"tags":[18100,1011,1378,18080],"class_list":["post-33029","post","type-post","status-publish","format-standard","has-post-thumbnail","hentry","category-noticias","tag-assessoras","tag-ministro","tag-pt","tag-silvio-almeida"],"_links":{"self":[{"href":"https:\/\/tvbrazilusa.com\/pt\/wp-json\/wp\/v2\/posts\/33029","targetHints":{"allow":["GET"]}}],"collection":[{"href":"https:\/\/tvbrazilusa.com\/pt\/wp-json\/wp\/v2\/posts"}],"about":[{"href":"https:\/\/tvbrazilusa.com\/pt\/wp-json\/wp\/v2\/types\/post"}],"author":[{"embeddable":true,"href":"https:\/\/tvbrazilusa.com\/pt\/wp-json\/wp\/v2\/users\/1"}],"replies":[{"embeddable":true,"href":"https:\/\/tvbrazilusa.com\/pt\/wp-json\/wp\/v2\/comments?post=33029"}],"version-history":[{"count":1,"href":"https:\/\/tvbrazilusa.com\/pt\/wp-json\/wp\/v2\/posts\/33029\/revisions"}],"predecessor-version":[{"id":33031,"href":"https:\/\/tvbrazilusa.com\/pt\/wp-json\/wp\/v2\/posts\/33029\/revisions\/33031"}],"wp:featuredmedia":[{"embeddable":true,"href":"https:\/\/tvbrazilusa.com\/pt\/wp-json\/wp\/v2\/media\/33030"}],"wp:attachment":[{"href":"https:\/\/tvbrazilusa.com\/pt\/wp-json\/wp\/v2\/media?parent=33029"}],"wp:term":[{"taxonomy":"category","embeddable":true,"href":"https:\/\/tvbrazilusa.com\/pt\/wp-json\/wp\/v2\/categories?post=33029"},{"taxonomy":"post_tag","embeddable":true,"href":"https:\/\/tvbrazilusa.com\/pt\/wp-json\/wp\/v2\/tags?post=33029"}],"curies":[{"name":"wp","href":"https:\/\/api.w.org\/{rel}","templated":true}]}}