{"id":33069,"date":"2024-09-06T20:55:11","date_gmt":"2024-09-06T20:55:11","guid":{"rendered":"https:\/\/tvbrazilusa.com\/2024\/09\/06\/pastor-e-condenado-a-84-anos-de-cadeia-por-lavagem-de-dinheiro-do-pcc\/"},"modified":"2024-09-06T21:18:37","modified_gmt":"2024-09-06T21:18:37","slug":"pastor-e-condenado-a-84-anos-de-cadeia-por-lavagem-de-dinheiro-do-pcc","status":"publish","type":"post","link":"https:\/\/tvbrazilusa.com\/pt\/2024\/09\/06\/pastor-e-condenado-a-84-anos-de-cadeia-por-lavagem-de-dinheiro-do-pcc\/","title":{"rendered":"Pastor \u00e9 condenado a 84 anos de cadeia por lavagem de dinheiro do PCC"},"content":{"rendered":"<p> <script async src=\"https:\/\/pagead2.googlesyndication.com\/pagead\/js\/adsbygoogle.js?client=ca-pub-8864793242727901\"\r\n     crossorigin=\"anonymous\"><\/script><br \/>\n<\/p>\n<div>\n<p>O pastor Geraldo dos Santos Filho, conhecido como pastor J\u00fanior, foi condenado a mais de 84 anos de pris\u00e3o pelos crimes de lavagem de dinheiro e associa\u00e7\u00e3o criminosa. A condena\u00e7\u00e3o \u00e9 resultado da Opera\u00e7\u00e3o Plata, deflagrada em fevereiro de 2023 pelo Minist\u00e9rio P\u00fablico do Rio Grande do Norte (MPRN). O pastor \u00e9 acusado de utilizar igrejas evang\u00e9licas para lavar dinheiro para a fac\u00e7\u00e3o criminosa Primeiro Comando da Capital (PCC).<\/p>\n<p>A opera\u00e7\u00e3o envolveu v\u00e1rias entidades, incluindo o Grupo de Atua\u00e7\u00e3o Especial de Combate ao Crime Organizado (Gaeco) e teve o apoio da Pol\u00edcia Militar do RN, al\u00e9m dos Minist\u00e9rios P\u00fablicos de S\u00e3o Paulo, Minas Gerais, Mato Grosso do Sul, Santa Catarina, Bahia, Cear\u00e1 e Para\u00edba, e do Departamento Penitenci\u00e1rio Nacional (Depen). No total, sete pessoas foram condenadas pela opera\u00e7\u00e3o, inclusive o irm\u00e3o de Geraldo, Valdeci Alves dos Santos, conhecido como Colorido.<\/p>\n<p>Geraldo dos Santos Filho foi descrito pelo MPRN como o \u201cprincipal intermedi\u00e1rio de comunica\u00e7\u00e3o\u201d entre seu irm\u00e3o Valdeci e outros membros da fac\u00e7\u00e3o, principalmente no que diz respeito \u00e0 movimenta\u00e7\u00e3o de grandes quantias de dinheiro ilegal. De acordo com a den\u00fancia, o pastor J\u00fanior acumulou um patrim\u00f4nio avaliado em cerca de R$ 6 milh\u00f5es, por meio de um esquema de lavagem de dinheiro extremamente sofisticado.<\/p>\n<h2 class=\"wp-block-heading\">Como Funcionava a Lavagem de Dinheiro nas Igrejas?<\/h2>\n<p>O esquema de lavagem de dinheiro envolvia a aquisi\u00e7\u00e3o de igrejas em diversas regi\u00f5es do pa\u00eds. Levantamentos do MPRN apontam que Geraldo comprou cinco igrejas no Rio Grande do Norte e duas em S\u00e3o Paulo. O dinheiro oriundo do tr\u00e1fico de drogas, financiado pelo PCC, era \u201clavado\u201d atrav\u00e9s dessas institui\u00e7\u00f5es religiosas, mascarando a origem il\u00edcita dos recursos.<\/p>\n<h3 class=\"wp-block-heading\">Opera\u00e7\u00e3o Plata: Detalhes e Impactos<\/h3>\n<p>A Opera\u00e7\u00e3o Plata foi iniciada com o objetivo de desmantelar uma rede de tr\u00e1fico de drogas e lavagem de dinheiro que vinha operando desde 2008. As investiga\u00e7\u00f5es revelaram uma estrutura complexa que envolvia membros da mesma fam\u00edlia, al\u00e9m de diversos c\u00famplices. Entre os condenados est\u00e3o tamb\u00e9m Tha\u00eds Cristina de Ara\u00fajo Soares, a pastora Tha\u00eds, que dividia o altar com Geraldo e era sua c\u00famplice nas opera\u00e7\u00f5es il\u00edcitas.<\/p>\n<ul class=\"wp-block-list\">\n<li>Geraldo dos Santos Filho: 84 anos, 11 meses e 20 dias de reclus\u00e3o e 299 dias-multa<\/li>\n<li>Gilvan Juvenal da Silva: 23 anos e oito meses de reclus\u00e3o e 87 dias-multa<\/li>\n<li>Valdeci Alves dos Santos: 17 anos, tr\u00eas meses e 20 dias de reclus\u00e3o e 64 dias-multa<\/li>\n<li>Thais Cristina de Ara\u00fajo Soares: 19 anos de reclus\u00e3o e 70 dias-multa<\/li>\n<li>Lucenildo Santos De Ara\u00fajo: 13 anos e seis meses de reclus\u00e3o e 52 dias-multa<\/li>\n<li>Joaquim Neto dos Santos: 12 anos e oito meses de reclus\u00e3o e 50 dias-multa<\/li>\n<li>Roberto dos Santos: 13 anos de reclus\u00e3o e 50 dias-multa<\/li>\n<\/ul>\n<h2 class=\"wp-block-heading\">Quais Foram as Consequ\u00eancias da Opera\u00e7\u00e3o Plata?<\/h2>\n<p>A opera\u00e7\u00e3o teve um impacto significativo no combate ao crime organizado no Brasil. As condena\u00e7\u00f5es representaram um duro golpe para a estrutura financeira do PCC, especialmente na lavagem de dinheiro. A a\u00e7\u00e3o tamb\u00e9m exp\u00f4s um esquema de corrup\u00e7\u00e3o que utilizava a f\u00e9 religiosa como fachada para atividades criminosas, algo que chocou a opini\u00e3o p\u00fablica.<\/p>\n<p>Al\u00e9m das condena\u00e7\u00f5es, a opera\u00e7\u00e3o levou ao confisco de propriedades e valores significativos, que dever\u00e3o ser revertidos para os cofres p\u00fablicos. Embora a condena\u00e7\u00e3o de Geraldo seja a mais severa, os outros membros da rede tamb\u00e9m receberam senten\u00e7as expressivas, demonstrando o comprometimento das autoridades em erradicar o crime organizado.<\/p>\n<\/p><\/div>\n<p><br \/>\n<br \/><a href=\"https:\/\/terrabrasilnoticias.com\/2024\/09\/pastor-e-condenado-a-84-anos-de-cadeia-por-lavagem-de-dinheiro-do-pcc\/\">Source link <\/a><\/p>","protected":false},"excerpt":{"rendered":"<p>O pastor Geraldo dos Santos Filho, conhecido como pastor J\u00fanior, foi condenado a mais de 84 anos de pris\u00e3o pelos crimes de lavagem de dinheiro e associa\u00e7\u00e3o criminosa. A condena\u00e7\u00e3o&hellip;<\/p>","protected":false},"author":1,"featured_media":33070,"comment_status":"closed","ping_status":"open","sticky":false,"template":"","format":"standard","meta":{"content-type":"","footnotes":""},"categories":[16],"tags":[],"class_list":["post-33069","post","type-post","status-publish","format-standard","has-post-thumbnail","hentry","category-noticias"],"_links":{"self":[{"href":"https:\/\/tvbrazilusa.com\/pt\/wp-json\/wp\/v2\/posts\/33069","targetHints":{"allow":["GET"]}}],"collection":[{"href":"https:\/\/tvbrazilusa.com\/pt\/wp-json\/wp\/v2\/posts"}],"about":[{"href":"https:\/\/tvbrazilusa.com\/pt\/wp-json\/wp\/v2\/types\/post"}],"author":[{"embeddable":true,"href":"https:\/\/tvbrazilusa.com\/pt\/wp-json\/wp\/v2\/users\/1"}],"replies":[{"embeddable":true,"href":"https:\/\/tvbrazilusa.com\/pt\/wp-json\/wp\/v2\/comments?post=33069"}],"version-history":[{"count":1,"href":"https:\/\/tvbrazilusa.com\/pt\/wp-json\/wp\/v2\/posts\/33069\/revisions"}],"predecessor-version":[{"id":33071,"href":"https:\/\/tvbrazilusa.com\/pt\/wp-json\/wp\/v2\/posts\/33069\/revisions\/33071"}],"wp:featuredmedia":[{"embeddable":true,"href":"https:\/\/tvbrazilusa.com\/pt\/wp-json\/wp\/v2\/media\/33070"}],"wp:attachment":[{"href":"https:\/\/tvbrazilusa.com\/pt\/wp-json\/wp\/v2\/media?parent=33069"}],"wp:term":[{"taxonomy":"category","embeddable":true,"href":"https:\/\/tvbrazilusa.com\/pt\/wp-json\/wp\/v2\/categories?post=33069"},{"taxonomy":"post_tag","embeddable":true,"href":"https:\/\/tvbrazilusa.com\/pt\/wp-json\/wp\/v2\/tags?post=33069"}],"curies":[{"name":"wp","href":"https:\/\/api.w.org\/{rel}","templated":true}]}}