{"id":33166,"date":"2024-09-06T23:20:39","date_gmt":"2024-09-06T23:20:39","guid":{"rendered":"https:\/\/tvbrazilusa.com\/2024\/09\/06\/saiba-quem-assume-o-ministerio-dos-direitos-humanos-apos-demissao-de-silvio-almeida\/"},"modified":"2024-09-07T01:28:48","modified_gmt":"2024-09-07T01:28:48","slug":"saiba-quem-assume-o-ministerio-dos-direitos-humanos-apos-demissao-de-silvio-almeida","status":"publish","type":"post","link":"https:\/\/tvbrazilusa.com\/pt\/2024\/09\/06\/saiba-quem-assume-o-ministerio-dos-direitos-humanos-apos-demissao-de-silvio-almeida\/","title":{"rendered":"Saiba quem assume o minist\u00e9rio dos Direitos Humanos ap\u00f3s demiss\u00e3o de Silvio Almeida"},"content":{"rendered":"<p> <script async src=\"https:\/\/pagead2.googlesyndication.com\/pagead\/js\/adsbygoogle.js?client=ca-pub-8864793242727901\"\r\n     crossorigin=\"anonymous\"><\/script><br \/>\n<\/p>\n<div>\n<p>Nesta sexta-feira (6), o presidente Lula demitiu Silvio Almeida do cargo de Ministro dos Direitos Humanos, ap\u00f3s den\u00fancias de ass\u00e9dio sexual. A secret\u00e1ria-executiva do \u00f3rg\u00e3o, Rita Cristina de Oliveira, assumir\u00e1 interinamente a pasta, conforme apurado com fontes do Pal\u00e1cio do Planalto.<\/p>\n<p>As den\u00fancias contra Silvio Almeida foram reveladas pela coluna de Guilherme Amado, no portal Metr\u00f3poles. Entre as acusadoras est\u00e1 a pr\u00f3pria ministra da Igualdade Racial, Anielle Franco, al\u00e9m de outras mulheres que relataram os supostos abusos \u00e0 organiza\u00e7\u00e3o Me Too Brazil.<\/p>\n<p>A organiza\u00e7\u00e3o Me Too Brazil confirmou, em nota, as acusa\u00e7\u00f5es contra o ent\u00e3o ministro Silvio Almeida. A entidade afirmou que, por ora, n\u00e3o pode revelar os nomes das v\u00edtimas sem o consentimento delas, mas indicou que todas pediram anonimato por enquanto.<\/p>\n<h2 class=\"wp-block-heading\">Quais foram as Acusa\u00e7\u00f5es Contra Silvio Almeida?<\/h2>\n<p>Os relatos incluem toques indevidos nas pernas de Anielle Franco, beijos inapropriados e express\u00f5es de teor sexual. Foram situa\u00e7\u00f5es constrangedoras e claramente abusivas, segundo os relatos. Um dos casos teria ocorrido em maio de 2023, durante uma reuni\u00e3o sobre racismo em aeroportos, quando Almeida teria passado a m\u00e3o nas pernas da ministra.<\/p>\n<h2 class=\"wp-block-heading\">A Rea\u00e7\u00e3o do Governo e do Acusado<\/h2>\n<p>Na tarde de sexta-feira, Lula tomou a decis\u00e3o final ap\u00f3s conversar com Anielle Franco e Silvio Almeida. A ministra chegou a Bras\u00edlia para se reunir com o presidente e evitar a continuidade das den\u00fancias. Anielle manteve-se em sil\u00eancio ap\u00f3s as revela\u00e7\u00f5es, o que foi interpretado por muitos como uma confirma\u00e7\u00e3o das acusa\u00e7\u00f5es.<\/p>\n<p>Silvio Almeida, por sua vez, divulgou uma nota e um v\u00eddeo, nos quais nega \u201ccom veem\u00eancia\u201d as acusa\u00e7\u00f5es e alega ser v\u00edtima de uma campanha de persegui\u00e7\u00e3o. O presidente Lula tamb\u00e9m pediu que Almeida prestasse esclarecimentos aos ministros da Controladoria-Geral da Uni\u00e3o (CGU) e da Advocacia-Geral da Uni\u00e3o (AGU).<\/p>\n<h2 class=\"wp-block-heading\">O Futuro do Minist\u00e9rio dos Direitos Humanos<\/h2>\n<p>Rita Cristina de Oliveira, secret\u00e1ria-executiva do Minist\u00e9rio, foi designada para assumir o cargo interinamente at\u00e9 que um novo titular seja definido. A perman\u00eancia de Silvio Almeida no cargo tornou-se invi\u00e1vel, segundo avalia\u00e7\u00e3o do Planalto, mesmo ap\u00f3s ele ter apresentado v\u00eddeos e mensagens para se defender.<\/p>\n<p>Apesar dos esfor\u00e7os de auxiliares do presidente para convencerem Almeida a pedir demiss\u00e3o, ele relutou e prometeu \u201ccair atirando\u201d, sugerindo que n\u00e3o sair\u00e1 discretamente. As hist\u00f3rias de supostos ass\u00e9dios contra Anielle Franco e outras mulheres j\u00e1 vinham circulando entre membros do governo, mas nenhuma a\u00e7\u00e3o concreta havia sido tomada at\u00e9 agora.<\/p>\n<\/p><\/div>\n<p><br \/>\n<br \/><a href=\"https:\/\/terrabrasilnoticias.com\/2024\/09\/saiba-quem-assume-o-ministerio-dos-direitos-humanos-apos-demissao-de-silvio-almeida\/\">Source link <\/a><\/p>","protected":false},"excerpt":{"rendered":"<p>Nesta sexta-feira (6), o presidente Lula demitiu Silvio Almeida do cargo de Ministro dos Direitos Humanos, ap\u00f3s den\u00fancias de ass\u00e9dio sexual. A secret\u00e1ria-executiva do \u00f3rg\u00e3o, Rita Cristina de Oliveira, assumir\u00e1&hellip;<\/p>","protected":false},"author":1,"featured_media":33167,"comment_status":"closed","ping_status":"open","sticky":false,"template":"","format":"standard","meta":{"content-type":"","footnotes":""},"categories":[16],"tags":[],"class_list":["post-33166","post","type-post","status-publish","format-standard","has-post-thumbnail","hentry","category-noticias"],"_links":{"self":[{"href":"https:\/\/tvbrazilusa.com\/pt\/wp-json\/wp\/v2\/posts\/33166","targetHints":{"allow":["GET"]}}],"collection":[{"href":"https:\/\/tvbrazilusa.com\/pt\/wp-json\/wp\/v2\/posts"}],"about":[{"href":"https:\/\/tvbrazilusa.com\/pt\/wp-json\/wp\/v2\/types\/post"}],"author":[{"embeddable":true,"href":"https:\/\/tvbrazilusa.com\/pt\/wp-json\/wp\/v2\/users\/1"}],"replies":[{"embeddable":true,"href":"https:\/\/tvbrazilusa.com\/pt\/wp-json\/wp\/v2\/comments?post=33166"}],"version-history":[{"count":1,"href":"https:\/\/tvbrazilusa.com\/pt\/wp-json\/wp\/v2\/posts\/33166\/revisions"}],"predecessor-version":[{"id":33168,"href":"https:\/\/tvbrazilusa.com\/pt\/wp-json\/wp\/v2\/posts\/33166\/revisions\/33168"}],"wp:featuredmedia":[{"embeddable":true,"href":"https:\/\/tvbrazilusa.com\/pt\/wp-json\/wp\/v2\/media\/33167"}],"wp:attachment":[{"href":"https:\/\/tvbrazilusa.com\/pt\/wp-json\/wp\/v2\/media?parent=33166"}],"wp:term":[{"taxonomy":"category","embeddable":true,"href":"https:\/\/tvbrazilusa.com\/pt\/wp-json\/wp\/v2\/categories?post=33166"},{"taxonomy":"post_tag","embeddable":true,"href":"https:\/\/tvbrazilusa.com\/pt\/wp-json\/wp\/v2\/tags?post=33166"}],"curies":[{"name":"wp","href":"https:\/\/api.w.org\/{rel}","templated":true}]}}