{"id":33216,"date":"2024-09-07T02:58:13","date_gmt":"2024-09-07T02:58:13","guid":{"rendered":"https:\/\/tvbrazilusa.com\/2024\/09\/07\/musk-expoe-ordem-de-moraes-contra-davi-sacer-paulo-figueiredo-tv-florida-usa-a-sua-tv-brasileira-nos-estados-unidos\/"},"modified":"2024-09-07T03:22:30","modified_gmt":"2024-09-07T03:22:30","slug":"musk-expoe-ordem-de-moraes-contra-davi-sacer-paulo-figueiredo-tv-florida-usa-a-sua-tv-brasileira-nos-estados-unidos","status":"publish","type":"post","link":"https:\/\/tvbrazilusa.com\/pt\/2024\/09\/07\/musk-expoe-ordem-de-moraes-contra-davi-sacer-paulo-figueiredo-tv-florida-usa-a-sua-tv-brasileira-nos-estados-unidos\/","title":{"rendered":"Musk exp\u00f5e ordem de Moraes contra Davi Sacer \u2013 Paulo Figueiredo \u2013 TV Florida USA \u2013 A sua TV Brasileira nos Estados Unidos"},"content":{"rendered":"<p> <script async src=\"https:\/\/pagead2.googlesyndication.com\/pagead\/js\/adsbygoogle.js?client=ca-pub-8864793242727901\"\r\n     crossorigin=\"anonymous\"><\/script><br \/>\n<\/p>\n<div id=\"wtr-content\" data-bg=\"#FFFFFF\" data-fg=\"#006d91\" data-width=\"25\" data-mute=\"1\" data-fgopacity=\"1.00\" data-mutedopacity=\"0.5\" data-placement=\"bottom\" data-placement-offset=\"0\" data-content-offset=\"262\" data-placement-touch=\"bottom\" data-placement-offset-touch=\"0\" data-transparent=\"\" data-shadow=\"0\" data-touch=\"1\" data-non-touch=\"1\" data-comments=\"0\" data-commentsbg=\"transparent\" data-location=\"page\" data-mutedfg=\"#006d91\" data-endfg=\"#006d91\" data-rtl=\"\">\n<pre class=\"wp-block-preformatted has-small-font-size\">Foto - Gustavo Moreno\/STF<\/pre>\n<p>Elon Musk divulgou mais uma ordem de bloqueio do ministro Alexandre de Moraes. Em novembro de 2022, o alvo foi Davi Sacer<\/p>\n<p>O empres\u00e1rio\u00a0<strong>Elon Musk<\/strong>\u00a0exp\u00f4s, no perfil\u00a0<strong>Alexandre Files<\/strong>, uma ordem de bloqueio de perfil emitida pelo ministro\u00a0<strong>Alexandre de Moraes<\/strong>, do Supremo Tribunal Federal (STF), contra o cantor gospel Davi Sacer. A publica\u00e7\u00e3o foi feita na tarde desta sexta-feira, 6.<\/p>\n<p><strong>Oeste<\/strong>\u00a0teve acesso ao teor da postagem por meio de um colaborador, que reside nos Estados Unidos. A determina\u00e7\u00e3o de Moraes foi enviada ao Twitter\/X em 14 de novembro de 2022.<\/p>\n<p>De acordo com Musk, a ordem de Moraes n\u00e3o apresentava justificativas e exigia a censura das contas de m\u00eddia social de Sacer em apenas duas horas, o que representaria uma viola\u00e7\u00e3o \u00e0 Constitui\u00e7\u00e3o Brasileira.<\/p>\n<p>O empres\u00e1rio ainda citou uma das reportagens dos jornalistas Glenn Greenwald e F\u00e1bio Serapi\u00e3o para o jornal\u00a0<em>Folha de S.Paulo<\/em>. Nela, a dupla relata que Moraes ordenou a servidores do Tribunal Superior Eleitoral (TSE) que realizassem investiga\u00e7\u00f5es sobre cidad\u00e3os que protestaram contra ministros do STF durante um evento em Nova York, EUA.<\/p>\n<p>Davi Sacer teria compartilhado algumas publica\u00e7\u00f5es que citavam o evento e incentivavam a manifesta\u00e7\u00e3o contra os magistrados. Como mostra o artigo da\u00a0<em>Folha<\/em>, os assessores de Moraes chegaram a indagar se censurar Davi seria uma movimenta\u00e7\u00e3o \u201cprudente\u201d, considerando a fama e influ\u00eancia do cantor no meio crist\u00e3o.<\/p>\n<div class=\"wp-block-image\">\n<figure class=\"aligncenter size-large\"><\/figure>\n<\/div>\n<div class=\"wp-block-image\">\n<figure class=\"aligncenter size-large\"><img decoding=\"async\" src=\"https:\/\/medias.revistaoeste.com\/qa-staging\/wp-content\/uploads\/2024\/09\/ordem-alexandre-davi-sacer-2.jpg\" alt=\"\"\/><\/figure>\n<\/div>\n<p>No \u00e2mbito das manifesta\u00e7\u00f5es contra os ministros em Nova York, cidad\u00e3os comuns, a deputada federal Carla Zambelli (PL-SP) e o jornalista Allan dos Santos tamb\u00e9m foram alvo dos relat\u00f3rios do TSE.<\/p>\n<h3 class=\"wp-block-heading\">Moraes mandou censurar cidad\u00e3os comuns, revela Elon Musk<\/h3>\n<p><strong>Source link<\/strong><\/p>\n<\/div>\n<p><br \/>\n<br \/><a href=\"https:\/\/tvfloridausa.com\/2024\/09\/07\/alexandre-files-musk-expoe-ordem-de-moraes-contra-davi-sacer-paulo-figueiredo\/\">Source link <\/a><\/p>","protected":false},"excerpt":{"rendered":"<p>Foto &#8211; Gustavo Moreno\/STF Elon Musk divulgou mais uma ordem de bloqueio do ministro Alexandre de Moraes. Em novembro de 2022, o alvo foi Davi Sacer O empres\u00e1rio\u00a0Elon Musk\u00a0exp\u00f4s, no&hellip;<\/p>","protected":false},"author":1,"featured_media":33217,"comment_status":"closed","ping_status":"open","sticky":false,"template":"","format":"standard","meta":{"content-type":"","footnotes":""},"categories":[22],"tags":[],"class_list":["post-33216","post","type-post","status-publish","format-standard","has-post-thumbnail","hentry","category-tv-florida-usa"],"_links":{"self":[{"href":"https:\/\/tvbrazilusa.com\/pt\/wp-json\/wp\/v2\/posts\/33216","targetHints":{"allow":["GET"]}}],"collection":[{"href":"https:\/\/tvbrazilusa.com\/pt\/wp-json\/wp\/v2\/posts"}],"about":[{"href":"https:\/\/tvbrazilusa.com\/pt\/wp-json\/wp\/v2\/types\/post"}],"author":[{"embeddable":true,"href":"https:\/\/tvbrazilusa.com\/pt\/wp-json\/wp\/v2\/users\/1"}],"replies":[{"embeddable":true,"href":"https:\/\/tvbrazilusa.com\/pt\/wp-json\/wp\/v2\/comments?post=33216"}],"version-history":[{"count":1,"href":"https:\/\/tvbrazilusa.com\/pt\/wp-json\/wp\/v2\/posts\/33216\/revisions"}],"predecessor-version":[{"id":33218,"href":"https:\/\/tvbrazilusa.com\/pt\/wp-json\/wp\/v2\/posts\/33216\/revisions\/33218"}],"wp:featuredmedia":[{"embeddable":true,"href":"https:\/\/tvbrazilusa.com\/pt\/wp-json\/wp\/v2\/media\/33217"}],"wp:attachment":[{"href":"https:\/\/tvbrazilusa.com\/pt\/wp-json\/wp\/v2\/media?parent=33216"}],"wp:term":[{"taxonomy":"category","embeddable":true,"href":"https:\/\/tvbrazilusa.com\/pt\/wp-json\/wp\/v2\/categories?post=33216"},{"taxonomy":"post_tag","embeddable":true,"href":"https:\/\/tvbrazilusa.com\/pt\/wp-json\/wp\/v2\/tags?post=33216"}],"curies":[{"name":"wp","href":"https:\/\/api.w.org\/{rel}","templated":true}]}}