{"id":33224,"date":"2024-09-07T03:27:26","date_gmt":"2024-09-07T03:27:26","guid":{"rendered":"https:\/\/tvbrazilusa.com\/2024\/09\/07\/manifestacao-do-dia-07-09-um-marco-pela-liberdade-dignidade-e-cidadania-paulo-figueiredo\/"},"modified":"2024-09-07T03:41:47","modified_gmt":"2024-09-07T03:41:47","slug":"manifestacao-do-dia-07-09-um-marco-pela-liberdade-dignidade-e-cidadania-paulo-figueiredo","status":"publish","type":"post","link":"https:\/\/tvbrazilusa.com\/pt\/2024\/09\/07\/manifestacao-do-dia-07-09-um-marco-pela-liberdade-dignidade-e-cidadania-paulo-figueiredo\/","title":{"rendered":"Manifesta\u00e7\u00e3o do Dia 07\/09: Um Marco pela Liberdade, Dignidade e Cidadania &#8211; Paulo Figueiredo"},"content":{"rendered":"<p> <script async src=\"https:\/\/pagead2.googlesyndication.com\/pagead\/js\/adsbygoogle.js?client=ca-pub-8864793242727901\"\r\n     crossorigin=\"anonymous\"><\/script><br \/>\n<\/p>\n<div id=\"wtr-content\" data-bg=\"#FFFFFF\" data-fg=\"#006d91\" data-width=\"25\" data-mute=\"1\" data-fgopacity=\"1.00\" data-mutedopacity=\"0.5\" data-placement=\"bottom\" data-placement-offset=\"0\" data-content-offset=\"262\" data-placement-touch=\"bottom\" data-placement-offset-touch=\"0\" data-transparent=\"\" data-shadow=\"0\" data-touch=\"1\" data-non-touch=\"1\" data-comments=\"0\" data-commentsbg=\"transparent\" data-location=\"page\" data-mutedfg=\"#006d91\" data-endfg=\"#006d91\" data-rtl=\"\">\n<pre class=\"wp-block-preformatted has-small-font-size\">Foto - Morana Zambrini<\/pre>\n<p>O Brasil vive um momento crucial em sua hist\u00f3ria democr\u00e1tica. No dia 07 de setembro, em plena celebra\u00e7\u00e3o da Independ\u00eancia do pa\u00eds, milhares de cidad\u00e3os est\u00e3o sendo convocados para uma manifesta\u00e7\u00e3o que promete ser um marco na luta pela liberdade, dignidade e cidadania. Organizada em diversas cidades, com destaque para o ato principal na Avenida Paulista, este movimento reflete o descontentamento crescente com a escalada de abusos de poder e a viola\u00e7\u00e3o de direitos fundamentais no Brasil.<\/p>\n<p>A import\u00e2ncia dessa manifesta\u00e7\u00e3o transcende quest\u00f5es pol\u00edticas tradicionais. Trata-se de uma luta em defesa da liberdade de express\u00e3o, do respeito \u00e0 Constitui\u00e7\u00e3o e da garantia de que o poder de decis\u00e3o em uma democracia emana do povo. <strong>Marcel Van Hattem<\/strong>, <strong>Nikolas Ferreira<\/strong>, <strong>Gustavo Gayer<\/strong>, <strong>Carla Zambelli<\/strong>, e <strong>Luiz Philippe de Orl\u00e9ans e Bragan\u00e7a<\/strong> s\u00e3o apenas alguns dos nomes da pol\u00edtica que estar\u00e3o presentes, referendando a import\u00e2ncia deste ato hist\u00f3rico.<\/p>\n<p>Al\u00e9m disso, o ato contar\u00e1 com o apoio de figuras que sofrem diretamente o peso da censura imposta pela chamada ditadura da toga, como <strong>Paulo Figueiredo<\/strong>, <strong>Rodrigo Constantino<\/strong>, <strong>Monark<\/strong>, <strong>Allan dos Santos<\/strong> e <strong>Ludmila Lins Grilo<\/strong>. Eles trazem \u00e0 tona a luta contra a censura e as decis\u00f5es arbitr\u00e1rias que afetam n\u00e3o apenas suas liberdades individuais, mas a de todos os brasileiros.<\/p>\n<h3 class=\"wp-block-heading\">Um Grito do Povo Soberano<\/h3>\n<p>Esta manifesta\u00e7\u00e3o n\u00e3o \u00e9 apenas uma quest\u00e3o de ideologia, mas sim de cidadania. O Brasil, como uma na\u00e7\u00e3o livre, precisa que o povo soberano tome as r\u00e9deas do seu destino e cobre de seus representantes \u2013 senadores e deputados \u2013 a\u00e7\u00f5es concretas contra a tirania que est\u00e1 sendo instaurada. <strong>\u00c9 o momento de exigir que aqueles que ocupam cargos p\u00fablicos ajam contra os abusos, ou enfrentem o julgamento da hist\u00f3ria por sua omiss\u00e3o.<\/strong><\/p>\n<p>O clamor popular j\u00e1 ecoa por todos os cantos do pa\u00eds. Cidades est\u00e3o confirmando suas pr\u00f3prias manifesta\u00e7\u00f5es locais, em apoio \u00e0 principal mobiliza\u00e7\u00e3o que acontecer\u00e1 em S\u00e3o Paulo. Esta \u00e9 uma oportunidade para que cada cidad\u00e3o participe, seja nas ruas da Avenida Paulista ou em qualquer outra cidade onde o ato esteja sendo organizado.<\/p>\n<h3 class=\"wp-block-heading\">A Luta pela Liberdade e Contra a Tirania<\/h3>\n<p>O Brasil vive tempos de incerteza, onde os abusos de poder e as decis\u00f5es arbitr\u00e1rias est\u00e3o ferindo os direitos mais b\u00e1sicos dos cidad\u00e3os. A \u201cditadura da toga\u201d, que censura e persegue opositores, est\u00e1 se tornando cada vez mais evidente. <strong>Mas o povo brasileiro, em sua ess\u00eancia, \u00e9 resistente e valente.<\/strong><\/p>\n<p>Essa manifesta\u00e7\u00e3o \u00e9 uma demonstra\u00e7\u00e3o de que a luta pela liberdade, pela dignidade e pela cidadania n\u00e3o ser\u00e1 abandonada. Pelo contr\u00e1rio, ela s\u00f3 se intensificar\u00e1. A presen\u00e7a de figuras importantes da pol\u00edtica e do jornalismo \u00e9 um reflexo do apoio que esse movimento vem ganhando, mas \u00e9 a participa\u00e7\u00e3o massiva do povo que realmente far\u00e1 a diferen\u00e7a.<\/p>\n<h3 class=\"wp-block-heading\">O Momento \u00e9 Agora: N\u00e3o Retroceder!<\/h3>\n<p>O momento que o Brasil vive exige firmeza e determina\u00e7\u00e3o. <strong>Agora, mais do que nunca, \u00e9 necess\u00e1rio seguir em frente, sem precipita\u00e7\u00e3o e sem recuar diante das amea\u00e7as.<\/strong> Cada voz importa, cada cidad\u00e3o \u00e9 essencial nessa luta pela verdadeira democracia.<\/p>\n<p>No dia 07 de setembro, todos que defendem a liberdade e o respeito \u00e0 Constitui\u00e7\u00e3o t\u00eam um compromisso com o Brasil. <strong>A Avenida Paulista ser\u00e1 o epicentro dessa luta, mas a presen\u00e7a em cada cidade \u00e9 igualmente crucial.<\/strong> A ades\u00e3o popular ser\u00e1 a demonstra\u00e7\u00e3o clara de que o povo brasileiro n\u00e3o aceita viver sob a tirania, e que a luta pela liberdade e pela dignidade \u00e9 de todos e por todos.<\/p>\n<\/div>\n<p><br \/>\n<br \/><a href=\"https:\/\/paulofigueiredoshow.com\/manifestacao-do-dia-07-09-um-marco-pela-liberdade-dignidade-e-cidadania\/\">Source link <\/a><\/p>","protected":false},"excerpt":{"rendered":"<p>Foto &#8211; Morana Zambrini O Brasil vive um momento crucial em sua hist\u00f3ria democr\u00e1tica. No dia 07 de setembro, em plena celebra\u00e7\u00e3o da Independ\u00eancia do pa\u00eds, milhares de cidad\u00e3os est\u00e3o&hellip;<\/p>","protected":false},"author":1,"featured_media":33225,"comment_status":"closed","ping_status":"open","sticky":false,"template":"","format":"standard","meta":{"content-type":"","footnotes":""},"categories":[16],"tags":[],"class_list":["post-33224","post","type-post","status-publish","format-standard","has-post-thumbnail","hentry","category-noticias"],"_links":{"self":[{"href":"https:\/\/tvbrazilusa.com\/pt\/wp-json\/wp\/v2\/posts\/33224","targetHints":{"allow":["GET"]}}],"collection":[{"href":"https:\/\/tvbrazilusa.com\/pt\/wp-json\/wp\/v2\/posts"}],"about":[{"href":"https:\/\/tvbrazilusa.com\/pt\/wp-json\/wp\/v2\/types\/post"}],"author":[{"embeddable":true,"href":"https:\/\/tvbrazilusa.com\/pt\/wp-json\/wp\/v2\/users\/1"}],"replies":[{"embeddable":true,"href":"https:\/\/tvbrazilusa.com\/pt\/wp-json\/wp\/v2\/comments?post=33224"}],"version-history":[{"count":1,"href":"https:\/\/tvbrazilusa.com\/pt\/wp-json\/wp\/v2\/posts\/33224\/revisions"}],"predecessor-version":[{"id":33226,"href":"https:\/\/tvbrazilusa.com\/pt\/wp-json\/wp\/v2\/posts\/33224\/revisions\/33226"}],"wp:featuredmedia":[{"embeddable":true,"href":"https:\/\/tvbrazilusa.com\/pt\/wp-json\/wp\/v2\/media\/33225"}],"wp:attachment":[{"href":"https:\/\/tvbrazilusa.com\/pt\/wp-json\/wp\/v2\/media?parent=33224"}],"wp:term":[{"taxonomy":"category","embeddable":true,"href":"https:\/\/tvbrazilusa.com\/pt\/wp-json\/wp\/v2\/categories?post=33224"},{"taxonomy":"post_tag","embeddable":true,"href":"https:\/\/tvbrazilusa.com\/pt\/wp-json\/wp\/v2\/tags?post=33224"}],"curies":[{"name":"wp","href":"https:\/\/api.w.org\/{rel}","templated":true}]}}