{"id":33305,"date":"2024-09-07T11:51:50","date_gmt":"2024-09-07T11:51:50","guid":{"rendered":"https:\/\/tvbrazilusa.com\/2024\/09\/07\/esther-dweck-assume-ministerio-de-direitos-humanos-apos-exoneracao-de-silvio-almeida\/"},"modified":"2024-09-07T11:53:06","modified_gmt":"2024-09-07T11:53:06","slug":"esther-dweck-assume-ministerio-de-direitos-humanos-apos-exoneracao-de-silvio-almeida","status":"publish","type":"post","link":"https:\/\/tvbrazilusa.com\/pt\/2024\/09\/07\/esther-dweck-assume-ministerio-de-direitos-humanos-apos-exoneracao-de-silvio-almeida\/","title":{"rendered":"Esther Dweck assume Minist\u00e9rio de Direitos Humanos ap\u00f3s exonera\u00e7\u00e3o de Silvio Almeida"},"content":{"rendered":"<p> <script async src=\"https:\/\/pagead2.googlesyndication.com\/pagead\/js\/adsbygoogle.js?client=ca-pub-8864793242727901\"\r\n     crossorigin=\"anonymous\"><\/script><br \/>\n<\/p>\n<div>\n<p>Bras\u00edlia (DF) 04\/09\/2024- Ministra Esther Dweck, participa da cerim\u00f4nia do pacto pela diversidade, equidade e inclus\u00e3o nas empresas estatais. Foto: Jo\u00e9dson Alves\/Ag\u00eancia Brasil<\/p>\n<p>A atual ministra da Gest\u00e3o e da Inova\u00e7\u00e3o em Servi\u00e7os P\u00fablicos do Brasil, Esther Dweck, foi nomeada para assumir interinamente a pasta de Direitos Humanos e Cidadania. A substitui\u00e7\u00e3o ocorreu devido \u00e0 sa\u00edda de Silvio Almeida, conforme divulgado pelo minist\u00e9rio na noite de sexta-feira, 6 de setembro de 2024.<\/p>\n<p>Esther Dweck, que \u00e9 professora associada no Instituto de Economia da Universidade Federal do Rio de Janeiro (IE\/UFRJ) e doutora em Economia pela mesma institui\u00e7\u00e3o, traz uma vasta experi\u00eancia ao novo cargo. Durante seu doutorado, ela tamb\u00e9m realizou estudos na Scuola Superiore Sant\u2019Anna, em Pisa, na It\u00e1lia.<\/p>\n<h2 class=\"wp-block-heading\">Quem \u00e9 Esther Dweck?<\/h2>\n<p>Esther Dweck possui uma trajet\u00f3ria exemplar no servi\u00e7o p\u00fablico. Entre 2011 e 2016, atuou no Minist\u00e9rio do Planejamento, Or\u00e7amento e Gest\u00e3o, onde exerceu o cargo de Chefe da Assessoria Econ\u00f4mica e de Secret\u00e1ria de Or\u00e7amento Federal (SOF). Tamb\u00e9m ocupou a posi\u00e7\u00e3o de Subchefe de An\u00e1lise e Acompanhamento de Pol\u00edticas Governamentais na Casa Civil.<\/p>\n<h2 class=\"wp-block-heading\">Por que Silvio Almeida foi demitido<\/h2>\n<p>Silvio Almeida foi demitido pelo presidente Lula ap\u00f3s o Movimento Mee Too ter revelado den\u00fancias de ass\u00e9dio sexual contra o ministro. Uma das den\u00fancias envolvia a ministra da Igualdade Racial, Anielle Franco.<\/p>\n<p>Em declara\u00e7\u00e3o oficial, a Secretaria de Comunica\u00e7\u00e3o Social da Presid\u00eancia da Rep\u00fablica afirmou: <strong>\u201cO presidente considera insustent\u00e1vel a manuten\u00e7\u00e3o do ministro no cargo considerando a natureza das acusa\u00e7\u00f5es de ass\u00e9dio sexual. O Governo Federal reitera seu compromisso com os Direitos Humanos e reafirma que nenhuma forma de viol\u00eancia contra as mulheres ser\u00e1 tolerada.\u201d<\/strong><\/p>\n<h2 class=\"wp-block-heading\">O impacto da nomea\u00e7\u00e3o de Esther Dweck<\/h2>\n<p>A nomea\u00e7\u00e3o de Esther Dweck \u00e9 vista como uma medida emergencial para garantir a continuidade das pol\u00edticas de Direitos Humanos e Cidadania no pa\u00eds. Seu vasto curr\u00edculo e a experi\u00eancia adquirida em diversas pastas governamentais trazem confian\u00e7a para o cargo.<\/p>\n<p>Entre seus principais desafios est\u00e3o:<\/p>\n<ul class=\"wp-block-list\">\n<li>Refor\u00e7ar as pol\u00edticas de combate \u00e0 viol\u00eancia contra as mulheres;<\/li>\n<li>Promover a igualdade racial;<\/li>\n<li>Apoiar iniciativas de inclus\u00e3o social;<\/li>\n<li>Garantir a transpar\u00eancia nas a\u00e7\u00f5es do minist\u00e9rio.<\/li>\n<\/ul>\n<h2 class=\"wp-block-heading\">Trajet\u00f3ria profissional de Esther<\/h2>\n<p>Esther Dweck tem uma carreira s\u00f3lida que inclui diversos cargos de relev\u00e2ncia no servi\u00e7o p\u00fablico. Al\u00e9m do destaque no Minist\u00e9rio do Planejamento, ela foi agraciada em 2021 pelo Conselho Federal de Economia (Cofecon) com o pr\u00eamio de Mulher Economista do Ano.<\/p>\n<p>Seus estudos na Scuola Superiore Sant\u2019Anna, em Pisa, tamb\u00e9m contribu\u00edram para sua forma\u00e7\u00e3o, agregando ainda mais valor \u00e0 sua carreira acad\u00eamica e profissional.<\/p>\n<p>A comunidade acad\u00eamica e os colegas de servi\u00e7o p\u00fablico expressaram confian\u00e7a em sua capacidade de liderar a pasta de Direitos Humanos, destacando sua compet\u00eancia t\u00e9cnica e sensibilidade para quest\u00f5es sociais.<\/p>\n<h2 class=\"wp-block-heading\">Pr\u00f3ximos passos<\/h2>\n<p>Com a nova nomea\u00e7\u00e3o, Esther Dweck tem alguns desafios imediatos para enfrentar. Al\u00e9m de continuar com a agenda de direitos humanos, ela precisar\u00e1 implementar pol\u00edticas de r\u00e1pida resposta para lidar com as acusa\u00e7\u00f5es recentes e estreitar o di\u00e1logo com movimentos sociais e organiza\u00e7\u00f5es n\u00e3o governamentais.<\/p>\n<p>A expectativa \u00e9 que sua expertise em economia e gest\u00e3o p\u00fablica ajude a delinear pol\u00edticas mais eficazes e sustent\u00e1veis para enfrentar os desafios sociais do Brasil.<\/p>\n<\/p><\/div>\n<p><br \/>\n<br \/><a href=\"https:\/\/terrabrasilnoticias.com\/2024\/09\/esther-dweck-assume-ministerio-de-direitos-humanos-apos-exoneracao-de-silvio-almeida\/\">Source link <\/a><\/p>","protected":false},"excerpt":{"rendered":"<p>Bras\u00edlia (DF) 04\/09\/2024- Ministra Esther Dweck, participa da cerim\u00f4nia do pacto pela diversidade, equidade e inclus\u00e3o nas empresas estatais. Foto: Jo\u00e9dson Alves\/Ag\u00eancia Brasil A atual ministra da Gest\u00e3o e da&hellip;<\/p>","protected":false},"author":1,"featured_media":33306,"comment_status":"closed","ping_status":"open","sticky":false,"template":"","format":"standard","meta":{"content-type":"","footnotes":""},"categories":[16],"tags":[],"class_list":["post-33305","post","type-post","status-publish","format-standard","has-post-thumbnail","hentry","category-noticias"],"_links":{"self":[{"href":"https:\/\/tvbrazilusa.com\/pt\/wp-json\/wp\/v2\/posts\/33305","targetHints":{"allow":["GET"]}}],"collection":[{"href":"https:\/\/tvbrazilusa.com\/pt\/wp-json\/wp\/v2\/posts"}],"about":[{"href":"https:\/\/tvbrazilusa.com\/pt\/wp-json\/wp\/v2\/types\/post"}],"author":[{"embeddable":true,"href":"https:\/\/tvbrazilusa.com\/pt\/wp-json\/wp\/v2\/users\/1"}],"replies":[{"embeddable":true,"href":"https:\/\/tvbrazilusa.com\/pt\/wp-json\/wp\/v2\/comments?post=33305"}],"version-history":[{"count":1,"href":"https:\/\/tvbrazilusa.com\/pt\/wp-json\/wp\/v2\/posts\/33305\/revisions"}],"predecessor-version":[{"id":33307,"href":"https:\/\/tvbrazilusa.com\/pt\/wp-json\/wp\/v2\/posts\/33305\/revisions\/33307"}],"wp:featuredmedia":[{"embeddable":true,"href":"https:\/\/tvbrazilusa.com\/pt\/wp-json\/wp\/v2\/media\/33306"}],"wp:attachment":[{"href":"https:\/\/tvbrazilusa.com\/pt\/wp-json\/wp\/v2\/media?parent=33305"}],"wp:term":[{"taxonomy":"category","embeddable":true,"href":"https:\/\/tvbrazilusa.com\/pt\/wp-json\/wp\/v2\/categories?post=33305"},{"taxonomy":"post_tag","embeddable":true,"href":"https:\/\/tvbrazilusa.com\/pt\/wp-json\/wp\/v2\/tags?post=33305"}],"curies":[{"name":"wp","href":"https:\/\/api.w.org\/{rel}","templated":true}]}}