{"id":33349,"date":"2024-09-07T14:34:08","date_gmt":"2024-09-07T14:34:08","guid":{"rendered":"https:\/\/tvbrazilusa.com\/2024\/09\/07\/embaixada-da-argentina-sob-custodia-do-brasil-e-cercada-por-forcas-de-seguranca-venezuelanas\/"},"modified":"2024-09-07T14:37:19","modified_gmt":"2024-09-07T14:37:19","slug":"embaixada-da-argentina-sob-custodia-do-brasil-e-cercada-por-forcas-de-seguranca-venezuelanas","status":"publish","type":"post","link":"https:\/\/tvbrazilusa.com\/pt\/2024\/09\/07\/embaixada-da-argentina-sob-custodia-do-brasil-e-cercada-por-forcas-de-seguranca-venezuelanas\/","title":{"rendered":"Embaixada da Argentina, sob cust\u00f3dia do Brasil, \u00e9 cercada por for\u00e7as de seguran\u00e7a venezuelanas"},"content":{"rendered":"<p> <script async src=\"https:\/\/pagead2.googlesyndication.com\/pagead\/js\/adsbygoogle.js?client=ca-pub-8864793242727901\"\r\n     crossorigin=\"anonymous\"><\/script><br \/>\n<\/p>\n<div>\n<p>Bras\u00edlia (DF) 30\/05\/2023 \u2013 O presidente da Venezuela, N\u00edcolas Maduro, deixa o Pal\u00e1cio do Itamaraty, ap\u00f3s reuni\u00e3o de Presidentes dos pa\u00edses da Am\u00e9rica do Sul. Foto Rafa Neddermeyer\/ Ag\u00eancia Brasil.<\/p>\n<p>Na noite desta sexta-feira (6), as for\u00e7as de seguran\u00e7a da Venezuela cercaram a Embaixada da Argentina em Caracas, segundo declara\u00e7\u00f5es da oposi\u00e7\u00e3o. Um coordenador de campanha opositor, que se encontra asilado no local, afirmou que homens encapuzados circulavam pelos arredores do edif\u00edcio.<\/p>\n<p>No s\u00e1bado (7) pela manh\u00e3, um ve\u00edculo da pol\u00edcia ainda estava no local, de acordo com a oposi\u00e7\u00e3o venezuelana. O Comando Nacional de Campanha da oposi\u00e7\u00e3o afirmou que seis membros do grupo est\u00e3o asilados dentro da embaixada.<\/p>\n<h2 class=\"wp-block-heading\">For\u00e7as de seguran\u00e7a na Embaixada da Argentina<\/h2>\n<p>Pedro Urruchurtu Noselli, coordenador internacional da l\u00edder opositora Mar\u00eda Corina Machado, relatou a presen\u00e7a de homens encapuzados e agentes de intelig\u00eancia do regime de Maduro nos arredores da embaixada. Ele tamb\u00e9m afirmou que durante a noite, carros das for\u00e7as de seguran\u00e7a com luzes intermitentes foram vistos no local.<\/p>\n<p>Al\u00e9m disso, Omar Gonzalez Moreno, um dos asilados e membro da dire\u00e7\u00e3o nacional do partido opositor Vente Venezuela, informou que a energia na embaixada foi cortada. At\u00e9 o momento, o governo venezuelano n\u00e3o se manifestou sobre o ocorrido.<\/p>\n<h2 class=\"wp-block-heading\">O que diz a Conven\u00e7\u00e3o de Viena?<\/h2>\n<p>A Conven\u00e7\u00e3o de Viena sobre Rela\u00e7\u00f5es Diplom\u00e1ticas, de 1961, determina que locais de miss\u00f5es diplom\u00e1ticas, como embaixadas e consulados, s\u00e3o inviol\u00e1veis. Segundo o tratado, agentes de estado s\u00f3 podem entrar nessas \u00e1reas com a autoriza\u00e7\u00e3o do chefe da miss\u00e3o estrangeira.<\/p>\n<h2 class=\"wp-block-heading\">Locais inviol\u00e1veis<\/h2>\n<ul class=\"wp-block-list\">\n<li>A entrada de agentes de estado dentro das embaixadas depende da autoriza\u00e7\u00e3o do chefe da miss\u00e3o estrangeira.<\/li>\n<li>Sem autoriza\u00e7\u00e3o, a entrada \u00e9 considerada uma viola\u00e7\u00e3o do direito internacional.<\/li>\n<li>Em situa\u00e7\u00e3o de crise, o pa\u00eds anfitri\u00e3o deve garantir a seguran\u00e7a do local diplom\u00e1tico.<\/li>\n<\/ul>\n<h2 class=\"wp-block-heading\">Como a Argentina est\u00e1 reagindo?<\/h2>\n<p>Diante do agravamento da situa\u00e7\u00e3o na Venezuela, o governo argentino emitiu uma nota solicitando ao procurador do Tribunal Penal Internacional que pe\u00e7a a emiss\u00e3o de ordens de deten\u00e7\u00e3o contra Nicol\u00e1s Maduro e outros l\u00edderes do regime. A nota destaca que as evid\u00eancias reunidas s\u00e3o suficientes para considerar a emiss\u00e3o das ordens de deten\u00e7\u00e3o, em decorr\u00eancia dos eventos ocorridos ap\u00f3s as elei\u00e7\u00f5es presidenciais de 28 de julho.<\/p>\n<p>Procurado, o Itamaraty informou que o Brasil continuar\u00e1 a representar os interesses da Argentina enquanto se aguarda a defini\u00e7\u00e3o de um pa\u00eds substituto para esta fun\u00e7\u00e3o. A prioridade no momento \u00e9 garantir que todos os asilados na embaixada fiquem bem.<\/p>\n<h2 class=\"wp-block-heading\">Papel do Brasil<\/h2>\n<p>O Brasil tem um papel crucial na prote\u00e7\u00e3o dos asilados na Embaixada da Argentina, representando os interesses argentinos na Venezuela. O Itamaraty afirmou que a Venezuela deve esperar a defini\u00e7\u00e3o de um pa\u00eds substituto para revogar a autoriza\u00e7\u00e3o de prote\u00e7\u00e3o.<\/p>\n<p>A situa\u00e7\u00e3o na Embaixada da Argentina em Caracas \u00e9 um reflexo da tens\u00e3o pol\u00edtica que persiste na Venezuela, onde a oposi\u00e7\u00e3o continua a enfrentar dificuldades e persegui\u00e7\u00e3o por parte do regime de Maduro.<\/p>\n<p>Como resultado, a comunidade internacional, incluindo a Argentina e o Brasil, continua a monitorar os eventos e tomar medidas para garantir a seguran\u00e7a de seus cidad\u00e3os.<\/p>\n<\/p><\/div>\n<p><br \/>\n<br \/><a href=\"https:\/\/terrabrasilnoticias.com\/2024\/09\/embaixada-da-argentina-sob-custodia-do-brasil-e-cercada-por-forcas-de-seguranca-venezuelanas\/\">Source link <\/a><\/p>","protected":false},"excerpt":{"rendered":"<p>Bras\u00edlia (DF) 30\/05\/2023 \u2013 O presidente da Venezuela, N\u00edcolas Maduro, deixa o Pal\u00e1cio do Itamaraty, ap\u00f3s reuni\u00e3o de Presidentes dos pa\u00edses da Am\u00e9rica do Sul. Foto Rafa Neddermeyer\/ Ag\u00eancia Brasil.&hellip;<\/p>","protected":false},"author":1,"featured_media":33350,"comment_status":"closed","ping_status":"open","sticky":false,"template":"","format":"standard","meta":{"content-type":"","footnotes":""},"categories":[16],"tags":[],"class_list":["post-33349","post","type-post","status-publish","format-standard","has-post-thumbnail","hentry","category-noticias"],"_links":{"self":[{"href":"https:\/\/tvbrazilusa.com\/pt\/wp-json\/wp\/v2\/posts\/33349","targetHints":{"allow":["GET"]}}],"collection":[{"href":"https:\/\/tvbrazilusa.com\/pt\/wp-json\/wp\/v2\/posts"}],"about":[{"href":"https:\/\/tvbrazilusa.com\/pt\/wp-json\/wp\/v2\/types\/post"}],"author":[{"embeddable":true,"href":"https:\/\/tvbrazilusa.com\/pt\/wp-json\/wp\/v2\/users\/1"}],"replies":[{"embeddable":true,"href":"https:\/\/tvbrazilusa.com\/pt\/wp-json\/wp\/v2\/comments?post=33349"}],"version-history":[{"count":1,"href":"https:\/\/tvbrazilusa.com\/pt\/wp-json\/wp\/v2\/posts\/33349\/revisions"}],"predecessor-version":[{"id":33351,"href":"https:\/\/tvbrazilusa.com\/pt\/wp-json\/wp\/v2\/posts\/33349\/revisions\/33351"}],"wp:featuredmedia":[{"embeddable":true,"href":"https:\/\/tvbrazilusa.com\/pt\/wp-json\/wp\/v2\/media\/33350"}],"wp:attachment":[{"href":"https:\/\/tvbrazilusa.com\/pt\/wp-json\/wp\/v2\/media?parent=33349"}],"wp:term":[{"taxonomy":"category","embeddable":true,"href":"https:\/\/tvbrazilusa.com\/pt\/wp-json\/wp\/v2\/categories?post=33349"},{"taxonomy":"post_tag","embeddable":true,"href":"https:\/\/tvbrazilusa.com\/pt\/wp-json\/wp\/v2\/tags?post=33349"}],"curies":[{"name":"wp","href":"https:\/\/api.w.org\/{rel}","templated":true}]}}