{"id":33358,"date":"2024-09-07T14:51:47","date_gmt":"2024-09-07T14:51:47","guid":{"rendered":"https:\/\/tvbrazilusa.com\/2024\/09\/07\/veja-o-que-rolou-nos-bastidores-da-reuniao-entre-lula-e-anielle-que-ocasionou-na-exoneracao-de-silvio-almeida\/"},"modified":"2024-09-07T14:53:14","modified_gmt":"2024-09-07T14:53:14","slug":"veja-o-que-rolou-nos-bastidores-da-reuniao-entre-lula-e-anielle-que-ocasionou-na-exoneracao-de-silvio-almeida","status":"publish","type":"post","link":"https:\/\/tvbrazilusa.com\/pt\/2024\/09\/07\/veja-o-que-rolou-nos-bastidores-da-reuniao-entre-lula-e-anielle-que-ocasionou-na-exoneracao-de-silvio-almeida\/","title":{"rendered":"Veja o que rolou nos bastidores da reuni\u00e3o entre Lula e Anielle que ocasionou na exonera\u00e7\u00e3o de Silvio Almeida"},"content":{"rendered":"<p> <script async src=\"https:\/\/pagead2.googlesyndication.com\/pagead\/js\/adsbygoogle.js?client=ca-pub-8864793242727901\"\r\n     crossorigin=\"anonymous\"><\/script><br \/>\n<\/p>\n<div>\n<p>Cr\u00e9ditos: depositphotos.com \/ thenews2.com<\/p>\n<p>Uma reuni\u00e3o ocorrida recentemente no Pal\u00e1cio do Planalto destacou a decis\u00e3o do presidente Lula em demitir Silvio Almeida, ent\u00e3o ministro dos Direitos Humanos. A reuni\u00e3o contou com a presen\u00e7a exclusiva de mulheres, incluindo a ministra da Igualdade Racial, Anielle Franco, e outras importantes autoridades femininas.<\/p>\n<p>Al\u00e9m de Anielle Franco, a reuni\u00e3o teve a participa\u00e7\u00e3o de Ester Dweck, ministra de Gest\u00e3o e Inova\u00e7\u00e3o, Cida Gon\u00e7alves, ministra das Mulheres, e Gleisi Hoffmann, deputada federal e presidente do PT. O encontro foi um marco de decis\u00e3o e principalmente de apoio entre as mulheres presentes no governo.<\/p>\n<h2 class=\"wp-block-heading\">Silvio Almeida demitido: O que motivou a decis\u00e3o<\/h2>\n<p>De acordo com relatos das reuni\u00f5es que ocorreram na sexta-feira, 6 de janeiro de 2024, o presidente Lula tomou a decis\u00e3o firme de demitir Silvio Almeida sem qualquer inten\u00e7\u00e3o de mant\u00ea-lo no governo. O motivo da demiss\u00e3o foi fundamentado nas diversas den\u00fancias que surgiram contra Almeida.<\/p>\n<p>O presidente deixou claro durante o encontro que a demiss\u00e3o n\u00e3o se dava apenas por uma quest\u00e3o pessoal com Anielle Franco, mas sim por todas as mulheres que trouxeram suas den\u00fancias \u00e0 tona. A inten\u00e7\u00e3o de Lula era mostrar um posicionamento de respeito e a\u00e7\u00e3o frente \u00e0s acusa\u00e7\u00f5es s\u00e9rias que foram apresentadas pelas ministras e deputadas.<\/p>\n<p>Durante a conversa com Anielle Franco, Lula explicou que a decis\u00e3o de demitir Silvio Almeida estava diretamente ligada \u00e0s in\u00fameras den\u00fancias de importuna\u00e7\u00e3o. Anielle, mesmo sem precisar relatar o ocorrido para confirmar a decis\u00e3o do presidente, trouxe \u00e0 tona sua experi\u00eancia negativa com o ex-ministro.<\/p>\n<p>O presidente e as ministras presentes ouviram o relato de Anielle com aten\u00e7\u00e3o e solidariedade. Segundo uma fonte que participou do encontro, todos ficaram profundamente tocados pela natureza das den\u00fancias. O ambiente da reuni\u00e3o foi descrito como cheio de \u201crespeito e afeto\u201d, demonstrando o apoio total de Lula e das ministras \u00e0s mulheres que trouxeram suas vozes ao cen\u00e1rio pol\u00edtico.<\/p>\n<h2 class=\"wp-block-heading\">Resposta do Governo sobre a demiss\u00e3o de Silvio Almeida<\/h2>\n<p>Lula, segundo uma fonte do Pal\u00e1cio do Planalto, quis deixar expl\u00edcito que a demiss\u00e3o de Silvio Almeida n\u00e3o tinha espa\u00e7o para reconsidera\u00e7\u00f5es. A proposta de Almeida pedir demiss\u00e3o foi dada, mas a manuten\u00e7\u00e3o no cargo estava fora de quest\u00e3o. A ministra Esther Dweck assumir\u00e1 interinamente o posto enquanto o PT busca um novo quadro para ocupar a vaga permanentemente.<\/p>\n<h2 class=\"wp-block-heading\">Quem participou da reuni\u00e3o com Lula?<\/h2>\n<p>A reuni\u00e3o foi uma expressiva demonstra\u00e7\u00e3o de uni\u00e3o entre as mulheres do governo. <strong>Participaram da reuni\u00e3o:<\/strong><\/p>\n<ul class=\"wp-block-list\">\n<li>Anielle Franco \u2013 Ministra da Igualdade Racial<\/li>\n<li>Ester Dweck \u2013 Ministra de Gest\u00e3o e Inova\u00e7\u00e3o<\/li>\n<li>Cida Gon\u00e7alves \u2013 Ministra das Mulheres<\/li>\n<li>Gleisi Hoffmann \u2013 Deputada Federal e Presidente do PT<\/li>\n<\/ul>\n<p>Durante o encontro, foi un\u00e2nime o sentimento de apoio e compreens\u00e3o em rela\u00e7\u00e3o \u00e0s den\u00fancias apresentadas. A decis\u00e3o de demiss\u00e3o de Silvio Almeida foi vista como um passo importante para mostrar que o governo est\u00e1 atento e n\u00e3o tolera comportamentos inaceit\u00e1veis.<\/p>\n<h2 class=\"wp-block-heading\">Pr\u00f3ximos passos do Governo<\/h2>\n<p>Com Esther Dweck ocupando interinamente o cargo, o PT j\u00e1 iniciou a busca por um novo ministro ou ministra para assumir permanentemente o Minist\u00e9rio dos Direitos Humanos. Enquanto isso, a decis\u00e3o de Lula fortalece a imagem do governo no enfrentamento de quest\u00f5es de ass\u00e9dio e respeito \u00e0s mulheres em cargos de poder.<\/p>\n<p>A demiss\u00e3o de Silvio Almeida \u00e9 um marco importante na gest\u00e3o do presidente Lula, demonstrando um compromisso real com a justi\u00e7a e o apoio \u00e0s den\u00fancias feitas pelas mulheres dentro do governo. A atitude de ouvir, acolher e agir \u00e9 essencial para construir um ambiente pol\u00edtico mais seguro e respeitoso para todos.<\/p>\n<p>Esse epis\u00f3dio reafirma a import\u00e2ncia de continuar lutando por um espa\u00e7o pol\u00edtico onde as vozes femininas sejam respeitadas e possam atuar sem medo de repres\u00e1lias ou ass\u00e9dios. O compromisso de Lula e das ministras ressalta a necessidade de mudan\u00e7a cultural e institucional no governo e na sociedade em geral.<\/p>\n<\/p><\/div>\n<p><br \/>\n<br \/><a href=\"https:\/\/terrabrasilnoticias.com\/2024\/09\/veja-o-que-rolou-nos-bastidores-da-reuniao-entre-lula-e-anielle-que-ocasionou-na-exoneracao-de-silvio-almeida\/\">Source link <\/a><\/p>","protected":false},"excerpt":{"rendered":"<p>Cr\u00e9ditos: depositphotos.com \/ thenews2.com Uma reuni\u00e3o ocorrida recentemente no Pal\u00e1cio do Planalto destacou a decis\u00e3o do presidente Lula em demitir Silvio Almeida, ent\u00e3o ministro dos Direitos Humanos. A reuni\u00e3o contou&hellip;<\/p>","protected":false},"author":1,"featured_media":33359,"comment_status":"closed","ping_status":"open","sticky":false,"template":"","format":"standard","meta":{"content-type":"","footnotes":""},"categories":[16],"tags":[],"class_list":["post-33358","post","type-post","status-publish","format-standard","has-post-thumbnail","hentry","category-noticias"],"_links":{"self":[{"href":"https:\/\/tvbrazilusa.com\/pt\/wp-json\/wp\/v2\/posts\/33358","targetHints":{"allow":["GET"]}}],"collection":[{"href":"https:\/\/tvbrazilusa.com\/pt\/wp-json\/wp\/v2\/posts"}],"about":[{"href":"https:\/\/tvbrazilusa.com\/pt\/wp-json\/wp\/v2\/types\/post"}],"author":[{"embeddable":true,"href":"https:\/\/tvbrazilusa.com\/pt\/wp-json\/wp\/v2\/users\/1"}],"replies":[{"embeddable":true,"href":"https:\/\/tvbrazilusa.com\/pt\/wp-json\/wp\/v2\/comments?post=33358"}],"version-history":[{"count":1,"href":"https:\/\/tvbrazilusa.com\/pt\/wp-json\/wp\/v2\/posts\/33358\/revisions"}],"predecessor-version":[{"id":33360,"href":"https:\/\/tvbrazilusa.com\/pt\/wp-json\/wp\/v2\/posts\/33358\/revisions\/33360"}],"wp:featuredmedia":[{"embeddable":true,"href":"https:\/\/tvbrazilusa.com\/pt\/wp-json\/wp\/v2\/media\/33359"}],"wp:attachment":[{"href":"https:\/\/tvbrazilusa.com\/pt\/wp-json\/wp\/v2\/media?parent=33358"}],"wp:term":[{"taxonomy":"category","embeddable":true,"href":"https:\/\/tvbrazilusa.com\/pt\/wp-json\/wp\/v2\/categories?post=33358"},{"taxonomy":"post_tag","embeddable":true,"href":"https:\/\/tvbrazilusa.com\/pt\/wp-json\/wp\/v2\/tags?post=33358"}],"curies":[{"name":"wp","href":"https:\/\/api.w.org\/{rel}","templated":true}]}}