{"id":33369,"date":"2024-09-07T15:18:37","date_gmt":"2024-09-07T15:18:37","guid":{"rendered":"https:\/\/tvbrazilusa.com\/2024\/09\/07\/urgente-bolsonaro-e-hospitalizado-poucas-horas-antes-de-evento-na-paulista-veja-video\/"},"modified":"2024-09-07T15:22:19","modified_gmt":"2024-09-07T15:22:19","slug":"urgente-bolsonaro-e-hospitalizado-poucas-horas-antes-de-evento-na-paulista-veja-video","status":"publish","type":"post","link":"https:\/\/tvbrazilusa.com\/pt\/2024\/09\/07\/urgente-bolsonaro-e-hospitalizado-poucas-horas-antes-de-evento-na-paulista-veja-video\/","title":{"rendered":"URGENTE: Bolsonaro \u00e9 hospitalizado poucas horas antes de evento na Paulista; VEJA V\u00cdDEO"},"content":{"rendered":"<p> <script async src=\"https:\/\/pagead2.googlesyndication.com\/pagead\/js\/adsbygoogle.js?client=ca-pub-8864793242727901\"\r\n     crossorigin=\"anonymous\"><\/script><br \/>\n<\/p>\n<div>\n<p>Cr\u00e9ditos: depositphotos.com \/ thenews2.com<\/p>\n<p>Na manh\u00e3 deste s\u00e1bado, 7 de setembro de 2024, o ex-presidente Jair Bolsonaro foi levado ao hospital Albert Einstein em S\u00e3o Paulo devido a falta de ar e uma forte gripe. De acordo com pessoas pr\u00f3ximas ao ex-presidente, o quadro de sa\u00fade n\u00e3o \u00e9 grave.<\/p>\n<p>Ap\u00f3s realizar apenas uma nebuliza\u00e7\u00e3o, Bolsonaro foi liberado do hospital e seguiu com suas atividades. \u201cN\u00e3o foi nada demais\u201d, comentou o pastor Silas Malafaia, organizador de uma manifesta\u00e7\u00e3o planejada para o mesmo dia.<\/p>\n<blockquote class=\"instagram-media\" data-instgrm-captioned=\"\" data-instgrm-permalink=\"https:\/\/www.instagram.com\/reel\/C_nt8LSxoAX\/?utm_source=ig_embed&#038;utm_campaign=loading\" data-instgrm-version=\"14\" style=\" background:#FFF; border:0; border-radius:3px; box-shadow:0 0 1px 0 rgba(0,0,0,0.5),0 1px 10px 0 rgba(0,0,0,0.15); margin: 1px; max-width:540px; min-width:326px; padding:0; width:99.375%; width:-webkit-calc(100% - 2px); width:calc(100% - 2px);\"\/>\n<h2 class=\"wp-block-heading\">Convoca\u00e7\u00e3o para Ato de 7 de Setembro<\/h2>\n<p>Mais cedo, Jair Bolsonaro fez um apelo aos seus apoiadores atrav\u00e9s das redes sociais, chamando-os para uma manifesta\u00e7\u00e3o na tarde de 7 de setembro. Ele reiterou seu pedido de boicote \u00e0s solenidades oficiais, alegando que o governo Lula \u00e9 \u201cvoltado a ditaduras\u201d.<\/p>\n<p>Em seu apelo, Bolsonaro afirmou: \u201cEssa semana n\u00e3o \u00e9 a semana da Independ\u00eancia. Um Pa\u00eds sem liberdade n\u00e3o pode comemorar nada nessa data. Eu pe\u00e7o a voc\u00eas que n\u00e3o compare\u00e7am a nenhum ato c\u00edvico patrocinado pelo governo federal, que n\u00e3o tem qualquer compromisso com a nossa liberdade. \u00c9 um governo voltado a ditaduras, contra aquilo que h\u00e1 de mais sagrado em nosso meio, que \u00e9 a liberdade\u201d.<\/p>\n<h2 class=\"wp-block-heading\">Ato em Defesa da Liberdade<\/h2>\n<p>Quando convocou o ato na semana passada, o ex-presidente destacou que o principal objetivo era a anistia aos presos pelos ataques antidemocr\u00e1ticos de 8 de janeiro. No entanto, ao longo da semana, Malafaia afirmou que a manifesta\u00e7\u00e3o tamb\u00e9m seria um protesto pelo impeachment do ministro Alexandre de Moraes.<\/p>\n<p>Alexandre de Moraes \u00e9 o autor da decis\u00e3o que suspendeu a rede social \u201cX\u201d e relator das investiga\u00e7\u00f5es que possuem potencial para incriminar Bolsonaro, incluindo o caso das joias sauditas, a tentativa de golpe de Estado e a fraude aos cart\u00f5es de vacina\u00e7\u00e3o.<\/p>\n<h2 class=\"wp-block-heading\">Presen\u00e7a de Ministros no 7 de Setembro<\/h2>\n<p>Enquanto Jair Bolsonaro fazia seus apelos aos apoiadores, durante a manh\u00e3 desta ter\u00e7a-feira, os ministros do Supremo Tribunal Federal (STF) Cristiano Zanin, Gilmar Mendes e Lu\u00eds Roberto Barroso marcaram presen\u00e7a nos desfiles oficiais do 7 de setembro em Bras\u00edlia, ao lado do presidente Lula.<\/p>\n<p>Essa presen\u00e7a destacou a continuidade das solenidades oficiais apesar das convocat\u00f3rias feitas por Bolsonaro para boicotes e protestos. A manifesta\u00e7\u00e3o organizada por Bolsonaro e apoiada por Malafaia buscou enfatizar cr\u00edticas ao governo atual e a algumas decis\u00f5es judiciais recentes.<\/p>\n<p>O ex-presidente Jair Bolsonaro, conhecido por sua postura pol\u00eamica, continua a exercer forte influ\u00eancia sobre uma parcela significativa da popula\u00e7\u00e3o brasileira, que se mostra disposta a seguir suas convoca\u00e7\u00f5es e apelos, mesmo em momentos delicados como o do seu recente problema de sa\u00fade.<\/p>\n<p>Uma coisa \u00e9 certa: o cen\u00e1rio pol\u00edtico brasileiro continua fervendo, e as pr\u00f3ximas semanas prometem serem ainda mais agitadas com novos desdobramentos das investiga\u00e7\u00f5es e movimenta\u00e7\u00f5es por parte de Bolsonaro e seus apoiadores.<\/p>\n<\/p><\/div>\n<p><script async src=\"\/\/www.instagram.com\/embed.js\"><\/script><br \/>\n<br \/><br \/>\n<br \/><a href=\"https:\/\/terrabrasilnoticias.com\/2024\/09\/urgente-bolsonaro-e-hospitalizado-poucas-horas-antes-de-evento-na-paulista-veja-video\/\">Source link <\/a><\/p>","protected":false},"excerpt":{"rendered":"<p>Cr\u00e9ditos: depositphotos.com \/ thenews2.com Na manh\u00e3 deste s\u00e1bado, 7 de setembro de 2024, o ex-presidente Jair Bolsonaro foi levado ao hospital Albert Einstein em S\u00e3o Paulo devido a falta de&hellip;<\/p>","protected":false},"author":1,"featured_media":33370,"comment_status":"closed","ping_status":"open","sticky":false,"template":"","format":"standard","meta":{"content-type":"","footnotes":""},"categories":[16],"tags":[],"class_list":["post-33369","post","type-post","status-publish","format-standard","has-post-thumbnail","hentry","category-noticias"],"_links":{"self":[{"href":"https:\/\/tvbrazilusa.com\/pt\/wp-json\/wp\/v2\/posts\/33369","targetHints":{"allow":["GET"]}}],"collection":[{"href":"https:\/\/tvbrazilusa.com\/pt\/wp-json\/wp\/v2\/posts"}],"about":[{"href":"https:\/\/tvbrazilusa.com\/pt\/wp-json\/wp\/v2\/types\/post"}],"author":[{"embeddable":true,"href":"https:\/\/tvbrazilusa.com\/pt\/wp-json\/wp\/v2\/users\/1"}],"replies":[{"embeddable":true,"href":"https:\/\/tvbrazilusa.com\/pt\/wp-json\/wp\/v2\/comments?post=33369"}],"version-history":[{"count":1,"href":"https:\/\/tvbrazilusa.com\/pt\/wp-json\/wp\/v2\/posts\/33369\/revisions"}],"predecessor-version":[{"id":33371,"href":"https:\/\/tvbrazilusa.com\/pt\/wp-json\/wp\/v2\/posts\/33369\/revisions\/33371"}],"wp:featuredmedia":[{"embeddable":true,"href":"https:\/\/tvbrazilusa.com\/pt\/wp-json\/wp\/v2\/media\/33370"}],"wp:attachment":[{"href":"https:\/\/tvbrazilusa.com\/pt\/wp-json\/wp\/v2\/media?parent=33369"}],"wp:term":[{"taxonomy":"category","embeddable":true,"href":"https:\/\/tvbrazilusa.com\/pt\/wp-json\/wp\/v2\/categories?post=33369"},{"taxonomy":"post_tag","embeddable":true,"href":"https:\/\/tvbrazilusa.com\/pt\/wp-json\/wp\/v2\/tags?post=33369"}],"curies":[{"name":"wp","href":"https:\/\/api.w.org\/{rel}","templated":true}]}}