{"id":33375,"date":"2024-09-07T15:34:00","date_gmt":"2024-09-07T15:34:00","guid":{"rendered":"https:\/\/tvbrazilusa.com\/2024\/09\/07\/brasileiro-bilionario-aos-28-dinheiro-nunca-foi-minha-motivacao\/"},"modified":"2024-09-07T15:35:59","modified_gmt":"2024-09-07T15:35:59","slug":"brasileiro-bilionario-aos-28-dinheiro-nunca-foi-minha-motivacao","status":"publish","type":"post","link":"https:\/\/tvbrazilusa.com\/pt\/2024\/09\/07\/brasileiro-bilionario-aos-28-dinheiro-nunca-foi-minha-motivacao\/","title":{"rendered":"Brasileiro bilion\u00e1rio aos 28: \u201cDinheiro nunca foi minha motiva\u00e7\u00e3o\u201d"},"content":{"rendered":"<p> <script async src=\"https:\/\/pagead2.googlesyndication.com\/pagead\/js\/adsbygoogle.js?client=ca-pub-8864793242727901\"\r\n     crossorigin=\"anonymous\"><\/script><br \/>\n<\/p>\n<div>\n<p>Nos \u00faltimos anos, o <strong>Brex <\/strong>tem se destacado no mercado financeiro global, especialmente em terras americanas. Avaliada em impressionantes US$ 12,3 bilh\u00f5es, a fintech criada por dois brasileiros tem chamado aten\u00e7\u00e3o n\u00e3o s\u00f3 por sua trajet\u00f3ria mete\u00f3rica, mas tamb\u00e9m por suas estrat\u00e9gias audaciosas e vis\u00e3o de futuro.<\/p>\n<p><strong>Pedro Franceschi<\/strong>, cofundador do Brex, falou recentemente sobre a import\u00e2ncia do valuation no <a href=\"https:\/\/pt.wikipedia.org\/wiki\/Oferta_p%C3%BAblica_inicial\" target=\"_blank\" rel=\"noreferrer noopener\">IPO <\/a>da empresa e suas ambi\u00e7\u00f5es para o futuro. \u201cClaro que valuation importa, mas o principal \u00e9 pensar no impacto que voc\u00ea gera\u201d, afirmou. Para Franceschi, a receita \u00e9 apenas uma parte do objetivo final, que \u00e9 criar valor para o cliente.<\/p>\n<h2 class=\"wp-block-heading\">Como o Brex Planeja Capitalizar seu Potencial no Futuro?<\/h2>\n<p>Segundo Franceschi, o Brex est\u00e1 sempre pensando em como capitalizar seu potencial, seja por meio de IPOs ou poss\u00edveis opera\u00e7\u00f5es de fus\u00f5es e aquisi\u00e7\u00f5es (M&#038;A). No entanto, ele destaca que um IPO parece ser a rota mais prov\u00e1vel para manter a independ\u00eancia da empresa e escalar seus neg\u00f3cios de forma mais robusta.<\/p>\n<p>Com uma base de clientes crescendo rapidamente \u2013 uma em cada tr\u00eas startups nos EUA usa o Brex \u2013 as possibilidades s\u00e3o vastas. No ano passado, a empresa aumentou sua margem em 75% e reduziu a queima de caixa em mais de 50%, uma prova concreta de sua efici\u00eancia operacional.<\/p>\n<h2 class=\"wp-block-heading\">Quais S\u00e3o os Planos de Franceschi para a Lideran\u00e7a da Empresa?<\/h2>\n<p>A lideran\u00e7a na Brex passou por mudan\u00e7as significativas recentemente, com a sa\u00edda de <strong>Henrique Dubugras <\/strong>da posi\u00e7\u00e3o de co-CEO para se tornar presidente do conselho. Isso deixou <strong>Franceschi <\/strong>como o principal respons\u00e1vel pelas opera\u00e7\u00f5es di\u00e1rias da empresa.<\/p>\n<p>\u201cHoje a escala da empresa \u00e9 muito maior, ent\u00e3o \u00e9 uma evolu\u00e7\u00e3o natural\u201d, explicou Franceschi. A mudan\u00e7a visa simplificar a estrutura da lideran\u00e7a, mantendo a efici\u00eancia e a vis\u00e3o de constru\u00e7\u00e3o de um futuro promissor. Mesmo com esses ajustes, Franceschi refor\u00e7a a import\u00e2ncia dos fundadores na lideran\u00e7a das startups, especialmente no Vale do Sil\u00edcio.<\/p>\n<h2 class=\"wp-block-heading\">Como a Crise do Silicon Valley Bank Beneficiou o Brex?<\/h2>\n<p>Em mar\u00e7o do ano passado, quando o Silicon Valley Bank entrou em crise, o Brex rapidamente se tornou uma alternativa para muitas startups. Em apenas 24 horas, mais de 2 mil novos clientes se uniram \u00e0 fintech, resultando em mais de US$ 1 bilh\u00e3o em dep\u00f3sitos.<\/p>\n<p>Franceschi destacou que esse processo foi facilitado por anos de investimento em infraestrutura, permitindo uma r\u00e1pida integra\u00e7\u00e3o de novos clientes. \u201cSe voc\u00ea pega um banco normal e joga 2 mil empresas como clientes em 12 horas, ele n\u00e3o consegue processar isso\u201d, afirmou.<\/p>\n<h2 class=\"wp-block-heading\">Por que Dois Brasileiros Criaram uma Fintech nos EUA?<\/h2>\n<p>A decis\u00e3o de criar o Brex nos Estados Unidos, e n\u00e3o no Brasil, foi estrat\u00e9gica. Franceschi explicou que o mercado americano \u00e9 gigantesco e mal-servido, oferecendo uma oportunidade perfeita para uma fintech inovadora. Al\u00e9m disso, os Estados Unidos abrigam muitas empresas de escala global, um ambiente ideal para expandir um neg\u00f3cio dessa magnitude.<\/p>\n<p>Apesar da base operacional nos EUA, Brex tamb\u00e9m oferece servi\u00e7os a funcion\u00e1rios de empresas globais no Brasil, permitindo o uso de cart\u00f5es em moeda local. Essa abordagem internacional tem sido fundamental para capturar uma ampla gama de clientes.<\/p>\n<h2 class=\"wp-block-heading\">Como Franceschi Lida com a Press\u00e3o e a Fama?<\/h2>\n<p>Pedro Franceschi tamb\u00e9m abordou quest\u00f5es pessoais, como a ansiedade que enfrentou em 2021. O cofundador enfatizou a import\u00e2ncia de cuidar da sa\u00fade mental e agora pratica medita\u00e7\u00e3o, terapia e mant\u00e9m uma alimenta\u00e7\u00e3o saud\u00e1vel. Para ele, esses cuidados s\u00e3o essenciais para sustentar o crescimento da empresa e manter a efic\u00e1cia da lideran\u00e7a.<\/p>\n<p>Quando perguntado sobre a fama e a figura de bilion\u00e1rio, Franceschi foi claro: \u201c<strong>Nunca fui motivado por dinheiro<\/strong>\u201d. Seu foco principal \u00e9 fazer da Brex uma empresa que gere valor, n\u00e3o apenas riqueza. Ele tamb\u00e9m expressou o desejo de contribuir para o Brasil atrav\u00e9s da cria\u00e7\u00e3o de empregos no setor de tecnologia.<\/p>\n<h2 class=\"wp-block-heading\">O Que o Futuro Reserva para o Brex?<\/h2>\n<p>Com o prov\u00e1vel IPO \u00e0 vista e uma trajet\u00f3ria de crescimento impressionante, as expectativas para o futuro do Brex s\u00e3o altas. A fintech j\u00e1 se posicionou como um player importante no ecossistema de startups dos EUA e mostra potencial para expandir ainda mais.<\/p>\n<p>Ao continuar focando na cria\u00e7\u00e3o de valor e na inova\u00e7\u00e3o, o Brex parece estar pronto para escalar novas alturas no mercado financeiro global. Com uma lideran\u00e7a s\u00f3lida e uma vis\u00e3o clara, a fintech est\u00e1 bem posicionada para superar os desafios e aproveitar as oportunidades que surgirem.<\/p>\n<p>Para quem acompanha o mundo das startups, a hist\u00f3ria do Brex \u00e9 uma li\u00e7\u00e3o valiosa sobre vis\u00e3o, perseveran\u00e7a e a import\u00e2ncia de focar no que realmente importa: o valor gerado para os clientes.<\/p>\n<\/p><\/div>\n<p><br \/>\n<br \/><a href=\"https:\/\/terrabrasilnoticias.com\/2024\/09\/brasileiro-bilionario-aos-28-dinheiro-nunca-foi-minha-motivacao\/\">Source link <\/a><\/p>","protected":false},"excerpt":{"rendered":"<p>Nos \u00faltimos anos, o Brex tem se destacado no mercado financeiro global, especialmente em terras americanas. Avaliada em impressionantes US$ 12,3 bilh\u00f5es, a fintech criada por dois brasileiros tem chamado&hellip;<\/p>","protected":false},"author":1,"featured_media":33376,"comment_status":"closed","ping_status":"open","sticky":false,"template":"","format":"standard","meta":{"content-type":"","footnotes":""},"categories":[16],"tags":[],"class_list":["post-33375","post","type-post","status-publish","format-standard","has-post-thumbnail","hentry","category-noticias"],"_links":{"self":[{"href":"https:\/\/tvbrazilusa.com\/pt\/wp-json\/wp\/v2\/posts\/33375","targetHints":{"allow":["GET"]}}],"collection":[{"href":"https:\/\/tvbrazilusa.com\/pt\/wp-json\/wp\/v2\/posts"}],"about":[{"href":"https:\/\/tvbrazilusa.com\/pt\/wp-json\/wp\/v2\/types\/post"}],"author":[{"embeddable":true,"href":"https:\/\/tvbrazilusa.com\/pt\/wp-json\/wp\/v2\/users\/1"}],"replies":[{"embeddable":true,"href":"https:\/\/tvbrazilusa.com\/pt\/wp-json\/wp\/v2\/comments?post=33375"}],"version-history":[{"count":1,"href":"https:\/\/tvbrazilusa.com\/pt\/wp-json\/wp\/v2\/posts\/33375\/revisions"}],"predecessor-version":[{"id":33377,"href":"https:\/\/tvbrazilusa.com\/pt\/wp-json\/wp\/v2\/posts\/33375\/revisions\/33377"}],"wp:featuredmedia":[{"embeddable":true,"href":"https:\/\/tvbrazilusa.com\/pt\/wp-json\/wp\/v2\/media\/33376"}],"wp:attachment":[{"href":"https:\/\/tvbrazilusa.com\/pt\/wp-json\/wp\/v2\/media?parent=33375"}],"wp:term":[{"taxonomy":"category","embeddable":true,"href":"https:\/\/tvbrazilusa.com\/pt\/wp-json\/wp\/v2\/categories?post=33375"},{"taxonomy":"post_tag","embeddable":true,"href":"https:\/\/tvbrazilusa.com\/pt\/wp-json\/wp\/v2\/tags?post=33375"}],"curies":[{"name":"wp","href":"https:\/\/api.w.org\/{rel}","templated":true}]}}