{"id":33387,"date":"2024-09-07T16:04:50","date_gmt":"2024-09-07T16:04:50","guid":{"rendered":"https:\/\/tvbrazilusa.com\/2024\/09\/07\/o-alerta-serio-dos-eua-a-anatel-sobre-a-suspensao-do-x-que-passou-despercebido-no-brasil-graves-sequelas\/"},"modified":"2024-09-07T16:04:51","modified_gmt":"2024-09-07T16:04:51","slug":"o-alerta-serio-dos-eua-a-anatel-sobre-a-suspensao-do-x-que-passou-despercebido-no-brasil-graves-sequelas","status":"publish","type":"post","link":"https:\/\/tvbrazilusa.com\/pt\/2024\/09\/07\/o-alerta-serio-dos-eua-a-anatel-sobre-a-suspensao-do-x-que-passou-despercebido-no-brasil-graves-sequelas\/","title":{"rendered":"O alerta s\u00e9rio dos EUA \u00e0 Anatel sobre a suspens\u00e3o do X, que passou despercebido no Brasil: &#8216;graves sequelas&#8217;"},"content":{"rendered":"<p> <script async src=\"https:\/\/pagead2.googlesyndication.com\/pagead\/js\/adsbygoogle.js?client=ca-pub-8864793242727901\"\r\n     crossorigin=\"anonymous\"><\/script><br \/>\n<\/p>\n<div id=\"taboola-read-more\" style=\"display:block; width:100%\">\n<p>Um diretor da ag\u00eancia de telecomunica\u00e7\u00f5es dos Estados Unidos enviou, nesta quinta, 5 de setembro, uma carta ao presidente da Ag\u00eancia Nacional de Telecomunica\u00e7\u00f5es (Anatel), Carlos Baigorri, sobre a suspens\u00e3o do X no Brasil.<\/p>\n<p>A informa\u00e7\u00e3o foi primeiro noticiada pela Folha de S. Paulo.<br \/>Um diretor da ag\u00eancia de telecomunica\u00e7\u00f5es dos Estados Unidos enviou, nesta quinta, 5 de setembro, uma carta ao presidente da Ag\u00eancia Nacional de Telecomunica\u00e7\u00f5es (Anatel), Carlos Baigorri, sobre a suspens\u00e3o do X no Brasil.<\/p>\n<p>A informa\u00e7\u00e3o foi primeiro noticiada pela Folha de S. Paulo.<\/p>\n<p>No documento, Brendan Carr critica o bloqueio da plataforma no Brasil. E, faz alertas sobre sequelas.<\/p>\n<p>\u201cEssas a\u00e7\u00f5es punitivas \u2014apoiadas publicamente pela administra\u00e7\u00e3o Lula \u2014 j\u00e1 est\u00e3o reverberando amplamente e abalando a confian\u00e7a na estabilidade e previsibilidade dos mercados regulados no Brasil. L\u00edderes empresariais dos EUA est\u00e3o abertamente questionando se o Brasil est\u00e1 no caminho de se tornar um mercado \u2018ininvest\u00edvel\u2019\u201c, diz Carr.<\/p>\n<p>O americano ainda pediu uma reuni\u00e3o com Baigorri e se ofereceu a vir ao Brasil para concretiz\u00e1-la.<\/p>\n<p>Carr \u00e9 um dos cinco diretores da Federal Communications Commission (FCC) desde 2018.<\/p>\n<p>O diretor cumpre seu segundo mandato de cinco anos at\u00e9 2028, tendo sido indicado pelo presidente Donald Trump e reconduzido pelo atual mandat\u00e1rio, Joe Biden.<\/p>\n<p><strong>Starlink protestou, recuou e acatou ordem<\/strong><\/p>\n<p>A Ag\u00eancia Nacional de Telecomunica\u00e7\u00f5es (Anatel) informou ao Supremo Tribunal Federal (STF) que a provedora de internet Starlink suspendeu o acesso ao X.<\/p>\n<p>A empresa de telecomunica\u00e7\u00f5es, que tamb\u00e9m \u00e9 propriedade do bilion\u00e1rio Elon Musk, come\u00e7ou a derrubar a rede social a partir da noite de quarta, 4 de setembro, cinco dias ap\u00f3s a ordem de bloqueio.<\/p>\n<p>A suspens\u00e3o do X na Starlink atingiu quase 224.500 pontos de acesso \u00e0 internet.<\/p>\n<p>A empresa de telecomunica\u00e7\u00f5es Starlink, do bilion\u00e1rio Elon Musk, anunciou nesta ter\u00e7a-feira, 3 de setembro, que cumprir\u00e1 a ordem do ministro Alexandre de Moraes (foto), do Supremo Tribunal Federal (STF) para bloquear o acesso ao X no Brasil.<\/p>\n<p>A Starlink havia anunciado anteriormente que n\u00e3o acataria a decis\u00e3o de Moraes.<\/p>\n<p>Em tom de protesto, a empresa abre o comunicado, publicado no X, se dirigindo aos seus usu\u00e1rios como: \u201cPara nossos clientes no Brasil (que podem n\u00e3o conseguir ler isto devido ao bloqueio de X por Alexandre de Moraes)\u201d.<\/p>\n<p>\u201cO time da Starlink est\u00e1 fazendo todo o poss\u00edvel para mant\u00ea-los conectados. Ap\u00f3s a decis\u00e3o de Alexandre de Moraes que bloqueou os bens da Starlink e impede que a empresa fa\u00e7a transa\u00e7\u00f5es financeiras no Brasil, come\u00e7amos imediatamente os procedimentos legais no STF explicando a grande ilegalidade da determina\u00e7\u00e3o e pedindo para que a Corte desbloqueie nossos ativos\u201d, acrescenta.<\/p>\n<p>A Starlink teve seus recursos bloqueados por decis\u00e3o de Moraes para garantir o pagamento de multas aplicadas ao X pela manuten\u00e7\u00e3o de perfis com ordem de suspens\u00e3o. Dentre eles, est\u00e1 o do senador Marcos Do Val (Podemos-ES).<\/p>\n<p>O fato do X descumprir a derrubada dessas contas, somada \u00e0 aus\u00eancia de representante legal no Brasil, foi o que levou \u00e0 suspens\u00e3o da plataforma em todo o pa\u00eds.<\/p>\n<p><strong>Multas quadruplicadas<\/strong><\/p>\n<p>No in\u00edcio de agosto, Moraes quadruplicou a multa di\u00e1ria \u00e0 plataforma X por manter ativo o perfil do senador Marcos Do Val (Podemos-ES).<\/p>\n<p>Moraes emitiu a ordem para desativar a conta em 8 de agosto, mas o despacho veio a p\u00fablico apenas ao ser divulgado por um perfil oficial da plataforma no dia 13.<\/p>\n<p>A multa original era de R$ 50 mil por dia, o que somou R$ 400 mil desde o dia 8. Por desobedi\u00eancia \u00e0 ordem, Moraes elevou a multa di\u00e1ria a R$ 200 mil a partir de 15 de agosto.<\/p>\n<p>At\u00e9 \u00e0s 17h45 desta ter\u00e7a, 3 de setembro, o perfil de Do Val segue no ar.<\/p>\n<p>Gra\u00e7as ao uso de VPN, tecnologia que altera o endere\u00e7o dos computadores na internet, o senador segue publicando na plataforma apesar da derrubada da plataforma no Brasil.<\/p>\n<p>Moraes determinou a suspens\u00e3o para apurar ofensas do senador a integrantes da Pol\u00edcia Federal.<\/p>\n<p>Do Val compartilhou um v\u00eddeo de um dos filhos de um blogueiro bolsonarista alvo do inqu\u00e9rito das mil\u00edcias digitais. No conte\u00fado, o jovem exp\u00f5e o nome e a imagem de delegados da corpora\u00e7\u00e3o.<\/p>\n<p><strong>Por que o X n\u00e3o tem mais um representante legal no Brasil?<\/strong><\/p>\n<p>Qualquer empresa\u2026<\/p>\n<p>Fonte: O antagonista<\/p>\n<\/p><\/div>\n<p><br \/>\n<br \/><a href=\"https:\/\/diariodobrasilnoticias.com.br\/noticia\/diretor-da-anatel-americana-faz-alerta-sobre-bloqueio-do-x-no-brasil-66dc534ddc4b2\">Source link <\/a><\/p>","protected":false},"excerpt":{"rendered":"<p>Um diretor da ag\u00eancia de telecomunica\u00e7\u00f5es dos Estados Unidos enviou, nesta quinta, 5 de setembro, uma carta ao presidente da Ag\u00eancia Nacional de Telecomunica\u00e7\u00f5es (Anatel), Carlos Baigorri, sobre a suspens\u00e3o&hellip;<\/p>","protected":false},"author":1,"featured_media":33388,"comment_status":"closed","ping_status":"open","sticky":false,"template":"","format":"standard","meta":{"content-type":"","footnotes":""},"categories":[16],"tags":[123,2448,5313,1267],"class_list":["post-33387","post","type-post","status-publish","format-standard","has-post-thumbnail","hentry","category-noticias","tag-brasil","tag-diario","tag-noticia","tag-noticias"],"_links":{"self":[{"href":"https:\/\/tvbrazilusa.com\/pt\/wp-json\/wp\/v2\/posts\/33387","targetHints":{"allow":["GET"]}}],"collection":[{"href":"https:\/\/tvbrazilusa.com\/pt\/wp-json\/wp\/v2\/posts"}],"about":[{"href":"https:\/\/tvbrazilusa.com\/pt\/wp-json\/wp\/v2\/types\/post"}],"author":[{"embeddable":true,"href":"https:\/\/tvbrazilusa.com\/pt\/wp-json\/wp\/v2\/users\/1"}],"replies":[{"embeddable":true,"href":"https:\/\/tvbrazilusa.com\/pt\/wp-json\/wp\/v2\/comments?post=33387"}],"version-history":[{"count":1,"href":"https:\/\/tvbrazilusa.com\/pt\/wp-json\/wp\/v2\/posts\/33387\/revisions"}],"predecessor-version":[{"id":33389,"href":"https:\/\/tvbrazilusa.com\/pt\/wp-json\/wp\/v2\/posts\/33387\/revisions\/33389"}],"wp:featuredmedia":[{"embeddable":true,"href":"https:\/\/tvbrazilusa.com\/pt\/wp-json\/wp\/v2\/media\/33388"}],"wp:attachment":[{"href":"https:\/\/tvbrazilusa.com\/pt\/wp-json\/wp\/v2\/media?parent=33387"}],"wp:term":[{"taxonomy":"category","embeddable":true,"href":"https:\/\/tvbrazilusa.com\/pt\/wp-json\/wp\/v2\/categories?post=33387"},{"taxonomy":"post_tag","embeddable":true,"href":"https:\/\/tvbrazilusa.com\/pt\/wp-json\/wp\/v2\/tags?post=33387"}],"curies":[{"name":"wp","href":"https:\/\/api.w.org\/{rel}","templated":true}]}}