{"id":33403,"date":"2024-09-07T16:15:56","date_gmt":"2024-09-07T16:15:56","guid":{"rendered":"https:\/\/tvbrazilusa.com\/2024\/09\/07\/brasil-perde-custodia-da-embaixada-da-argentina-em-caracas-apos-ordem-de-maduro\/"},"modified":"2024-09-07T16:15:57","modified_gmt":"2024-09-07T16:15:57","slug":"brasil-perde-custodia-da-embaixada-da-argentina-em-caracas-apos-ordem-de-maduro","status":"publish","type":"post","link":"https:\/\/tvbrazilusa.com\/pt\/2024\/09\/07\/brasil-perde-custodia-da-embaixada-da-argentina-em-caracas-apos-ordem-de-maduro\/","title":{"rendered":"Brasil perde cust\u00f3dia da embaixada da Argentina em Caracas ap\u00f3s ordem de Maduro"},"content":{"rendered":"<p> <script async src=\"https:\/\/pagead2.googlesyndication.com\/pagead\/js\/adsbygoogle.js?client=ca-pub-8864793242727901\"\r\n     crossorigin=\"anonymous\"><\/script><br \/>\n<\/p>\n<div id=\"taboola-read-more\" style=\"display:block; width:100%\">\n<p>A ditadura de Nicol\u00e1s Maduro (foto) cancelou a autoriza\u00e7\u00e3o para que a Embaixada da Argentina em Caracas tenha cust\u00f3dia do Brasil. A informa\u00e7\u00e3o foi divulgada pelo jornalista Alejandro Hern\u00e1ndez e confirmada por O Globo.<\/p>\n<p>Segundo o jornal carioca, a revoga\u00e7\u00e3o foi feita de forma unilateral. Na noite de sexta-feira, o Itamaraty j\u00e1 havia afirmado que continuaria a assumir a embaixada at\u00e9 que a Venezuela definisse um pa\u00eds substituto.<\/p>\n<p>Como mostramos, for\u00e7as de seguran\u00e7a de Maduro cercam a Embaixada da Argentina em Caracas desde a noite de sexta-feira, 6 de setembro. Segundo a oposi\u00e7\u00e3o ao regime, homens encapuzados est\u00e3o nos arredores do local.<\/p>\n<p>Imagens divulgadas nas redes sociais mostram ve\u00edculos das for\u00e7as de seguran\u00e7a com as sirenes ligadas nos arredores do pr\u00e9dio. Seis dissidentes est\u00e3o abrigados na embaixada e podem ser presos se deixarem o local.<\/p>\n<p>\u201cPatrulhas do Sebin (Servi\u00e7o Nacional Bolivariano de Intelig\u00eancia) e do DAET (Corpo Nacional Bolivariano de Pol\u00edcia), juntamente com oficiais encapuzados e armados, cercam e sitiam a Resid\u00eancia Argentina em Caracas, sob cust\u00f3dia e prote\u00e7\u00e3o do governo brasileiro. 6 de setembro \u00e0s 20h30 [hor\u00e1rio local]\u201d, afirmou Pedro Urruchurtu, coordenador internacional da l\u00edder opositora Mar\u00eda Corina Machado, em publica\u00e7\u00e3o no X.<\/p>\n<p>Magalli Meda, que foi gerente de campanha para a elei\u00e7\u00e3o presidencial, afirmou na manh\u00e3 deste s\u00e1bado, 7 de setembro, que o local continua cercado.<\/p>\n<p>\u201cO que vivemos \u00e9 um Estado sem controle, sem lei, sem ordem, nem sequer no quadro do respeito internacional. Eu me pergunto como eles se comportam fora dessas fronteiras, como suas fam\u00edlias vivem em outros pa\u00edses.\u201d<\/p>\n<p>Fonte: O Antagonista<\/p>\n<\/p><\/div>\n<p><br \/>\n<br \/><a href=\"https:\/\/diariodobrasilnoticias.com.br\/noticia\/brasil-perde-custodia-da-embaixada-da-argentina-em-caracas-apos-ordem-de-maduro-66dc592a7e218\">Source link <\/a><\/p>","protected":false},"excerpt":{"rendered":"<p>A ditadura de Nicol\u00e1s Maduro (foto) cancelou a autoriza\u00e7\u00e3o para que a Embaixada da Argentina em Caracas tenha cust\u00f3dia do Brasil. A informa\u00e7\u00e3o foi divulgada pelo jornalista Alejandro Hern\u00e1ndez e&hellip;<\/p>","protected":false},"author":1,"featured_media":33404,"comment_status":"closed","ping_status":"open","sticky":false,"template":"","format":"standard","meta":{"content-type":"","footnotes":""},"categories":[16],"tags":[123,2448,5313,1267],"class_list":["post-33403","post","type-post","status-publish","format-standard","has-post-thumbnail","hentry","category-noticias","tag-brasil","tag-diario","tag-noticia","tag-noticias"],"_links":{"self":[{"href":"https:\/\/tvbrazilusa.com\/pt\/wp-json\/wp\/v2\/posts\/33403","targetHints":{"allow":["GET"]}}],"collection":[{"href":"https:\/\/tvbrazilusa.com\/pt\/wp-json\/wp\/v2\/posts"}],"about":[{"href":"https:\/\/tvbrazilusa.com\/pt\/wp-json\/wp\/v2\/types\/post"}],"author":[{"embeddable":true,"href":"https:\/\/tvbrazilusa.com\/pt\/wp-json\/wp\/v2\/users\/1"}],"replies":[{"embeddable":true,"href":"https:\/\/tvbrazilusa.com\/pt\/wp-json\/wp\/v2\/comments?post=33403"}],"version-history":[{"count":1,"href":"https:\/\/tvbrazilusa.com\/pt\/wp-json\/wp\/v2\/posts\/33403\/revisions"}],"predecessor-version":[{"id":33405,"href":"https:\/\/tvbrazilusa.com\/pt\/wp-json\/wp\/v2\/posts\/33403\/revisions\/33405"}],"wp:featuredmedia":[{"embeddable":true,"href":"https:\/\/tvbrazilusa.com\/pt\/wp-json\/wp\/v2\/media\/33404"}],"wp:attachment":[{"href":"https:\/\/tvbrazilusa.com\/pt\/wp-json\/wp\/v2\/media?parent=33403"}],"wp:term":[{"taxonomy":"category","embeddable":true,"href":"https:\/\/tvbrazilusa.com\/pt\/wp-json\/wp\/v2\/categories?post=33403"},{"taxonomy":"post_tag","embeddable":true,"href":"https:\/\/tvbrazilusa.com\/pt\/wp-json\/wp\/v2\/tags?post=33403"}],"curies":[{"name":"wp","href":"https:\/\/api.w.org\/{rel}","templated":true}]}}