{"id":33409,"date":"2024-09-07T16:30:20","date_gmt":"2024-09-07T16:30:20","guid":{"rendered":"https:\/\/tvbrazilusa.com\/2024\/09\/07\/seca-historica-economia-brasileira-e-consumidores-serao-afetados-diretamente\/"},"modified":"2024-09-07T16:30:21","modified_gmt":"2024-09-07T16:30:21","slug":"seca-historica-economia-brasileira-e-consumidores-serao-afetados-diretamente","status":"publish","type":"post","link":"https:\/\/tvbrazilusa.com\/pt\/2024\/09\/07\/seca-historica-economia-brasileira-e-consumidores-serao-afetados-diretamente\/","title":{"rendered":"Seca hist\u00f3rica: economia brasileira e consumidores ser\u00e3o afetados diretamente"},"content":{"rendered":"<p> <script async src=\"https:\/\/pagead2.googlesyndication.com\/pagead\/js\/adsbygoogle.js?client=ca-pub-8864793242727901\"\r\n     crossorigin=\"anonymous\"><\/script><br \/>\n<\/p>\n<div id=\"taboola-read-more\" style=\"display:block; width:100%\">\n<p>O atual per\u00edodo de seca \u00e9 o mais intenso da hist\u00f3ria do Brasil, segundo o Centro Nacional de Monitoramento de Desastres Naturais (Cemaden), e os impactos v\u00e3o al\u00e9m da quest\u00e3o clim\u00e1tica ou efeitos na sa\u00fade da popula\u00e7\u00e3o.<\/p>\n<p>O cen\u00e1rio in\u00e9dito visto em diversas regi\u00f5es do pa\u00eds nas \u00faltimas semanas tamb\u00e9m deve refletir de forma mais imediata no bolso dos consumidores, afirmam economistas ouvidos pela CNN. Entre os principais pontos, se destacam o encarecimento dos alimentos e o aumento da conta de energia.<\/p>\n<p>H\u00e1 tamb\u00e9m efeitos que devem ser sentidos em horizontes mais longos, como maior press\u00e3o na infla\u00e7\u00e3o, e consequentemente maior aperto dos juros, em consequ\u00eancia de da falta de oferta e interrup\u00e7\u00e3o de opera\u00e7\u00f5es.<\/p>\n<p>Press\u00e3o nos alimentos<br \/>A queda na produ\u00e7\u00e3o de alimentos \u00e9 um dos sintomas mais vis\u00edveis da atual situa\u00e7\u00e3o de seca. Com menor disponibilidade, a tend\u00eancia \u00e9 de encarecimento dos produtos.<\/p>\n<p>\u201cO Brasil \u00e9 um pa\u00eds agr\u00edcola, boa parte da oferta dos alimentos de cesta b\u00e1sica depende de condi\u00e7\u00f5es clim\u00e1ticas regulares, exatamente para n\u00e3o haver redu\u00e7\u00e3o de oferta e com isso um aumento de pre\u00e7os\u201d, diz Andr\u00e9 Braz, economista da Funda\u00e7\u00e3o Getulio Vargas (FGV).<\/p>\n<p>Segundo Braz, a situa\u00e7\u00e3o tem maior impacto nas fam\u00edlias de menor renda, j\u00e1 que grande parte do or\u00e7amento deste grupo vai para a compra de alimentos.<\/p>\n<p>Com as mudan\u00e7as clim\u00e1ticas cada vez mais frequentes, a laranja, por exemplo, \u00e9 um dos alimentos que pode ter os maiores problemas devido \u00e0 massa de ar quente em grande parte do Brasil, al\u00e9m da banana, segundo a Companhia Nacional de Abastecimento (Conab).<\/p>\n<p>Segundo a companhia, a produ\u00e7\u00e3o j\u00e1 sofreu eleva\u00e7\u00e3o de pre\u00e7os devido \u00e0 baixa quantidade produzida e deve ter este aumento acentuado por conta da irregularidade de chuvas.<\/p>\n<p><strong>Press\u00e3o na energia<\/strong><\/p>\n<p>A falta de chuvas tamb\u00e9m aumenta o pre\u00e7o da conta de luz, j\u00e1 que mais da metade da produ\u00e7\u00e3o de energia do pa\u00eds vem da matriz hidrel\u00e9trica. Para evitar o desabastecimento de energia no pa\u00eds, o governo \u00e9 obrigado a acionar usinas termel\u00e9tricas, com maior gasto de opera\u00e7\u00e3o.<\/p>\n<p>A seca fez o rio Madeira, em Rond\u00f4nia, ficar abaixo de um metro pela primeira vez desde o in\u00edcio das medi\u00e7\u00f5es do Servi\u00e7o Geol\u00f3gico do Brasil (SGB), em 1967. Como consequ\u00eancia, a usina hidrel\u00e9trica Santo Ant\u00f4nio paralisou parte de suas unidades geradoras.<\/p>\n<p>A proje\u00e7\u00e3o da Ag\u00eancia Nacional de Energia El\u00e9trica (Aneel) \u00e9 de que, inclusive, o pa\u00eds registre 50% menos chuvas nos pr\u00f3ximos meses, afetando os n\u00edveis dos reservat\u00f3rios e o funcionamento das hidrel\u00e9tricas, de acordo com a ag\u00eancia.<\/p>\n<p>Atualmente, os n\u00edveis de reservat\u00f3rio \u2014 ou seja, a energia armazenada no sistema \u2014 s\u00e3o de 54,27% at\u00e9 a sexta-feira (6) no subsistema do Sudeste\/Centro Oeste, enquanto na regi\u00e3o Sul est\u00e1 em 61,42%.<\/p>\n<p>Quando comparado com o mesmo m\u00eas de setembro do ano passado, por\u00e9m, os n\u00edveis ainda se encontram abaixo do patamar.<\/p>\n<p>Com essa situa\u00e7\u00e3o, muitos temem que mais uma crise h\u00eddrica como a vista em 2021, quando os mesmos subsistemas do Sudeste\/Centro Oeste e Sul chegaram a n\u00edveis de reservat\u00f3rio de 16,8% e 28,6%, respectivamente.<\/p>\n<p>Foi nesta \u00e9poca que Aneel acionou pela a\u00faltimas vez a bandeira vermelha, que significa a cobran\u00e7a extra pelo consumo de energia \u2014 pelo menos at\u00e9 setembro deste ano.<\/p>\n<p>Ap\u00f3s determina\u00e7\u00e3o da Aneel, a bandeira vermelha voltou, em patamar 1, com custo adicional de R$ 4,463 por cada 100 quilowatts-hora (kWh) consumidos.<\/p>\n<p>A justificativa foi pela previs\u00e3o de chuvas abaixo da m\u00e9dia, resultando em menor aflu\u00eancia nos reservat\u00f3rios do pa\u00eds. Segundo o governo, a redu\u00e7\u00e3o ser\u00e1 cerca de 50% abaixo da m\u00e9dia.<\/p>\n<p>\u201cCom a baixa dos reservat\u00f3rios das hidrel\u00e9tricas, o pa\u00eds tende a adotar bandeiras de energia que encarecem as tarifas de energia. Al\u00e9m disso, o acionamento de termel\u00e9tricas aumentam a demanda por combust\u00edveis, que no fim ficam mais caros para o consumidor\u201d, explica Alexandre Pires, professor de economia do Ibmec-SP.<\/p>\n<p>Em finais de agosto, o ministro de Minas e Energia, Alexandre Silveira, afirmou \u00e0 CNN que espera o acionamento de \u201c70% a 80%\u201d de todo o parque t\u00e9rmico brasileiro nas pr\u00f3ximas semanas, caso as chuvas n\u00e3o recomecem antes do esperado.<\/p>\n<p>Esse cen\u00e1rio pode, inclusive, repercutir nos meses seguintes. Em condi\u00e7\u00f5es normais, \u00e9 neste semestre, per\u00edodo em que normalmente chove mais, onde o sistema consegue encher os reservat\u00f3rios para \u201cgarantir uma oferta de energia sem sobressaltos no inverno seguinte (\u2026) e pode ser que isso n\u00e3o aconte\u00e7a\u201d, diz Braz.<\/p>\n<p><strong>Press\u00e3o nos setores da economia<\/strong><\/p>\n<p>O cen\u00e1rio pode pesar tamb\u00e9m para a atividade industrial e empresarial, tanto no com\u00e9rcio como no servi\u00e7o, descreve Braz. O especialista diz que com bandeiras tarif\u00e1rias acionadas, a presta\u00e7\u00e3o de servi\u00e7os, assim como produtos no com\u00e9rcio, ficam mais caros \u2014 e essa conta s\u00e3o as fam\u00edlias que pagam.<\/p>\n<p>Al\u00e9m disso, Pires salienta que o acionamento das termel\u00e9tricas pressiona os derivados do petr\u00f3leo, g\u00e1s natural e \u00e1lcool, impactando \u201co pre\u00e7o dos combust\u00edveis para o transporte rodovi\u00e1rio e, logo, o frete \u2014 que \u00e9 uma vari\u00e1vel essencial da cadeia log\u00edstica\u201d.<\/p>\n<p>Segundo Braz, a situa\u00e7\u00e3o pode ainda influenciar as decis\u00f5es do Comit\u00ea de Pol\u00edtica Monet\u00e1ria (Copom), que decide entre os dias 17 e 18 deste m\u00eas o novo rumo da pol\u00edtica monet\u00e1ria no Brasil.<\/p>\n<p>O mercado projeto que o Banco Central decida por aumentar os juros, que se encontram em 10,5% atualmente, mas o especialista acredita que isso n\u00e3o ser\u00e1 precipitado na pr\u00f3xima reuni\u00e3o.<\/p>\n<p>\u201cEsta seca tem se intensificado e generalizado muito ao longo do \u00faltimo ano, ainda que as \u00e1reas mais atingidas tenham se deslocado do Sudeste para o Norte, na compara\u00e7\u00e3o com 2021. Mas uma seca quase generalizada e prolongada \u00e9 o aspecto mais preocupante da situa\u00e7\u00e3o de 2024\u201d, finaliza Pires.<\/p>\n<p>Fonte: CNN<\/p>\n<\/div>\n<p><br \/>\n<br \/><a href=\"https:\/\/diariodobrasilnoticias.com.br\/noticia\/seca-historica-economia-brasileira-e-consumidores-serao-afetados-diretamente-66dc567ca0065\">Source link <\/a><\/p>","protected":false},"excerpt":{"rendered":"<p>O atual per\u00edodo de seca \u00e9 o mais intenso da hist\u00f3ria do Brasil, segundo o Centro Nacional de Monitoramento de Desastres Naturais (Cemaden), e os impactos v\u00e3o al\u00e9m da quest\u00e3o&hellip;<\/p>","protected":false},"author":1,"featured_media":33410,"comment_status":"closed","ping_status":"open","sticky":false,"template":"","format":"standard","meta":{"content-type":"","footnotes":""},"categories":[16],"tags":[123,2448,5313,1267],"class_list":["post-33409","post","type-post","status-publish","format-standard","has-post-thumbnail","hentry","category-noticias","tag-brasil","tag-diario","tag-noticia","tag-noticias"],"_links":{"self":[{"href":"https:\/\/tvbrazilusa.com\/pt\/wp-json\/wp\/v2\/posts\/33409","targetHints":{"allow":["GET"]}}],"collection":[{"href":"https:\/\/tvbrazilusa.com\/pt\/wp-json\/wp\/v2\/posts"}],"about":[{"href":"https:\/\/tvbrazilusa.com\/pt\/wp-json\/wp\/v2\/types\/post"}],"author":[{"embeddable":true,"href":"https:\/\/tvbrazilusa.com\/pt\/wp-json\/wp\/v2\/users\/1"}],"replies":[{"embeddable":true,"href":"https:\/\/tvbrazilusa.com\/pt\/wp-json\/wp\/v2\/comments?post=33409"}],"version-history":[{"count":1,"href":"https:\/\/tvbrazilusa.com\/pt\/wp-json\/wp\/v2\/posts\/33409\/revisions"}],"predecessor-version":[{"id":33411,"href":"https:\/\/tvbrazilusa.com\/pt\/wp-json\/wp\/v2\/posts\/33409\/revisions\/33411"}],"wp:featuredmedia":[{"embeddable":true,"href":"https:\/\/tvbrazilusa.com\/pt\/wp-json\/wp\/v2\/media\/33410"}],"wp:attachment":[{"href":"https:\/\/tvbrazilusa.com\/pt\/wp-json\/wp\/v2\/media?parent=33409"}],"wp:term":[{"taxonomy":"category","embeddable":true,"href":"https:\/\/tvbrazilusa.com\/pt\/wp-json\/wp\/v2\/categories?post=33409"},{"taxonomy":"post_tag","embeddable":true,"href":"https:\/\/tvbrazilusa.com\/pt\/wp-json\/wp\/v2\/tags?post=33409"}],"curies":[{"name":"wp","href":"https:\/\/api.w.org\/{rel}","templated":true}]}}