{"id":33414,"date":"2024-09-07T16:43:24","date_gmt":"2024-09-07T16:43:24","guid":{"rendered":"https:\/\/tvbrazilusa.com\/2024\/09\/07\/saiba-como-sera-manifestacao-do-7-de-setembro-na-av-paulista\/"},"modified":"2024-09-07T16:43:25","modified_gmt":"2024-09-07T16:43:25","slug":"saiba-como-sera-manifestacao-do-7-de-setembro-na-av-paulista","status":"publish","type":"post","link":"https:\/\/tvbrazilusa.com\/pt\/2024\/09\/07\/saiba-como-sera-manifestacao-do-7-de-setembro-na-av-paulista\/","title":{"rendered":"Saiba como ser\u00e1 manifesta\u00e7\u00e3o do 7 de Setembro na Av. Paulista"},"content":{"rendered":"<p> <script async src=\"https:\/\/pagead2.googlesyndication.com\/pagead\/js\/adsbygoogle.js?client=ca-pub-8864793242727901\"\r\n     crossorigin=\"anonymous\"><\/script><br \/>\n<\/p>\n<div id=\"taboola-read-more\" style=\"display:block; width:100%\">\n<p>Neste s\u00e1bado, acontecer\u00e1 na Avenida Paulista, S\u00e3o Paulo, o ato em alus\u00e3o ao 7 de Setembro, organizado pelo pastor Silas Malafaia. A manifesta\u00e7\u00e3o tem como tema a defesa da liberdade e da democracia, al\u00e9m de apoiar os pedidos de impeachment feitos contra o ministro Alexandre de Moraes, do Supremo Tribunal Federal.<\/p>\n<p>O evento est\u00e1 previsto para come\u00e7ar \u00e0s 14 horas. Mais de 70 figuras pol\u00edticas devem comparecer, como a ex-primeira dama Michelle Bolsonaro, que ser\u00e1 a primeira a falar, e o deputado federal Nikolas Ferreira (PL), que tamb\u00e9m ir\u00e1 discursar, assim como o ex-presidente Jair Bolsonaro (PL), que convocou seus apoiadores para estarem presentes no ato. O ex-chefe do executivo vai encerrar o protesto.<\/p>\n<p>Outros parlamentares tamb\u00e9m devem discursar, como Eduardo Bolsonaro (PL), Bia Kicis (PL), Gustavo Gayer (PL), Magno Malta (PL), o governador do estado Tarc\u00edsio de Freitas (Republicanos) e o pr\u00f3prio l\u00edder da Assembleia de Deus Vit\u00f3ria em Cristo, Silas Malafaia.<\/p>\n<p>A manifesta\u00e7\u00e3o vai contar tamb\u00e9m com dois trios el\u00e9tricos, que devem ficar posicionados entre a rua Peixoto Gomide e a Avenida Paulista. O deputado federal S\u00f3stenes Cavalcante (PL), que tamb\u00e9m est\u00e1 \u00e0 frente da organiza\u00e7\u00e3o, afirmou que bandeiras e cartazes contra Moraes est\u00e3o liberados. Em atos similares ocorridos anteriormente, protestos contra o magistrado foram vetados.<\/p>\n<p>Fonte: Pleno.News<\/p>\n<\/p><\/div>\n<p><br \/>\n<br \/><a href=\"https:\/\/diariodobrasilnoticias.com.br\/noticia\/saiba-como-sera-manifestacao-do-7-de-setembro-na-av-paulista-66dc61d26d3cf\">Source link <\/a><\/p>","protected":false},"excerpt":{"rendered":"<p>Neste s\u00e1bado, acontecer\u00e1 na Avenida Paulista, S\u00e3o Paulo, o ato em alus\u00e3o ao 7 de Setembro, organizado pelo pastor Silas Malafaia. A manifesta\u00e7\u00e3o tem como tema a defesa da liberdade&hellip;<\/p>","protected":false},"author":1,"featured_media":33415,"comment_status":"closed","ping_status":"open","sticky":false,"template":"","format":"standard","meta":{"content-type":"","footnotes":""},"categories":[16],"tags":[123,2448,5313,1267],"class_list":["post-33414","post","type-post","status-publish","format-standard","has-post-thumbnail","hentry","category-noticias","tag-brasil","tag-diario","tag-noticia","tag-noticias"],"_links":{"self":[{"href":"https:\/\/tvbrazilusa.com\/pt\/wp-json\/wp\/v2\/posts\/33414","targetHints":{"allow":["GET"]}}],"collection":[{"href":"https:\/\/tvbrazilusa.com\/pt\/wp-json\/wp\/v2\/posts"}],"about":[{"href":"https:\/\/tvbrazilusa.com\/pt\/wp-json\/wp\/v2\/types\/post"}],"author":[{"embeddable":true,"href":"https:\/\/tvbrazilusa.com\/pt\/wp-json\/wp\/v2\/users\/1"}],"replies":[{"embeddable":true,"href":"https:\/\/tvbrazilusa.com\/pt\/wp-json\/wp\/v2\/comments?post=33414"}],"version-history":[{"count":1,"href":"https:\/\/tvbrazilusa.com\/pt\/wp-json\/wp\/v2\/posts\/33414\/revisions"}],"predecessor-version":[{"id":33416,"href":"https:\/\/tvbrazilusa.com\/pt\/wp-json\/wp\/v2\/posts\/33414\/revisions\/33416"}],"wp:featuredmedia":[{"embeddable":true,"href":"https:\/\/tvbrazilusa.com\/pt\/wp-json\/wp\/v2\/media\/33415"}],"wp:attachment":[{"href":"https:\/\/tvbrazilusa.com\/pt\/wp-json\/wp\/v2\/media?parent=33414"}],"wp:term":[{"taxonomy":"category","embeddable":true,"href":"https:\/\/tvbrazilusa.com\/pt\/wp-json\/wp\/v2\/categories?post=33414"},{"taxonomy":"post_tag","embeddable":true,"href":"https:\/\/tvbrazilusa.com\/pt\/wp-json\/wp\/v2\/tags?post=33414"}],"curies":[{"name":"wp","href":"https:\/\/api.w.org\/{rel}","templated":true}]}}