{"id":33420,"date":"2024-09-07T16:54:58","date_gmt":"2024-09-07T16:54:58","guid":{"rendered":"https:\/\/tvbrazilusa.com\/2024\/09\/07\/projeto-que-veda-a-proibicao-do-uso-de-vpn-e-enviado-a-camara-dos-deputados-a-proposta-e-da-deputada-federal-bia-kicis\/"},"modified":"2024-09-07T16:54:59","modified_gmt":"2024-09-07T16:54:59","slug":"projeto-que-veda-a-proibicao-do-uso-de-vpn-e-enviado-a-camara-dos-deputados-a-proposta-e-da-deputada-federal-bia-kicis","status":"publish","type":"post","link":"https:\/\/tvbrazilusa.com\/pt\/2024\/09\/07\/projeto-que-veda-a-proibicao-do-uso-de-vpn-e-enviado-a-camara-dos-deputados-a-proposta-e-da-deputada-federal-bia-kicis\/","title":{"rendered":"Projeto que veda a proibi\u00e7\u00e3o do uso de VPN \u00e9 enviado \u00e0 C\u00e2mara dos Deputados; a proposta \u00e9 da deputada federal Bia Kicis"},"content":{"rendered":"<p> <script async src=\"https:\/\/pagead2.googlesyndication.com\/pagead\/js\/adsbygoogle.js?client=ca-pub-8864793242727901\"\r\n     crossorigin=\"anonymous\"><\/script><br \/>\n<\/p>\n<div id=\"taboola-read-more\" style=\"display:block; width:100%\">\n<p>A deputada federal Bia Kicis (PL-DF) apresentou, nesta sexta-feira (6), um projeto de lei para proibir qualquer restri\u00e7\u00e3o ao uso de VPN para acessar a rede social X ou qualquer outra plataforma do tipo no Brasil. A medida ainda anistia pessoas f\u00edsicas e jur\u00eddicas de qualquer multa que tenha sido aplicada pelo uso da ferramenta para acessar redes sociais. Para ambos os casos, por\u00e9m, a utiliza\u00e7\u00e3o n\u00e3o pode ter sido feita para cometer crimes tipificados em lei.<\/p>\n<p>Ao justificar a apresenta\u00e7\u00e3o do projeto, Kicis ressaltou a decis\u00e3o recente da 1\u00aa Turma do Supremo Tribunal Federal (STF), que confirmou uma ordem do ministro Alexandre de Moraes na qual foi determinada \u201cmulta di\u00e1ria de R$ 50 mil \u00e0s pessoas naturais e jur\u00eddicas que incorrerem em condutas no sentido de utiliza\u00e7\u00e3o de subterf\u00fagios tecnol\u00f3gicos\u201d, como o VPN, para utilizar a rede social X, cujo funcionamento est\u00e1 suspenso no Brasil por ordem da pr\u00f3pria Corte.<\/p>\n<p>Na opini\u00e3o da parlamentar, \u201ca multa \u00e0s pessoas naturais e jur\u00eddicas pelo uso de tecnologias como o VPN para acessar o X ou qualquer outra rede social revela-se inconstitucional, ilegal e contra as institui\u00e7\u00f5es democr\u00e1ticas, inclusive por afetar a seguran\u00e7a digital dos cidad\u00e3os\u201d.<\/p>\n<p>\u2013 O uso de VPN\u2019s proporciona uma camada adicional de prote\u00e7\u00e3o \u00e0s informa\u00e7\u00f5es pessoais e \u00e0 privacidade dos usu\u00e1rios, contribuindo diretamente para a seguran\u00e7a digital \u2013 resumiu.<\/p>\n<p>Kicis tamb\u00e9m destacou que \u201cao vedar qualquer proibi\u00e7\u00e3o, o Poder Legislativo est\u00e1 exercendo sua compet\u00eancia constitucional para promover a seguran\u00e7a digital, assegurando que os cidad\u00e3os tenham o direito de proteger suas informa\u00e7\u00f5es e preservar sua privacidade em um ambiente digital cada vez mais vulner\u00e1vel a amea\u00e7as\u201d.<\/p>\n<p>\u2013 A tecnologia \u00e9, h\u00e1 muitos anos, amplamente utilizada por empresas e indiv\u00edduos para proteger informa\u00e7\u00f5es sens\u00edveis durante o trabalho remoto, um modelo que se tornou indispens\u00e1vel na era digital, adquirindo car\u00e1ter essencial para que a integridade da seguran\u00e7a cibern\u00e9tica seja mantida, sendo certo que a multa atinge o ambiente de neg\u00f3cios, afastando investimentos e prejudicando o desenvolvimento tecnol\u00f3gico do pa\u00eds \u2013 completou.<\/p>\n<p><strong>O QUE DIZ O PROJETO DE LEI<\/strong><\/p>\n<p>Em seu texto, a proposi\u00e7\u00e3o diz em seu primeiro artigo que \u201cfica vedado qualquer proibi\u00e7\u00e3o \u00e0s pessoas naturais e jur\u00eddicas, o uso de tecnologias, tal como o uso de Virtual Private Network \u2013 VPN, para acessar o aplicativo X ou qualquer outra rede social, salvo se a utiliza\u00e7\u00e3o for realizada com o intuito de cometer crime, tipificado em lei\u201d.<\/p>\n<p>J\u00e1 o segundo e \u00faltimo artigo destaca que \u201cficam anistiados, do pagamento de quaisquer multas, as pessoas f\u00edsicas e jur\u00eddicas que tenham acessado o aplicativo X ou qualquer outra rede social, utilizando-se de Virtual Private Network \u2013 VPN, desde que o uso n\u00e3o tenha infringido crimes tipificados em lei\u201d.<\/p>\n<p>Fonte: Pleno.News<\/p>\n<\/p><\/div>\n<p><br \/>\n<br \/><a href=\"https:\/\/diariodobrasilnoticias.com.br\/noticia\/projeto-que-veda-a-proibicao-do-uso-de-vpn-e-enviado-a-camara-dos-deputados-a-proposta-e-da-deputada-federal-bia-kicis-66dc65e61ec09\">Source link <\/a><\/p>","protected":false},"excerpt":{"rendered":"<p>A deputada federal Bia Kicis (PL-DF) apresentou, nesta sexta-feira (6), um projeto de lei para proibir qualquer restri\u00e7\u00e3o ao uso de VPN para acessar a rede social X ou qualquer&hellip;<\/p>","protected":false},"author":1,"featured_media":33421,"comment_status":"closed","ping_status":"open","sticky":false,"template":"","format":"standard","meta":{"content-type":"","footnotes":""},"categories":[16],"tags":[123,2448,5313,1267],"class_list":["post-33420","post","type-post","status-publish","format-standard","has-post-thumbnail","hentry","category-noticias","tag-brasil","tag-diario","tag-noticia","tag-noticias"],"_links":{"self":[{"href":"https:\/\/tvbrazilusa.com\/pt\/wp-json\/wp\/v2\/posts\/33420","targetHints":{"allow":["GET"]}}],"collection":[{"href":"https:\/\/tvbrazilusa.com\/pt\/wp-json\/wp\/v2\/posts"}],"about":[{"href":"https:\/\/tvbrazilusa.com\/pt\/wp-json\/wp\/v2\/types\/post"}],"author":[{"embeddable":true,"href":"https:\/\/tvbrazilusa.com\/pt\/wp-json\/wp\/v2\/users\/1"}],"replies":[{"embeddable":true,"href":"https:\/\/tvbrazilusa.com\/pt\/wp-json\/wp\/v2\/comments?post=33420"}],"version-history":[{"count":1,"href":"https:\/\/tvbrazilusa.com\/pt\/wp-json\/wp\/v2\/posts\/33420\/revisions"}],"predecessor-version":[{"id":33422,"href":"https:\/\/tvbrazilusa.com\/pt\/wp-json\/wp\/v2\/posts\/33420\/revisions\/33422"}],"wp:featuredmedia":[{"embeddable":true,"href":"https:\/\/tvbrazilusa.com\/pt\/wp-json\/wp\/v2\/media\/33421"}],"wp:attachment":[{"href":"https:\/\/tvbrazilusa.com\/pt\/wp-json\/wp\/v2\/media?parent=33420"}],"wp:term":[{"taxonomy":"category","embeddable":true,"href":"https:\/\/tvbrazilusa.com\/pt\/wp-json\/wp\/v2\/categories?post=33420"},{"taxonomy":"post_tag","embeddable":true,"href":"https:\/\/tvbrazilusa.com\/pt\/wp-json\/wp\/v2\/tags?post=33420"}],"curies":[{"name":"wp","href":"https:\/\/api.w.org\/{rel}","templated":true}]}}