{"id":33429,"date":"2024-09-07T17:21:14","date_gmt":"2024-09-07T17:21:14","guid":{"rendered":"https:\/\/tvbrazilusa.com\/2024\/09\/07\/cantor-davi-sacer-se-pronuncia-sobre-o-bloqueio-de-seu-perfil-no-twitter-x-a-mando-de-alexandre-de-moraes-veja-video\/"},"modified":"2024-09-07T17:21:15","modified_gmt":"2024-09-07T17:21:15","slug":"cantor-davi-sacer-se-pronuncia-sobre-o-bloqueio-de-seu-perfil-no-twitter-x-a-mando-de-alexandre-de-moraes-veja-video","status":"publish","type":"post","link":"https:\/\/tvbrazilusa.com\/pt\/2024\/09\/07\/cantor-davi-sacer-se-pronuncia-sobre-o-bloqueio-de-seu-perfil-no-twitter-x-a-mando-de-alexandre-de-moraes-veja-video\/","title":{"rendered":"Cantor Davi Sacer se pronuncia sobre o bloqueio de seu perfil no Twitter\/X a mando de Alexandre de Moraes; VEJA V\u00cdDEO"},"content":{"rendered":"<p> <script async src=\"https:\/\/pagead2.googlesyndication.com\/pagead\/js\/adsbygoogle.js?client=ca-pub-8864793242727901\"\r\n     crossorigin=\"anonymous\"><\/script><br \/>\n<\/p>\n<div id=\"taboola-read-more\" style=\"display:block; width:100%\">\n<p>O cantor Davi Sacer conversou com exclusividade com o Pleno.News nesta sexta-feira (6) durante a Expo Crist\u00e3 2024, que acontece no Riocentro, e comentou sobre o bloqueio da sua conta no X a pedido do ministro Alexandre de Moraes.<\/p>\n<p>Apesar de ter tido a conta bloqueada em 2022, o motivo para o bloqueio do perfil n\u00e3o foi comunicado ao cantor at\u00e9 a Folha de S.Paulo divulgar, em 19 de agosto, as conversas entre assessores do ministro, apontando para a raz\u00e3o pela qual a medida foi tomada.<\/p>\n<p>Ao falar sobre o caso, Davi Sacer afirmou:<\/p>\n<p>\u2013 Como um cidad\u00e3o comum, eu me manifestei a dois anos atr\u00e1s sobre as elei\u00e7\u00f5es. Retuitei algumas coisas, coisas legais, dentro da lei, mas o meu Twitter foi bloqueado em novembro de 2022.<\/p>\n<p>Davi Sacer revelou ainda que tentou reaver a conta, mas n\u00e3o teve sucesso.<\/p>\n<p>\u2013 Eu nunca mais consegui desbloque\u00e1-lo e s\u00f3 agora fiquei sabendo o que aconteceu, que o pedido feito diretamente pelo ministro Alexandre de Moraes.<\/p>\n<p>Segundo o cantor, a conta foi reativada por Elon Musk h\u00e1 alguns dias, mas ele n\u00e3o consegue acessar porque a rede social est\u00e1 suspensa no Brasil. Apesar disto, ele segue confiando na justi\u00e7a divina.<\/p>\n<p>\u2013 Isso est\u00e1 nas m\u00e3os de Deus, n\u00e3o existe autoridade maior do que a autoridade de Deus e Ele est\u00e1 cuidando disso e a qualquer momento isso ir\u00e1 se reverter.<\/p>\n<p>Ele ainda apoiou a manifesta\u00e7\u00e3o que acontecer\u00e1 neste s\u00e1bado (7), na Avenida Paulista, pelo impeachment de Moraes.<\/p>\n<p>Veja V\u00eddeo:<\/p>\n<p>Fonte: Pleno.News<\/p>\n<\/p><\/div>\n<p><br \/>\n<br \/><a href=\"https:\/\/diariodobrasilnoticias.com.br\/noticia\/cantor-davi-sacer-se-pronuncia-sobre-o-bloqueio-de-seu-perfil-no-twitter-x-a-mando-de-alexandre-de-moraes-veja-video-66dc68ad68475\">Source link <\/a><\/p>","protected":false},"excerpt":{"rendered":"<p>O cantor Davi Sacer conversou com exclusividade com o Pleno.News nesta sexta-feira (6) durante a Expo Crist\u00e3 2024, que acontece no Riocentro, e comentou sobre o bloqueio da sua conta&hellip;<\/p>","protected":false},"author":1,"featured_media":33430,"comment_status":"closed","ping_status":"open","sticky":false,"template":"","format":"standard","meta":{"content-type":"","footnotes":""},"categories":[16],"tags":[123,2448,5313,1267],"class_list":["post-33429","post","type-post","status-publish","format-standard","has-post-thumbnail","hentry","category-noticias","tag-brasil","tag-diario","tag-noticia","tag-noticias"],"_links":{"self":[{"href":"https:\/\/tvbrazilusa.com\/pt\/wp-json\/wp\/v2\/posts\/33429","targetHints":{"allow":["GET"]}}],"collection":[{"href":"https:\/\/tvbrazilusa.com\/pt\/wp-json\/wp\/v2\/posts"}],"about":[{"href":"https:\/\/tvbrazilusa.com\/pt\/wp-json\/wp\/v2\/types\/post"}],"author":[{"embeddable":true,"href":"https:\/\/tvbrazilusa.com\/pt\/wp-json\/wp\/v2\/users\/1"}],"replies":[{"embeddable":true,"href":"https:\/\/tvbrazilusa.com\/pt\/wp-json\/wp\/v2\/comments?post=33429"}],"version-history":[{"count":1,"href":"https:\/\/tvbrazilusa.com\/pt\/wp-json\/wp\/v2\/posts\/33429\/revisions"}],"predecessor-version":[{"id":33431,"href":"https:\/\/tvbrazilusa.com\/pt\/wp-json\/wp\/v2\/posts\/33429\/revisions\/33431"}],"wp:featuredmedia":[{"embeddable":true,"href":"https:\/\/tvbrazilusa.com\/pt\/wp-json\/wp\/v2\/media\/33430"}],"wp:attachment":[{"href":"https:\/\/tvbrazilusa.com\/pt\/wp-json\/wp\/v2\/media?parent=33429"}],"wp:term":[{"taxonomy":"category","embeddable":true,"href":"https:\/\/tvbrazilusa.com\/pt\/wp-json\/wp\/v2\/categories?post=33429"},{"taxonomy":"post_tag","embeddable":true,"href":"https:\/\/tvbrazilusa.com\/pt\/wp-json\/wp\/v2\/tags?post=33429"}],"curies":[{"name":"wp","href":"https:\/\/api.w.org\/{rel}","templated":true}]}}