{"id":33438,"date":"2024-09-07T17:57:17","date_gmt":"2024-09-07T17:57:17","guid":{"rendered":"https:\/\/tvbrazilusa.com\/2024\/09\/07\/mais-um-atentado-contra-politico-e-registrado-caso-ocorreu-em-cidade-da-paraiba\/"},"modified":"2024-09-07T17:57:18","modified_gmt":"2024-09-07T17:57:18","slug":"mais-um-atentado-contra-politico-e-registrado-caso-ocorreu-em-cidade-da-paraiba","status":"publish","type":"post","link":"https:\/\/tvbrazilusa.com\/pt\/2024\/09\/07\/mais-um-atentado-contra-politico-e-registrado-caso-ocorreu-em-cidade-da-paraiba\/","title":{"rendered":"Mais um atentado contra pol\u00edtico \u00e9 registrado; caso ocorreu em cidade da Para\u00edba"},"content":{"rendered":"<p> <script async src=\"https:\/\/pagead2.googlesyndication.com\/pagead\/js\/adsbygoogle.js?client=ca-pub-8864793242727901\"\r\n     crossorigin=\"anonymous\"><\/script><br \/>\n<\/p>\n<div id=\"taboola-read-more\" style=\"display:block; width:100%\">\n<p>Homens armados seguiram um carro e dispararam v\u00e1rias vezes contra o ve\u00edculo na madrugada desta sexta-feira (6\/9) na cidade de Duas Estradas, no Brejo da Para\u00edba. De acordo com a Pol\u00edcia Militar (PMPB), o candidato a vice-prefeito estava no carro, Guega (Republicanos).<\/p>\n<p>Segundo informa\u00e7\u00f5es repassadas \u00e0 PM pela v\u00edtima, Gilvan Garcia De Carvalho Filho, de 60 anos, estava chegando em casa na zona rural de Duas Estradas por volta das 2h da madrugada, quando dois homens numa moto o surpreenderam e efetuaram os disparos.<\/p>\n<p>Conforme a pol\u00edcia, cinco tiros atingiram o carro do pol\u00edtico. Dois disparos atingiram o vidro do passageiro, dois foram no lado do motorista e o outro atingiu o parabrisa. No momento do atentado o motorista estava sozinho no carro, mas n\u00e3o chegou a ficar ferido.<\/p>\n<p>Fonte: Metr\u00f3poles<\/p>\n<\/p><\/div>\n<p><br \/>\n<br \/><a href=\"https:\/\/diariodobrasilnoticias.com.br\/noticia\/mais-um-atentado-contra-politico-e-registrado-caso-ocorreu-em-cidade-da-paraiba-66dc7048f10b2\">Source link <\/a><\/p>","protected":false},"excerpt":{"rendered":"<p>Homens armados seguiram um carro e dispararam v\u00e1rias vezes contra o ve\u00edculo na madrugada desta sexta-feira (6\/9) na cidade de Duas Estradas, no Brejo da Para\u00edba. De acordo com a&hellip;<\/p>","protected":false},"author":1,"featured_media":33439,"comment_status":"closed","ping_status":"open","sticky":false,"template":"","format":"standard","meta":{"content-type":"","footnotes":""},"categories":[16],"tags":[123,2448,5313,1267],"class_list":["post-33438","post","type-post","status-publish","format-standard","has-post-thumbnail","hentry","category-noticias","tag-brasil","tag-diario","tag-noticia","tag-noticias"],"_links":{"self":[{"href":"https:\/\/tvbrazilusa.com\/pt\/wp-json\/wp\/v2\/posts\/33438","targetHints":{"allow":["GET"]}}],"collection":[{"href":"https:\/\/tvbrazilusa.com\/pt\/wp-json\/wp\/v2\/posts"}],"about":[{"href":"https:\/\/tvbrazilusa.com\/pt\/wp-json\/wp\/v2\/types\/post"}],"author":[{"embeddable":true,"href":"https:\/\/tvbrazilusa.com\/pt\/wp-json\/wp\/v2\/users\/1"}],"replies":[{"embeddable":true,"href":"https:\/\/tvbrazilusa.com\/pt\/wp-json\/wp\/v2\/comments?post=33438"}],"version-history":[{"count":1,"href":"https:\/\/tvbrazilusa.com\/pt\/wp-json\/wp\/v2\/posts\/33438\/revisions"}],"predecessor-version":[{"id":33440,"href":"https:\/\/tvbrazilusa.com\/pt\/wp-json\/wp\/v2\/posts\/33438\/revisions\/33440"}],"wp:featuredmedia":[{"embeddable":true,"href":"https:\/\/tvbrazilusa.com\/pt\/wp-json\/wp\/v2\/media\/33439"}],"wp:attachment":[{"href":"https:\/\/tvbrazilusa.com\/pt\/wp-json\/wp\/v2\/media?parent=33438"}],"wp:term":[{"taxonomy":"category","embeddable":true,"href":"https:\/\/tvbrazilusa.com\/pt\/wp-json\/wp\/v2\/categories?post=33438"},{"taxonomy":"post_tag","embeddable":true,"href":"https:\/\/tvbrazilusa.com\/pt\/wp-json\/wp\/v2\/tags?post=33438"}],"curies":[{"name":"wp","href":"https:\/\/api.w.org\/{rel}","templated":true}]}}