{"id":33450,"date":"2024-09-07T18:24:11","date_gmt":"2024-09-07T18:24:11","guid":{"rendered":"https:\/\/tvbrazilusa.com\/2024\/09\/07\/um-presidente-sem-publico-lula-desfila-em-carro-aberto-e-nao-se-ve-a-populacao-para-assistir-veja-video\/"},"modified":"2024-09-07T18:24:12","modified_gmt":"2024-09-07T18:24:12","slug":"um-presidente-sem-publico-lula-desfila-em-carro-aberto-e-nao-se-ve-a-populacao-para-assistir-veja-video","status":"publish","type":"post","link":"https:\/\/tvbrazilusa.com\/pt\/2024\/09\/07\/um-presidente-sem-publico-lula-desfila-em-carro-aberto-e-nao-se-ve-a-populacao-para-assistir-veja-video\/","title":{"rendered":"Um presidente sem p\u00fablico?: Lula desfila em carro aberto e n\u00e3o se v\u00ea a popula\u00e7\u00e3o para assistir; VEJA V\u00cdDEO"},"content":{"rendered":"<p> <script async src=\"https:\/\/pagead2.googlesyndication.com\/pagead\/js\/adsbygoogle.js?client=ca-pub-8864793242727901\"\r\n     crossorigin=\"anonymous\"><\/script><br \/>\n<\/p>\n<div id=\"taboola-read-more\" style=\"display:block; width:100%\">\n<p>Desfile de 7 de Setembro em Bras\u00edlia tem baixa ades\u00e3o do p\u00fablico.<\/p>\n<p>\u00c1reas na Pra\u00e7a dos Tr\u00eas Poderes destinadas a quem quisesse acompanhar o evento ficaram esvaziadas.<\/p>\n<p>P\u00fablico que compareceu se concentrou em arquibancadas cobertas na Esplanada dos Minist\u00e9rios.<\/p>\n<p>Fonte: Metr\u00f3poles<\/p>\n<p>Veja V\u00eddeo:<\/p>\n<\/div>\n<p><br \/>\n<br \/><a href=\"https:\/\/diariodobrasilnoticias.com.br\/noticia\/um-presidente-sem-publico-lula-desfila-em-carro-aberto-e-nao-se-ve-a-populacao-para-assistir-veja-video-66dc822cb7d46\">Source link <\/a><\/p>","protected":false},"excerpt":{"rendered":"<p>Desfile de 7 de Setembro em Bras\u00edlia tem baixa ades\u00e3o do p\u00fablico. \u00c1reas na Pra\u00e7a dos Tr\u00eas Poderes destinadas a quem quisesse acompanhar o evento ficaram esvaziadas. P\u00fablico que compareceu&hellip;<\/p>","protected":false},"author":1,"featured_media":33451,"comment_status":"closed","ping_status":"open","sticky":false,"template":"","format":"standard","meta":{"content-type":"","footnotes":""},"categories":[16],"tags":[123,2448,5313,1267],"class_list":["post-33450","post","type-post","status-publish","format-standard","has-post-thumbnail","hentry","category-noticias","tag-brasil","tag-diario","tag-noticia","tag-noticias"],"_links":{"self":[{"href":"https:\/\/tvbrazilusa.com\/pt\/wp-json\/wp\/v2\/posts\/33450","targetHints":{"allow":["GET"]}}],"collection":[{"href":"https:\/\/tvbrazilusa.com\/pt\/wp-json\/wp\/v2\/posts"}],"about":[{"href":"https:\/\/tvbrazilusa.com\/pt\/wp-json\/wp\/v2\/types\/post"}],"author":[{"embeddable":true,"href":"https:\/\/tvbrazilusa.com\/pt\/wp-json\/wp\/v2\/users\/1"}],"replies":[{"embeddable":true,"href":"https:\/\/tvbrazilusa.com\/pt\/wp-json\/wp\/v2\/comments?post=33450"}],"version-history":[{"count":1,"href":"https:\/\/tvbrazilusa.com\/pt\/wp-json\/wp\/v2\/posts\/33450\/revisions"}],"predecessor-version":[{"id":33452,"href":"https:\/\/tvbrazilusa.com\/pt\/wp-json\/wp\/v2\/posts\/33450\/revisions\/33452"}],"wp:featuredmedia":[{"embeddable":true,"href":"https:\/\/tvbrazilusa.com\/pt\/wp-json\/wp\/v2\/media\/33451"}],"wp:attachment":[{"href":"https:\/\/tvbrazilusa.com\/pt\/wp-json\/wp\/v2\/media?parent=33450"}],"wp:term":[{"taxonomy":"category","embeddable":true,"href":"https:\/\/tvbrazilusa.com\/pt\/wp-json\/wp\/v2\/categories?post=33450"},{"taxonomy":"post_tag","embeddable":true,"href":"https:\/\/tvbrazilusa.com\/pt\/wp-json\/wp\/v2\/tags?post=33450"}],"curies":[{"name":"wp","href":"https:\/\/api.w.org\/{rel}","templated":true}]}}