{"id":33471,"date":"2024-09-07T19:30:39","date_gmt":"2024-09-07T19:30:39","guid":{"rendered":"https:\/\/tvbrazilusa.com\/2024\/09\/07\/com-janja-viajando-o-presidente-lula-desfilou-sozinho-em-carro-aberto-no-7-de-setembro\/"},"modified":"2024-09-07T19:30:40","modified_gmt":"2024-09-07T19:30:40","slug":"com-janja-viajando-o-presidente-lula-desfilou-sozinho-em-carro-aberto-no-7-de-setembro","status":"publish","type":"post","link":"https:\/\/tvbrazilusa.com\/pt\/2024\/09\/07\/com-janja-viajando-o-presidente-lula-desfilou-sozinho-em-carro-aberto-no-7-de-setembro\/","title":{"rendered":"Com Janja viajando, o presidente Lula desfilou sozinho em carro aberto no 7 de Setembro"},"content":{"rendered":"<p> <script async src=\"https:\/\/pagead2.googlesyndication.com\/pagead\/js\/adsbygoogle.js?client=ca-pub-8864793242727901\"\r\n     crossorigin=\"anonymous\"><\/script><br \/>\n<\/p>\n<div id=\"taboola-read-more\" style=\"display:block; width:100%\">\n<p>O desfile de 7 de Setembro organizado pelo governo Lula (PT), em Bras\u00edlia, teve a presen\u00e7a de ministros do STF (Supremo Tribunal Federal), incluindo Alexandre de Moraes, alvo de protestos na Av. Paulista, em S\u00e3o Paulo, nesta tarde.<\/p>\n<p><strong>O que aconteceu<\/strong><\/p>\n<p>Lula chegou \u00e0s 9h, sozinho, em carro aberto. O evento acabou por volta das 11h.<\/p>\n<p>A primeira-dama Janja da Silva n\u00e3o foi ao desfile. Pouco entusiasta de eventos militares, no ano passado ela chegou junto ao presidente para o tradicional evento na capital federal.<\/p>\n<p>Janja viajou ao Qatar.\u00a0Em Doha, dever\u00e1 participar de um evento sobre educa\u00e7\u00e3o a convite da xeica do pa\u00eds, segundo informou a assessoria da primeira-dama.<\/p>\n<p>Pacheco presente, Lira n\u00e3o. O presidente do Senado, Rodrigo Pacheco (PSD-MG), foi ao evento, enquanto o presidente da C\u00e2mara dos Deputados, Arthur Lira (PP-AL), n\u00e3o compareceu.<\/p>\n<p>Parte dos ministros do governo e do STF compareceu. Al\u00e9m de Moraes, estiveram presentes o presidente da Corte, Lu\u00eds Roberto Barroso, e os ministros Cristiano Zanin, Dias Toffoli, Edson Fachin e Gilmar Mendes.<\/p>\n<p>Moraes tietado em Bras\u00edlia. Quando o ministro chegou e em alguns raros momentos de sil\u00eancio, foi poss\u00edvel ouvir o p\u00fablico gritar &#8220;Xand\u00e3o&#8221; na arquibancada mais pr\u00f3xima ao local reservado \u00e0s autoridades. Os presentes tamb\u00e9m gritaram o nome de Lula. Moraes \u00e9 o principal alvo dos protestos em S\u00e3o Paulo. Organizado pelo pastor Silas Malafaia, o ato pedir\u00e1 o impeachment do ministro e dever\u00e1 contar com a presen\u00e7a do ex-presidente Jair Bolsonaro (PL).<\/p>\n<p>32 dos 38 ministros do governo Lula presentes. A ministra Anielle Franco, da Igualdade Racial, n\u00e3o compareceu. Na sexta (6), ela confirmou a colegas ter sido v\u00edtima de ass\u00e9dio sexual pelo ent\u00e3o colega Silvio Almeida, dos Direitos Humanos, demitido \u00e0 noite por Lula.<\/p>\n<p>Participaram 31 atletas da delega\u00e7\u00e3o brasileira nos Jogos Ol\u00edmpicos de Paris, a maioria deles militar. Como \u00e9 costume, tamb\u00e9m desfilaram crian\u00e7as de escolas p\u00fablicas, que fizeram uma homenagem ao Rio Grande do Sul, estado que foi atingido por enchentes no primeiro semestre, com a presen\u00e7a do governador Eduardo Leite (PSDB).<\/p>\n<p>Mais de cinco mil agentes na seguran\u00e7a. Segundo informa\u00e7\u00f5es oficiais, foram 2.500 membros da Pol\u00edcia Militar do Distrito Federal (PMDF), 2.000 militares das For\u00e7as Armadas e 600 do Gabinete de Seguran\u00e7a Institucional (GSI).<\/p>\n<p><strong>Dist\u00e2ncia do bolsonarismo<\/strong><\/p>\n<p>O desfile&#8221;Independ\u00eancia e Democracia&#8221; abordou pautas do governo, para &#8220;retomar a data&#8221;. Desfilaram for\u00e7as p\u00fablicas que atuaram no Rio Grande do Sul, profissionais da sa\u00fade e um boneco do Z\u00e9 Gotinha. Estudantes tamb\u00e9m levaram estandartes das bandeiras dos pa\u00edses participantes do G20, que ser\u00e1 realizado no Rio de Janeiro, em novembro.<\/p>\n<p>Um dos objetivos foi afastar cada vez mais a data do bolsonarismo. Segundo pessoas que participaram da organiza\u00e7\u00e3o, o governo tenta restabelecer a data como uma celebra\u00e7\u00e3o de Estado, como era antes da gest\u00e3o Bolsonaro, que conseguiu tomar para si a comemora\u00e7\u00e3o.<\/p>\n<p>Temas escolhidos a dedo para mostrar a marca da gest\u00e3o Lula. Investimento na sa\u00fade p\u00fablica, em contraposi\u00e7\u00e3o a que foi feito durante a pandemia de covid-19, e avan\u00e7os da pauta internacional s\u00e3o dois dos principais diferenciais do presidente em rela\u00e7\u00e3o ao governo anterior.<\/p>\n<p><strong>Or\u00e7amento menor<\/strong><\/p>\n<p>O evento foi impactado pelos bloqueios feitos pelo governo. Com planejamento inicial de R$ 16 milh\u00f5es, foi reduzido para R$ 13 milh\u00f5es e fechou em R$ 10 milh\u00f5es. O principal corte se deu em maquin\u00e1rio e n\u00famero de militares que desfilam \u2014principal gasto do cerimonial, considerando locomo\u00e7\u00e3o e hospedagem do contingente.<\/p>\n<p>Helic\u00f3pteros tamb\u00e9m foram cortados: eles custam cerca de R$ 10 mil por hora. Oito deles viriam da Base A\u00e9rea de An\u00e1polis (GO), a cerca de 160 km da capital federal, e outro do Par\u00e1. Mas essa ideia foi cancelada.<\/p>\n<p>Esquadrilha da fuma\u00e7a foi mantida. A exibi\u00e7\u00e3o tradicional do esquadr\u00e3o a\u00e9reo \u00e9 um dos pontos altos do desfile \u2014do qual Lula tamb\u00e9m \u00e9 um entusiasta. A apresenta\u00e7\u00e3o ter\u00e1 custo de cerca de R$ 700 mil.<\/p>\n<p>Fonte: UOL<\/p>\n<\/p><\/div>\n<p><br \/>\n<br \/><a href=\"https:\/\/diariodobrasilnoticias.com.br\/noticia\/com-janja-viajando-o-presidente-lula-desfilou-sozinho-em-carro-aberto-no-7-de-setembro-66dc898693b05\">Source link <\/a><\/p>","protected":false},"excerpt":{"rendered":"<p>O desfile de 7 de Setembro organizado pelo governo Lula (PT), em Bras\u00edlia, teve a presen\u00e7a de ministros do STF (Supremo Tribunal Federal), incluindo Alexandre de Moraes, alvo de protestos&hellip;<\/p>","protected":false},"author":1,"featured_media":33472,"comment_status":"closed","ping_status":"open","sticky":false,"template":"","format":"standard","meta":{"content-type":"","footnotes":""},"categories":[16],"tags":[123,2448,5313,1267],"class_list":["post-33471","post","type-post","status-publish","format-standard","has-post-thumbnail","hentry","category-noticias","tag-brasil","tag-diario","tag-noticia","tag-noticias"],"_links":{"self":[{"href":"https:\/\/tvbrazilusa.com\/pt\/wp-json\/wp\/v2\/posts\/33471","targetHints":{"allow":["GET"]}}],"collection":[{"href":"https:\/\/tvbrazilusa.com\/pt\/wp-json\/wp\/v2\/posts"}],"about":[{"href":"https:\/\/tvbrazilusa.com\/pt\/wp-json\/wp\/v2\/types\/post"}],"author":[{"embeddable":true,"href":"https:\/\/tvbrazilusa.com\/pt\/wp-json\/wp\/v2\/users\/1"}],"replies":[{"embeddable":true,"href":"https:\/\/tvbrazilusa.com\/pt\/wp-json\/wp\/v2\/comments?post=33471"}],"version-history":[{"count":1,"href":"https:\/\/tvbrazilusa.com\/pt\/wp-json\/wp\/v2\/posts\/33471\/revisions"}],"predecessor-version":[{"id":33473,"href":"https:\/\/tvbrazilusa.com\/pt\/wp-json\/wp\/v2\/posts\/33471\/revisions\/33473"}],"wp:featuredmedia":[{"embeddable":true,"href":"https:\/\/tvbrazilusa.com\/pt\/wp-json\/wp\/v2\/media\/33472"}],"wp:attachment":[{"href":"https:\/\/tvbrazilusa.com\/pt\/wp-json\/wp\/v2\/media?parent=33471"}],"wp:term":[{"taxonomy":"category","embeddable":true,"href":"https:\/\/tvbrazilusa.com\/pt\/wp-json\/wp\/v2\/categories?post=33471"},{"taxonomy":"post_tag","embeddable":true,"href":"https:\/\/tvbrazilusa.com\/pt\/wp-json\/wp\/v2\/tags?post=33471"}],"curies":[{"name":"wp","href":"https:\/\/api.w.org\/{rel}","templated":true}]}}