{"id":33492,"date":"2024-09-07T20:20:25","date_gmt":"2024-09-07T20:20:25","guid":{"rendered":"https:\/\/tvbrazilusa.com\/2024\/09\/07\/manifestacao-em-curitiba-pede-impeachment-de-alexandre-de-moraes\/"},"modified":"2024-09-07T20:20:27","modified_gmt":"2024-09-07T20:20:27","slug":"manifestacao-em-curitiba-pede-impeachment-de-alexandre-de-moraes","status":"publish","type":"post","link":"https:\/\/tvbrazilusa.com\/pt\/2024\/09\/07\/manifestacao-em-curitiba-pede-impeachment-de-alexandre-de-moraes\/","title":{"rendered":"Manifesta\u00e7\u00e3o em Curitiba pede impeachment de Alexandre de Moraes"},"content":{"rendered":"<p> <script async src=\"https:\/\/pagead2.googlesyndication.com\/pagead\/js\/adsbygoogle.js?client=ca-pub-8864793242727901\"\r\n     crossorigin=\"anonymous\"><\/script><br \/>\n<\/p>\n<div>\n<figure class=\"post-image\">\n<\/figure>\n<p><span style=\"font-size: 12px\">Foto: Ana Paula Pickler\/Gazeta do Povo<\/span><\/p>\n<div id=\"taboola-read-more\" style=\"display:block; width:100%\">\n<p>Curitiba, capital do Paran\u00e1, tamb\u00e9m organizou uma manifesta\u00e7\u00e3o neste 7 de Setembro pedindo o impeachment de do ministro do STF Alexandre de Moraes. A mobiliza\u00e7\u00e3o come\u00e7ou por volta das 11 da manh\u00e3 e reuniu centenas de pessoas na Pra\u00e7a 19 de Dezembro, na regi\u00e3o central da capital paranaense.<\/p>\n<p>De acordo com a organiza\u00e7\u00e3o, al\u00e9m expressar sua insatisfa\u00e7\u00e3o com o atual cen\u00e1rio pol\u00edtico e jur\u00eddico, especialmente em rela\u00e7\u00e3o \u00e0 atua\u00e7\u00e3o do Supremo Tribunal Federal (STF), a manifesta\u00e7\u00e3o tamb\u00e9m tem como objetivo pressionar o Senado Federal a tomar as medidas necess\u00e1rias para restaurar o equil\u00edbrio entre os Poderes da Rep\u00fablica.<\/p>\n<p>Um dos participantes da manifesta\u00e7\u00e3o foi o administrador Celso Yassuo, que explicou apoiar o protesto por discordar atitude do ministro Alexandre de Moraes de fechar toda uma rede social. Para Yassuo, Moraes agiu apenas por ideologia. Segurando uma faixa que dizia &#8220;Toda ditadura come\u00e7a com censura&#8221;, ele acredita que lutar contra os abusos do STF \u00e9 imperativo para evitar que a eros\u00e3o das liberdades no Brasil aumente.<\/p>\n<p>&#8220;A manifesta\u00e7\u00e3o \u00e9 importante para que todos saibam que tem pessoas que realmente est\u00e3o engajadas e preocupadas com o futuro do nosso pa\u00eds. Virar Venezuela pra gente, pra mim pelo menos, n\u00e3o \u00e9 uma op\u00e7\u00e3o&#8221;, concluiu o administrador. (Com reportagem de Ana Paula Pickler).<\/p>\n<p>Fonte: Gazeta do Povo<\/p>\n<\/p><\/div>\n<div class=\"row mt-3\">\n<div class=\"col-sm-6\">\n<p><a href=\"https:\/\/chat.whatsapp.com\/JLwlWEVup0OBGJz1BBxPtZ\" target=\"_blank\" rel=\"noopener\"><br \/>\n<img decoding=\"async\" src=\"https:\/\/diariodobrasilnoticias.com.br\/assets-site\/images\/bot_whatsapp.png\"\/><\/a>\n<\/div>\n<div class=\"col-sm-6\">\n<a href=\"https:\/\/t.me\/+_4gTmi5LKo03OTM5\" target=\"_blank\" rel=\"noopener\"><br \/>\n<img decoding=\"async\" src=\"https:\/\/diariodobrasilnoticias.com.br\/assets-site\/images\/bot_telegram.png\"\/><\/a>\n<\/div>\n<\/div>\n<\/div>\n<p><br \/>\n<br \/><a href=\"https:\/\/diariodobrasilnoticias.com.br\/noticia\/manifestacao-em-curitiba-pede-impeachment-de-alexandre-de-moraes-66dc94a730ec4\">Source link <\/a><\/p>","protected":false},"excerpt":{"rendered":"<p>Foto: Ana Paula Pickler\/Gazeta do Povo Curitiba, capital do Paran\u00e1, tamb\u00e9m organizou uma manifesta\u00e7\u00e3o neste 7 de Setembro pedindo o impeachment de do ministro do STF Alexandre de Moraes. A&hellip;<\/p>","protected":false},"author":1,"featured_media":33493,"comment_status":"closed","ping_status":"open","sticky":false,"template":"","format":"standard","meta":{"content-type":"","footnotes":""},"categories":[16],"tags":[123,2448,5313,1267],"class_list":["post-33492","post","type-post","status-publish","format-standard","has-post-thumbnail","hentry","category-noticias","tag-brasil","tag-diario","tag-noticia","tag-noticias"],"_links":{"self":[{"href":"https:\/\/tvbrazilusa.com\/pt\/wp-json\/wp\/v2\/posts\/33492","targetHints":{"allow":["GET"]}}],"collection":[{"href":"https:\/\/tvbrazilusa.com\/pt\/wp-json\/wp\/v2\/posts"}],"about":[{"href":"https:\/\/tvbrazilusa.com\/pt\/wp-json\/wp\/v2\/types\/post"}],"author":[{"embeddable":true,"href":"https:\/\/tvbrazilusa.com\/pt\/wp-json\/wp\/v2\/users\/1"}],"replies":[{"embeddable":true,"href":"https:\/\/tvbrazilusa.com\/pt\/wp-json\/wp\/v2\/comments?post=33492"}],"version-history":[{"count":1,"href":"https:\/\/tvbrazilusa.com\/pt\/wp-json\/wp\/v2\/posts\/33492\/revisions"}],"predecessor-version":[{"id":33494,"href":"https:\/\/tvbrazilusa.com\/pt\/wp-json\/wp\/v2\/posts\/33492\/revisions\/33494"}],"wp:featuredmedia":[{"embeddable":true,"href":"https:\/\/tvbrazilusa.com\/pt\/wp-json\/wp\/v2\/media\/33493"}],"wp:attachment":[{"href":"https:\/\/tvbrazilusa.com\/pt\/wp-json\/wp\/v2\/media?parent=33492"}],"wp:term":[{"taxonomy":"category","embeddable":true,"href":"https:\/\/tvbrazilusa.com\/pt\/wp-json\/wp\/v2\/categories?post=33492"},{"taxonomy":"post_tag","embeddable":true,"href":"https:\/\/tvbrazilusa.com\/pt\/wp-json\/wp\/v2\/tags?post=33492"}],"curies":[{"name":"wp","href":"https:\/\/api.w.org\/{rel}","templated":true}]}}