{"id":33498,"date":"2024-09-07T20:44:09","date_gmt":"2024-09-07T20:44:09","guid":{"rendered":"https:\/\/tvbrazilusa.com\/2024\/09\/07\/seis-ministros-do-governo-deixam-de-participar-do-7-de-setembro-de-lula\/"},"modified":"2024-09-07T20:44:10","modified_gmt":"2024-09-07T20:44:10","slug":"seis-ministros-do-governo-deixam-de-participar-do-7-de-setembro-de-lula","status":"publish","type":"post","link":"https:\/\/tvbrazilusa.com\/pt\/2024\/09\/07\/seis-ministros-do-governo-deixam-de-participar-do-7-de-setembro-de-lula\/","title":{"rendered":"Seis ministros do governo deixam de participar do 7 de Setembro de Lula"},"content":{"rendered":"<p> <script async src=\"https:\/\/pagead2.googlesyndication.com\/pagead\/js\/adsbygoogle.js?client=ca-pub-8864793242727901\"\r\n     crossorigin=\"anonymous\"><\/script><br \/>\n<\/p>\n<div id=\"taboola-read-more\" style=\"display:block; width:100%\">\n<p>Seis ministros do governo Lula n\u00e3o compareceram ao desfile do 7 de Setembro na Esplanada dos Minist\u00e9rios, em Bras\u00edlia. As aus\u00eancias ocorrem em meio \u00e0 den\u00fancias de ass\u00e9dio sexual contra o ex-chefe da pasta dos Direitos Humanos, Silvio Almeida.<\/p>\n<p>A ministra da Igualdade Racial, Anielle Franco, n\u00e3o marcou presen\u00e7a no 7 de Setembro. A informa\u00e7\u00e3o foi confirmada pela assessoria de imprensa. Anielle \u00e9 uma das supostas v\u00edtimas de ass\u00e9dio sexual de Silvio Almeida. Na sexta-feira 6, pediu respeito ao \u201cmeu espa\u00e7o e meu direito \u00e0 privacidade\u201d. Garantiu que vai contribuir com as investiga\u00e7\u00f5es do caso.<\/p>\n<p>O ministro da Fazenda, Fernando Haddad, tamb\u00e9m se ausentou. A assessoria de imprensa do petista argumentou que ele \u201cn\u00e3o tem agenda p\u00fablica no fim de semana\u201d e que foi representado no 7 de Setembro pelo secret\u00e1rio-executivo da pasta, Dario Durigan.<\/p>\n<p>Al\u00e9m de Anielle e Haddad, n\u00e3o compareceram ao ato os ministros Carlos F\u00e1varo (Agricultura e Pecu\u00e1ria), Mauro Vieira (Rela\u00e7\u00f5es Exteriores), Paulo Teixeira (Desenvolvimento Agr\u00e1rio e Agricultura Familiar) e Sonia Guajajara (Povos Ind\u00edgenas).<\/p>\n<p>Mauro Vieira n\u00e3o participou da cerim\u00f4nia para comparecer a uma reuni\u00e3o de coordena\u00e7\u00e3o na Embaixada do Brasil em Mascate, capital de Om\u00e3.<\/p>\n<p>O Pal\u00e1cio do Planalto divulgou uma lista dos ministros de Lula que compareceram \u00e0 cerim\u00f4nia. Na nota, n\u00e3o constavam os nomes dos seis integrantes do governo.<\/p>\n<p>A reportagem de Oeste procurou a assessoria de imprensa dos ministros sobre as aus\u00eancias, mas s\u00f3 obteve retorno das pastas de Anielle Franco, Fernando Haddad e Mauro Vieira. O espa\u00e7o segue aberto para futuras manifesta\u00e7\u00f5es.<\/p>\n<p><strong>Autoridades marcam presen\u00e7a no 7 de Setembro<\/strong><br \/>Entre as autoridades que participaram do 7 de Setembro, estiveram ministros do Supremo Tribunal Federal (STF), integrantes das For\u00e7as Armadas, o presidente do Senado Federal, Rodrigo Pacheco (PSD-MG), e o governador do Rio Grande do Sul, Eduardo Leite (PSDB).<\/p>\n<p>O presidente do STF, ministro Lu\u00eds Roberto Barroso, compareceu \u00e0 cerim\u00f4nia. Esteve na primeira fileira, pr\u00f3ximo de Lula, assim como o ministro Alexandre de Moraes. Tamb\u00e9m estiveram no evento os seguintes integrantes da Suprema Corte: Edson Fachin, Gilmar Mendes, Dias Toffoli e Cristiano Zanin.<\/p>\n<p>Rodrigo Pacheco ficou na primeira fileira, ao lado esquerdo de Lula durante a comemora\u00e7\u00e3o. O presidente da C\u00e2mara dos Deputados, Arthur Lira (PP-AL), foi o \u00fanico representante dos Tr\u00eas Poderes da Rep\u00fablica que se ausentou. O parlamentar alagoano est\u00e1 no Estado cumprindo agendas em prol das elei\u00e7\u00f5es municipais de 2024.<\/p>\n<p>O governador do Rio Grande do Sul, Eduardo Leite, marcou presen\u00e7a no evento. O Estado foi homenageado em virtude das fortes chuvas que atingiram a regi\u00e3o entre abril e maio deste ano.<\/p>\n<p>Fonte: Revista Oeste<\/p>\n<\/p><\/div>\n<p><br \/>\n<br \/><a href=\"https:\/\/diariodobrasilnoticias.com.br\/noticia\/seis-ministros-do-governo-deixam-de-participar-do-7-de-setembro-de-lula-66dc92f821630\">Source link <\/a><\/p>","protected":false},"excerpt":{"rendered":"<p>Seis ministros do governo Lula n\u00e3o compareceram ao desfile do 7 de Setembro na Esplanada dos Minist\u00e9rios, em Bras\u00edlia. As aus\u00eancias ocorrem em meio \u00e0 den\u00fancias de ass\u00e9dio sexual contra&hellip;<\/p>","protected":false},"author":1,"featured_media":33499,"comment_status":"closed","ping_status":"open","sticky":false,"template":"","format":"standard","meta":{"content-type":"","footnotes":""},"categories":[16],"tags":[123,2448,5313,1267],"class_list":["post-33498","post","type-post","status-publish","format-standard","has-post-thumbnail","hentry","category-noticias","tag-brasil","tag-diario","tag-noticia","tag-noticias"],"_links":{"self":[{"href":"https:\/\/tvbrazilusa.com\/pt\/wp-json\/wp\/v2\/posts\/33498","targetHints":{"allow":["GET"]}}],"collection":[{"href":"https:\/\/tvbrazilusa.com\/pt\/wp-json\/wp\/v2\/posts"}],"about":[{"href":"https:\/\/tvbrazilusa.com\/pt\/wp-json\/wp\/v2\/types\/post"}],"author":[{"embeddable":true,"href":"https:\/\/tvbrazilusa.com\/pt\/wp-json\/wp\/v2\/users\/1"}],"replies":[{"embeddable":true,"href":"https:\/\/tvbrazilusa.com\/pt\/wp-json\/wp\/v2\/comments?post=33498"}],"version-history":[{"count":1,"href":"https:\/\/tvbrazilusa.com\/pt\/wp-json\/wp\/v2\/posts\/33498\/revisions"}],"predecessor-version":[{"id":33500,"href":"https:\/\/tvbrazilusa.com\/pt\/wp-json\/wp\/v2\/posts\/33498\/revisions\/33500"}],"wp:featuredmedia":[{"embeddable":true,"href":"https:\/\/tvbrazilusa.com\/pt\/wp-json\/wp\/v2\/media\/33499"}],"wp:attachment":[{"href":"https:\/\/tvbrazilusa.com\/pt\/wp-json\/wp\/v2\/media?parent=33498"}],"wp:term":[{"taxonomy":"category","embeddable":true,"href":"https:\/\/tvbrazilusa.com\/pt\/wp-json\/wp\/v2\/categories?post=33498"},{"taxonomy":"post_tag","embeddable":true,"href":"https:\/\/tvbrazilusa.com\/pt\/wp-json\/wp\/v2\/tags?post=33498"}],"curies":[{"name":"wp","href":"https:\/\/api.w.org\/{rel}","templated":true}]}}