{"id":33513,"date":"2024-09-06T15:47:45","date_gmt":"2024-09-06T15:47:45","guid":{"rendered":"https:\/\/tvbrazilusa.com\/2024\/09\/06\/quao-irritados-estao-os-motoristas-da-florida-novo-relatorio-classifica-a-raiva-no-transito\/"},"modified":"2024-09-07T21:18:34","modified_gmt":"2024-09-07T21:18:34","slug":"quao-irritados-estao-os-motoristas-da-florida-novo-relatorio-classifica-a-raiva-no-transito","status":"publish","type":"post","link":"https:\/\/tvbrazilusa.com\/pt\/2024\/09\/06\/quao-irritados-estao-os-motoristas-da-florida-novo-relatorio-classifica-a-raiva-no-transito\/","title":{"rendered":"Qu\u00e3o Irritados Est\u00e3o os Motoristas da Fl\u00f3rida? Novo Relat\u00f3rio Classifica a Raiva no Tr\u00e2nsito"},"content":{"rendered":"<p> <script async src=\"https:\/\/pagead2.googlesyndication.com\/pagead\/js\/adsbygoogle.js?client=ca-pub-8864793242727901\"\r\n     crossorigin=\"anonymous\"><\/script><br \/>\n<\/p>\n<div>\n<p>FL\u00d3RIDA \u2014 Seja pelo crescimento populacional, pela incerteza econ\u00f4mica ou pelo clima pol\u00edtico, os incidentes violentos de raiva ao volante est\u00e3o aumentando.<\/p>\n<\/div>\n<div>\n<p>Entre 2014 e 2023, os tiroteios por raiva ao volante aumentaram em mais de 400%, de 92 para 481, de acordo com uma an\u00e1lise conduzida pelo The Trace.<\/p>\n<p>Em alguns estados, a dire\u00e7\u00e3o confrontacional tende a ser mais comum, colocando os motoristas em maior risco quando eles assumem o volante. Ent\u00e3o, quais estados t\u00eam a pior raiva ao volante?<\/p>\n<\/div>\n<div>\n<p>Para descobrir, a Forbes Advisor entrevistou 10.000 motoristas licenciados e comparou todos os 50 estados em nove m\u00e9tricas principais.<\/p>\n<p>A Forbes descobriu que a Fl\u00f3rida est\u00e1 na 30\u00aa posi\u00e7\u00e3o entre os estados com os piores \u00edndices de raiva ao volante; em 2023, o estado ficou em 19\u00ba lugar em termos de motoristas irritados.<\/p>\n<\/div>\n<div>\n<p><strong>Pontua\u00e7\u00e3o da Fl\u00f3rida: 55,98 de 100<\/strong><\/p>\n<ul>\n<li>9,5% dos motoristas da Fl\u00f3rida disseram que outro motorista saiu do ve\u00edculo para gritar ou brigar com eles.<\/li>\n<li>7% dos motoristas do estado sofrem com agress\u00f5es ao volante com muita frequ\u00eancia por parte de outros motoristas do seu estado de origem.<\/li>\n<\/ul>\n<p><strong>Principais conclus\u00f5es; Melhores, piores estados<\/strong><\/p>\n<\/div>\n<div>\n<ul>\n<li>A Calif\u00f3rnia lidera a lista de estados com a pior raiva ao volante, enquanto o Hava\u00ed abriga os motoristas mais educados do pa\u00eds.<\/li>\n<li>Quatro dos 10 estados com os motoristas mais agressivos est\u00e3o no Sul, incluindo Oklahoma, Mississippi, Virg\u00ednia e Maryland.<\/li>\n<li>Tr\u00eas dos 10 estados com os motoristas mais educados est\u00e3o no Centro-Oeste: Iowa, Dakota do Norte e Dakota do Sul, e tr\u00eas est\u00e3o no Oeste: Montana, Wyoming e Hava\u00ed.<\/li>\n<li>Nos \u00faltimos 12 meses, 41% dos motoristas testemunharam um ato de f\u00faria ao volante, 32% vivenciaram a f\u00faria ao volante de outro motorista e 22% tamb\u00e9m sentiram f\u00faria ao volante.<\/li>\n<\/ul>\n<p>De acordo com os motoristas pesquisados \u200b\u200bpela Forbes, os motoristas de caminh\u00e3o s\u00e3o os mais frequentemente vistos exibindo raiva ao volante (33%), seguidos por motoristas de:<\/p>\n<ul>\n<li>SUVs (23%)<\/li>\n<li>Carros esportivos (20%)<\/li>\n<li>Sedans (19%)<\/li>\n<li>Minivans (7%)<\/li>\n<\/ul>\n<p>Encontre o relat\u00f3rio completo, incluindo a metodologia e infogr\u00e1ficos, <a href=\"https:\/\/tx.bz-mail-us1.com\/1\/l\/441ed69da5ec4628b8cf70c9c1edf43e?rl=https%3A%2F%2Fwww.forbes.com%2Fadvisor%2Fcar-insurance%2Fstate-rankings-confrontational-drivers%2F\" target=\"_blank\" data-saferedirecturl=\"https:\/\/www.google.com\/url?q=https:\/\/tx.bz-mail-us1.com\/1\/l\/441ed69da5ec4628b8cf70c9c1edf43e?rl%3Dhttps%253A%252F%252Fwww.forbes.com%252Fadvisor%252Fcar-insurance%252Fstate-rankings-confrontational-drivers%252F&#038;source=gmail&#038;ust=1724767209448000&#038;usg=AOvVaw31TD2nZGRJfW6A5xBjPKNo\" rel=\"nofollow noopener\">aqui<\/a>.<\/p>\n<\/div>\n<p><br \/>\n<br \/><a href=\"http:\/\/patch.com\/florida\/stpete\/just-how-angry-are-fl-drivers-new-report-ranks-road-rage?utm_source=article-mostrecent&#038;utm_medium=rss&#038;utm_term=traffic%20%26%20transit&#038;utm_campaign=recirc&#038;utm_content=aol\">Source link <\/a><\/p>","protected":false},"excerpt":{"rendered":"<p>FL\u00d3RIDA \u2014 Seja pelo crescimento populacional, pela incerteza econ\u00f4mica ou pelo clima pol\u00edtico, os incidentes violentos de raiva ao volante est\u00e3o aumentando. Entre 2014 e 2023, os tiroteios por raiva&hellip;<\/p>","protected":false},"author":1,"featured_media":33514,"comment_status":"closed","ping_status":"open","sticky":false,"template":"","format":"standard","meta":{"content-type":"","footnotes":""},"categories":[1],"tags":[],"class_list":["post-33513","post","type-post","status-publish","format-standard","has-post-thumbnail","hentry","category-uncategorized"],"_links":{"self":[{"href":"https:\/\/tvbrazilusa.com\/pt\/wp-json\/wp\/v2\/posts\/33513","targetHints":{"allow":["GET"]}}],"collection":[{"href":"https:\/\/tvbrazilusa.com\/pt\/wp-json\/wp\/v2\/posts"}],"about":[{"href":"https:\/\/tvbrazilusa.com\/pt\/wp-json\/wp\/v2\/types\/post"}],"author":[{"embeddable":true,"href":"https:\/\/tvbrazilusa.com\/pt\/wp-json\/wp\/v2\/users\/1"}],"replies":[{"embeddable":true,"href":"https:\/\/tvbrazilusa.com\/pt\/wp-json\/wp\/v2\/comments?post=33513"}],"version-history":[{"count":1,"href":"https:\/\/tvbrazilusa.com\/pt\/wp-json\/wp\/v2\/posts\/33513\/revisions"}],"predecessor-version":[{"id":33515,"href":"https:\/\/tvbrazilusa.com\/pt\/wp-json\/wp\/v2\/posts\/33513\/revisions\/33515"}],"wp:featuredmedia":[{"embeddable":true,"href":"https:\/\/tvbrazilusa.com\/pt\/wp-json\/wp\/v2\/media\/33514"}],"wp:attachment":[{"href":"https:\/\/tvbrazilusa.com\/pt\/wp-json\/wp\/v2\/media?parent=33513"}],"wp:term":[{"taxonomy":"category","embeddable":true,"href":"https:\/\/tvbrazilusa.com\/pt\/wp-json\/wp\/v2\/categories?post=33513"},{"taxonomy":"post_tag","embeddable":true,"href":"https:\/\/tvbrazilusa.com\/pt\/wp-json\/wp\/v2\/tags?post=33513"}],"curies":[{"name":"wp","href":"https:\/\/api.w.org\/{rel}","templated":true}]}}