{"id":33534,"date":"2024-09-07T22:02:44","date_gmt":"2024-09-07T22:02:44","guid":{"rendered":"https:\/\/tvbrazilusa.com\/2024\/09\/07\/governo-de-sp-processa-boulos-por-utilizar-a-marca-poupatempo\/"},"modified":"2024-09-07T22:02:46","modified_gmt":"2024-09-07T22:02:46","slug":"governo-de-sp-processa-boulos-por-utilizar-a-marca-poupatempo","status":"publish","type":"post","link":"https:\/\/tvbrazilusa.com\/pt\/2024\/09\/07\/governo-de-sp-processa-boulos-por-utilizar-a-marca-poupatempo\/","title":{"rendered":"Governo de SP processa Boulos por utilizar a marca &#8216;Poupatempo&#8217;"},"content":{"rendered":"<p> <script async src=\"https:\/\/pagead2.googlesyndication.com\/pagead\/js\/adsbygoogle.js?client=ca-pub-8864793242727901\"\r\n     crossorigin=\"anonymous\"><\/script><br \/>\n<\/p>\n<div>\n<figure class=\"post-image\">\n<\/figure>\n<p><span style=\"font-size: 12px\">Foto: Zeca Ribeiro\/C\u00e2mara dos Deputados<\/span><\/p>\n<div id=\"taboola-read-more\" style=\"display:block; width:100%\">\n<p>O Governo do Estado de S\u00e3o Paulo moveu uma a\u00e7\u00e3o contra a campanha eleitoral de Guilherme Boulos (PSOL), candidato \u00e0 Prefeitura de S\u00e3o Paulo, por usar indevidamente a marca Poupatempo.<\/p>\n<p>A Vara da Fazenda P\u00fablica do Foro Central recebeu o processo nesta quinta-feira (5) por conta da marca \u201cPoupatempo da Sa\u00fade\u201d, um projeto criado pela campanha do psolista que promete um sistema mais eficiente para o agendamento de consultas m\u00e9dicas na rede municipal de sa\u00fade.<\/p>\n<p>Na a\u00e7\u00e3o, a Companhia de Processamento de Dados do Estado de S\u00e3o Paulo (Prodesp), que det\u00e9m oito registros da marca Poupatempo, alega n\u00e3o ter autorizado o uso do nome pelo candidato de esquerda e diz que a situa\u00e7\u00e3o pode causar confus\u00e3o no p\u00fablico e ser prejudicial ao interesse p\u00fablico. As informa\u00e7\u00f5es s\u00e3o da Veja.<\/p>\n<p>O pedido feito \u00e9 para que a campanha de Boulos suspenda o uso da marca, para evitar penas e tamb\u00e9m o pagamento de indeniza\u00e7\u00e3o.<\/p>\n<p>Ao comentar o processo, a campanha do psolista disse que a a\u00e7\u00e3o movida pela Prodesp \u00e9 um ataque \u201cdesesperado\u201d de aliados do atual prefeito da capital, Ricardo Nunes (MDB). E que se trata de uma tentativa de desviar a aten\u00e7\u00e3o da \u201cneglig\u00eancia do atual prefeito com o servi\u00e7o de sa\u00fade na cidade\u201d.<\/p>\n<p>Fonte: Pleno News<\/p>\n<\/p><\/div>\n<div class=\"row mt-3\">\n<div class=\"col-sm-6\">\n<p><a href=\"https:\/\/chat.whatsapp.com\/JLwlWEVup0OBGJz1BBxPtZ\" target=\"_blank\" rel=\"noopener\"><br \/>\n<img decoding=\"async\" src=\"https:\/\/diariodobrasilnoticias.com.br\/assets-site\/images\/bot_whatsapp.png\"\/><\/a>\n<\/div>\n<div class=\"col-sm-6\">\n<a href=\"https:\/\/t.me\/+_4gTmi5LKo03OTM5\" target=\"_blank\" rel=\"noopener\"><br \/>\n<img decoding=\"async\" src=\"https:\/\/diariodobrasilnoticias.com.br\/assets-site\/images\/bot_telegram.png\"\/><\/a>\n<\/div>\n<\/div>\n<\/div>\n<p><br \/>\n<br \/><a href=\"https:\/\/diariodobrasilnoticias.com.br\/noticia\/governo-de-sp-processa-boulos-por-utilizar-a-marca-poupatempo-66dc96d30b70c\">Source link <\/a><\/p>","protected":false},"excerpt":{"rendered":"<p>Foto: Zeca Ribeiro\/C\u00e2mara dos Deputados O Governo do Estado de S\u00e3o Paulo moveu uma a\u00e7\u00e3o contra a campanha eleitoral de Guilherme Boulos (PSOL), candidato \u00e0 Prefeitura de S\u00e3o Paulo, por&hellip;<\/p>","protected":false},"author":1,"featured_media":33535,"comment_status":"closed","ping_status":"open","sticky":false,"template":"","format":"standard","meta":{"content-type":"","footnotes":""},"categories":[16],"tags":[123,2448,5313,1267],"class_list":["post-33534","post","type-post","status-publish","format-standard","has-post-thumbnail","hentry","category-noticias","tag-brasil","tag-diario","tag-noticia","tag-noticias"],"_links":{"self":[{"href":"https:\/\/tvbrazilusa.com\/pt\/wp-json\/wp\/v2\/posts\/33534","targetHints":{"allow":["GET"]}}],"collection":[{"href":"https:\/\/tvbrazilusa.com\/pt\/wp-json\/wp\/v2\/posts"}],"about":[{"href":"https:\/\/tvbrazilusa.com\/pt\/wp-json\/wp\/v2\/types\/post"}],"author":[{"embeddable":true,"href":"https:\/\/tvbrazilusa.com\/pt\/wp-json\/wp\/v2\/users\/1"}],"replies":[{"embeddable":true,"href":"https:\/\/tvbrazilusa.com\/pt\/wp-json\/wp\/v2\/comments?post=33534"}],"version-history":[{"count":1,"href":"https:\/\/tvbrazilusa.com\/pt\/wp-json\/wp\/v2\/posts\/33534\/revisions"}],"predecessor-version":[{"id":33536,"href":"https:\/\/tvbrazilusa.com\/pt\/wp-json\/wp\/v2\/posts\/33534\/revisions\/33536"}],"wp:featuredmedia":[{"embeddable":true,"href":"https:\/\/tvbrazilusa.com\/pt\/wp-json\/wp\/v2\/media\/33535"}],"wp:attachment":[{"href":"https:\/\/tvbrazilusa.com\/pt\/wp-json\/wp\/v2\/media?parent=33534"}],"wp:term":[{"taxonomy":"category","embeddable":true,"href":"https:\/\/tvbrazilusa.com\/pt\/wp-json\/wp\/v2\/categories?post=33534"},{"taxonomy":"post_tag","embeddable":true,"href":"https:\/\/tvbrazilusa.com\/pt\/wp-json\/wp\/v2\/tags?post=33534"}],"curies":[{"name":"wp","href":"https:\/\/api.w.org\/{rel}","templated":true}]}}