{"id":33549,"date":"2024-09-07T22:50:18","date_gmt":"2024-09-07T22:50:18","guid":{"rendered":"https:\/\/tvbrazilusa.com\/2024\/09\/07\/menino-usa-protetor-solar-vencido-sofrer-severas-queimaduras-e-precisa-fazer-cirurgia\/"},"modified":"2024-09-07T22:50:19","modified_gmt":"2024-09-07T22:50:19","slug":"menino-usa-protetor-solar-vencido-sofrer-severas-queimaduras-e-precisa-fazer-cirurgia","status":"publish","type":"post","link":"https:\/\/tvbrazilusa.com\/pt\/2024\/09\/07\/menino-usa-protetor-solar-vencido-sofrer-severas-queimaduras-e-precisa-fazer-cirurgia\/","title":{"rendered":"Menino usa protetor solar &#8216;vencido&#8217;, sofrer severas queimaduras e precisa fazer cirurgia"},"content":{"rendered":"<p> <script async src=\"https:\/\/pagead2.googlesyndication.com\/pagead\/js\/adsbygoogle.js?client=ca-pub-8864793242727901\"\r\n     crossorigin=\"anonymous\"><\/script><br \/>\n<\/p>\n<div data-block-type=\"unstyled\" data-block-weight=\"66\" data-block-id=\"4\">\n<p class=\"content-text__container\" data-track-category=\"Link no Texto\" data-track-links=\"\" data-mrf-recirculation=\"Recomenda\u00e7\u00e3o meio do texto\">&#8220;Pensamos em ficar no quarto, pois n\u00e3o t\u00ednhamos protetor solar e era nosso \u00faltimo dia de f\u00e9rias, mas ele (Hector) queria sair e brincar na piscina, pois tinha feito alguns amigos. Ficamos sem protetor solar, ent\u00e3o meu parceiro Ben comprou um na loja do resort. Era fator 90 e pensamos &#8216;Que \u00f3timo, vai durar o dia todo'&#8221;, disse Natalie Harvey, de 47 anos, ao &#8220;Nottingham Post&#8221;.<\/p>\n<\/div>\n<p><br \/>\n<br \/><a href=\"https:\/\/diariodobrasilnoticias.com.br\/noticia\/menino-usa-protetor-solar-vencido-sofrer-severas-queimaduras-e-precisa-fazer-cirurgia-66dc979c9677e\">Source link <\/a><\/p>","protected":false},"excerpt":{"rendered":"<p>&#8220;Pensamos em ficar no quarto, pois n\u00e3o t\u00ednhamos protetor solar e era nosso \u00faltimo dia de f\u00e9rias, mas ele (Hector) queria sair e brincar na piscina, pois tinha feito alguns&hellip;<\/p>","protected":false},"author":1,"featured_media":33550,"comment_status":"closed","ping_status":"open","sticky":false,"template":"","format":"standard","meta":{"content-type":"","footnotes":""},"categories":[16],"tags":[123,2448,5313,1267],"class_list":["post-33549","post","type-post","status-publish","format-standard","has-post-thumbnail","hentry","category-noticias","tag-brasil","tag-diario","tag-noticia","tag-noticias"],"_links":{"self":[{"href":"https:\/\/tvbrazilusa.com\/pt\/wp-json\/wp\/v2\/posts\/33549","targetHints":{"allow":["GET"]}}],"collection":[{"href":"https:\/\/tvbrazilusa.com\/pt\/wp-json\/wp\/v2\/posts"}],"about":[{"href":"https:\/\/tvbrazilusa.com\/pt\/wp-json\/wp\/v2\/types\/post"}],"author":[{"embeddable":true,"href":"https:\/\/tvbrazilusa.com\/pt\/wp-json\/wp\/v2\/users\/1"}],"replies":[{"embeddable":true,"href":"https:\/\/tvbrazilusa.com\/pt\/wp-json\/wp\/v2\/comments?post=33549"}],"version-history":[{"count":1,"href":"https:\/\/tvbrazilusa.com\/pt\/wp-json\/wp\/v2\/posts\/33549\/revisions"}],"predecessor-version":[{"id":33551,"href":"https:\/\/tvbrazilusa.com\/pt\/wp-json\/wp\/v2\/posts\/33549\/revisions\/33551"}],"wp:featuredmedia":[{"embeddable":true,"href":"https:\/\/tvbrazilusa.com\/pt\/wp-json\/wp\/v2\/media\/33550"}],"wp:attachment":[{"href":"https:\/\/tvbrazilusa.com\/pt\/wp-json\/wp\/v2\/media?parent=33549"}],"wp:term":[{"taxonomy":"category","embeddable":true,"href":"https:\/\/tvbrazilusa.com\/pt\/wp-json\/wp\/v2\/categories?post=33549"},{"taxonomy":"post_tag","embeddable":true,"href":"https:\/\/tvbrazilusa.com\/pt\/wp-json\/wp\/v2\/tags?post=33549"}],"curies":[{"name":"wp","href":"https:\/\/api.w.org\/{rel}","templated":true}]}}