{"id":33555,"date":"2024-09-07T23:04:47","date_gmt":"2024-09-07T23:04:47","guid":{"rendered":"https:\/\/tvbrazilusa.com\/2024\/09\/07\/governo-avalia-elevar-impostos-que-nao-dependem-do-congresso-para-fechar-contas\/"},"modified":"2024-09-07T23:04:48","modified_gmt":"2024-09-07T23:04:48","slug":"governo-avalia-elevar-impostos-que-nao-dependem-do-congresso-para-fechar-contas","status":"publish","type":"post","link":"https:\/\/tvbrazilusa.com\/pt\/2024\/09\/07\/governo-avalia-elevar-impostos-que-nao-dependem-do-congresso-para-fechar-contas\/","title":{"rendered":"Governo avalia elevar impostos que n\u00e3o dependem do Congresso para fechar contas"},"content":{"rendered":"<p> <script async src=\"https:\/\/pagead2.googlesyndication.com\/pagead\/js\/adsbygoogle.js?client=ca-pub-8864793242727901\"\r\n     crossorigin=\"anonymous\"><\/script><br \/>\n<\/p>\n<div id=\"taboola-read-more\" style=\"display:block; width:100%\">\n<p>O Minist\u00e9rio da Fazenda avalia elevar tributos que n\u00e3o exigem aval do Congresso Nacional para que sejam ajustados e permitam entrada em vigor de maneira imediata se constatar necessidade de ampliar a arrecada\u00e7\u00e3o para fechar as contas deste ano, disseram \u00e0 <em>Reuters <\/em>duas fontes da pasta.<\/p>\n<p>A medida adicional, segundo as fontes, pode ser apresentada junto com o relat\u00f3rio bimestral de receitas e despesas, que apontar\u00e1 neste m\u00eas se o governo precisa ampliar a arrecada\u00e7\u00e3o para cumprir a <a href=\"https:\/\/www.infomoney.com.br\/politica\/tebet-diz-que-arcabouco-fiscal-veio-para-ficar-e-nao-descarta-novos-cortes\/\" target=\"_blank\" rel=\"noopener noreferrer\">meta de d\u00e9ficit prim\u00e1rio zero em 2024<\/a>, que tem banda de toler\u00e2ncia de 0,25 ponto percentual do PIB.<\/p>\n<p>\u201cTem que pensar em alguma coisa que tenha impacto direto, que n\u00e3o tenha anualidade, noventena ou (precise de) aprova\u00e7\u00e3o do Congresso, alguma coisa extrafiscal\u201d, disse uma das autoridades sob condi\u00e7\u00e3o de anonimato porque as discuss\u00f5es n\u00e3o s\u00e3o p\u00fablicas.<\/p>\n<p>S\u00e3o tributos que se enquadram nessa categoria o Imposto sobre Opera\u00e7\u00f5es Financeiras (IOF), Imposto de Importa\u00e7\u00e3o e Imposto de Exporta\u00e7\u00e3o, que podem ser elevados por meio da edi\u00e7\u00e3o de decreto presidencial.<\/p>\n<p>A equipe econ\u00f4mica j\u00e1 havia informado nesta semana que est\u00e1 pronta para apresentar <a href=\"https:\/\/www.infomoney.com.br\/politica\/ifi-para-cumprir-meta-de-deficit-zero-sao-necessarios-mais-r-648-bilhoes\/\" target=\"_blank\" rel=\"noopener noreferrer\">medidas arrecadat\u00f3rias adicionais<\/a> caso haja frustra\u00e7\u00e3o de receitas, citando ganhos abaixo do esperado com a atua\u00e7\u00e3o do Conselho Administrativo de Recursos Fiscais (Carf).<\/p>\n<p>Em julho, o governo congelou R$ 15 bilh\u00f5es em verbas de minist\u00e9rios com o objetivo de cumprir regras fiscais. A nova avalia\u00e7\u00e3o das contas federais ser\u00e1 apresentada no dia 20 de setembro.<\/p>\n<p>Para fechar a avalia\u00e7\u00e3o, a Fazenda aguarda a aprova\u00e7\u00e3o do projeto de lei que traz medidas compensat\u00f3rias para a desonera\u00e7\u00e3o da folha de sal\u00e1rios, como a capta\u00e7\u00e3o de recursos de dep\u00f3sitos judiciais, a coleta de dinheiro esquecido em contas banc\u00e1rias e a repatria\u00e7\u00e3o de ativos no exterior.<\/p>\n<p>A fonte ressaltou que mesmo com a aprova\u00e7\u00e3o das medidas, o processo de implementa\u00e7\u00e3o n\u00e3o ser\u00e1 simples, exigindo a edi\u00e7\u00e3o de normativos, editais e novos programas, al\u00e9m de atua\u00e7\u00e3o da Advocacia-Geral da Uni\u00e3o.<\/p>\n<p>Analistas de mercado seguem duvidando da capacidade do governo de alcan\u00e7ar a meta fiscal zero, com o boletim Focus do Banco Central projetando um d\u00e9ficit de 0,60% do PIB neste ano.<\/p>\n<p>A equipe econ\u00f4mica, embora reconhe\u00e7a que o cen\u00e1rio \u00e9 desafiador, tem pregado que o objetivo ser\u00e1 buscado a todo custo, disse a fonte. \u201cPara fechar o fiscal este ano vamos fazer um esfor\u00e7o grande, n\u00e3o abrimos m\u00e3o\u201d, afirmou.<\/p>\n<\/p><\/div>\n<p><br \/>\n<br \/><a href=\"https:\/\/diariodobrasilnoticias.com.br\/noticia\/governo-avalia-elevar-impostos-que-nao-dependem-do-congresso-para-fechar-contas-66dcc76ae1027\">Source link <\/a><\/p>","protected":false},"excerpt":{"rendered":"<p>O Minist\u00e9rio da Fazenda avalia elevar tributos que n\u00e3o exigem aval do Congresso Nacional para que sejam ajustados e permitam entrada em vigor de maneira imediata se constatar necessidade de&hellip;<\/p>","protected":false},"author":1,"featured_media":33556,"comment_status":"closed","ping_status":"open","sticky":false,"template":"","format":"standard","meta":{"content-type":"","footnotes":""},"categories":[16],"tags":[123,2448,5313,1267],"class_list":["post-33555","post","type-post","status-publish","format-standard","has-post-thumbnail","hentry","category-noticias","tag-brasil","tag-diario","tag-noticia","tag-noticias"],"_links":{"self":[{"href":"https:\/\/tvbrazilusa.com\/pt\/wp-json\/wp\/v2\/posts\/33555","targetHints":{"allow":["GET"]}}],"collection":[{"href":"https:\/\/tvbrazilusa.com\/pt\/wp-json\/wp\/v2\/posts"}],"about":[{"href":"https:\/\/tvbrazilusa.com\/pt\/wp-json\/wp\/v2\/types\/post"}],"author":[{"embeddable":true,"href":"https:\/\/tvbrazilusa.com\/pt\/wp-json\/wp\/v2\/users\/1"}],"replies":[{"embeddable":true,"href":"https:\/\/tvbrazilusa.com\/pt\/wp-json\/wp\/v2\/comments?post=33555"}],"version-history":[{"count":1,"href":"https:\/\/tvbrazilusa.com\/pt\/wp-json\/wp\/v2\/posts\/33555\/revisions"}],"predecessor-version":[{"id":33557,"href":"https:\/\/tvbrazilusa.com\/pt\/wp-json\/wp\/v2\/posts\/33555\/revisions\/33557"}],"wp:featuredmedia":[{"embeddable":true,"href":"https:\/\/tvbrazilusa.com\/pt\/wp-json\/wp\/v2\/media\/33556"}],"wp:attachment":[{"href":"https:\/\/tvbrazilusa.com\/pt\/wp-json\/wp\/v2\/media?parent=33555"}],"wp:term":[{"taxonomy":"category","embeddable":true,"href":"https:\/\/tvbrazilusa.com\/pt\/wp-json\/wp\/v2\/categories?post=33555"},{"taxonomy":"post_tag","embeddable":true,"href":"https:\/\/tvbrazilusa.com\/pt\/wp-json\/wp\/v2\/tags?post=33555"}],"curies":[{"name":"wp","href":"https:\/\/api.w.org\/{rel}","templated":true}]}}