{"id":33558,"date":"2024-09-07T23:07:16","date_gmt":"2024-09-07T23:07:16","guid":{"rendered":"https:\/\/tvbrazilusa.com\/2024\/09\/07\/esta-temporada-de-furacoes-esta-confundindo-especialistas-e-desafiando-previsoes-o-que-diabos-esta-acontecendo-wsvn-7news-noticias-de-miami-clima-esportes-fort-lauderdale\/"},"modified":"2024-09-07T23:11:07","modified_gmt":"2024-09-07T23:11:07","slug":"esta-temporada-de-furacoes-esta-confundindo-especialistas-e-desafiando-previsoes-o-que-diabos-esta-acontecendo-wsvn-7news-noticias-de-miami-clima-esportes-fort-lauderdale","status":"publish","type":"post","link":"https:\/\/tvbrazilusa.com\/pt\/2024\/09\/07\/esta-temporada-de-furacoes-esta-confundindo-especialistas-e-desafiando-previsoes-o-que-diabos-esta-acontecendo-wsvn-7news-noticias-de-miami-clima-esportes-fort-lauderdale\/","title":{"rendered":"Esta temporada de furac\u00f5es est\u00e1 confundindo especialistas e desafiando previs\u00f5es. O que diabos est\u00e1 acontecendo? &#8211; WSVN 7News | Not\u00edcias de Miami, Clima, Esportes | Fort Lauderdale"},"content":{"rendered":"<p> <script async src=\"https:\/\/pagead2.googlesyndication.com\/pagead\/js\/adsbygoogle.js?client=ca-pub-8864793242727901\"\r\n     crossorigin=\"anonymous\"><\/script><br \/>\n<\/p>\n<div itemprop=\"articleBody\">\n<p><strong>(CNN) \u2014 <\/strong>\u00c9 o come\u00e7o de setembro \u2013 o que deveria ser o per\u00edodo mais movimentado da temporada de furac\u00f5es. Os meteorologistas previram que este seria ruim: tempestade ap\u00f3s tempestade, as previs\u00f5es mais otimistas j\u00e1 registradas.<\/p>\n<p>Em vez disso, o Oceano Atl\u00e2ntico est\u00e1 envolto em uma calma rara e estranha que confundiu os meteorologistas e redefiniu suas expectativas. E tudo isso pode ser um vislumbre do que est\u00e1 por vir \u00e0 medida que o planeta fica mais quente.<\/p>\n<p>Apesar das condi\u00e7\u00f5es ideais que alimentaram as previs\u00f5es de pr\u00e9-temporada de mais de 20 tempestades nomeadas, as perspectivas imediatas para uma delas s\u00e3o baixas, e nenhuma se formou no Atl\u00e2ntico desde Ernesto em meados de agosto \u2014 uma sequ\u00eancia inigual\u00e1vel em 56 anos.<\/p>\n<p>\u201cSe voc\u00ea tivesse me dito h\u00e1 um m\u00eas que nada aconteceria depois de Ernesto, eu n\u00e3o teria acreditado\u201d, disse Phil Klotzbach, especialista em furac\u00f5es e cientista pesquisador da Colorado State University. \u201c\u00c9 realmente surpreendente.\u201d<\/p>\n<p>A estranha esta\u00e7\u00e3o foi influenciada por condi\u00e7\u00f5es atmosf\u00e9ricas extremas que s\u00e3o um subproduto da mudan\u00e7a clim\u00e1tica causada pela polui\u00e7\u00e3o de combust\u00edveis f\u00f3sseis, disseram especialistas. E tamb\u00e9m pode ser uma &#8220;lente&#8221; para o comportamento mais vol\u00e1til das tempestades do futuro, disse Matthew Rosencrans, principal meteorologista da temporada de furac\u00f5es do Climate Prediction Center da NOAA.<\/p>\n<p>Os cientistas t\u00eam<a href=\"https:\/\/sciencecouncil.noaa.gov\/wp-content\/uploads\/2023\/05\/1.1_SOS_Atlantic_Hurricanes_Climate.pdf\"> disse h\u00e1 muito tempo<\/a> um mundo em aquecimento acabar\u00e1 resultando em menos tempestades, por\u00e9m mais fortes, algo que esta temporada j\u00e1 produziu.<\/p>\n<p>Os meteorologistas de furac\u00f5es, incluindo Klotzbach, estavam prevendo que a mudan\u00e7a de calend\u00e1rio de agosto para setembro reanimaria a temporada. Muitos modelos de previs\u00e3o amplamente usados \u200b\u200bsinalizaram a mesma coisa. N\u00e3o deu certo.<\/p>\n<p>As condi\u00e7\u00f5es ideais para o desenvolvimento de furac\u00f5es \u2013 \u00e1gua morna do oceano, ventos m\u00ednimos de n\u00edvel superior que perturbam tempestades e bastante ar \u00famido \u2013 est\u00e3o l\u00e1, mas as tempestades n\u00e3o est\u00e3o acontecendo. Fatores atmosf\u00e9ricos menos compreendidos atrapalharam, disse Klotzbach, e eles t\u00eam la\u00e7os com o aquecimento global.<\/p>\n<p>Pegue essa \u00e1gua oce\u00e2nica extremamente quente: o Atl\u00e2ntico tem estado quase recorde de calor desde antes do in\u00edcio da temporada. Ele alimentou o recorde do furac\u00e3o Beryl de categoria 5, um furac\u00e3o com for\u00e7a t\u00e3o imensa t\u00e3o cedo na temporada que foi considerado um potencial pren\u00fancio de uma temporada movimentada por vir.<\/p>\n<p>Mas a \u00e1gua quente n\u00e3o pode intensificar as tempestades se elas nunca chegarem l\u00e1.<\/p>\n<p>Quase todos os furac\u00f5es se originam de tempestades vindas da costa da \u00c1frica Central. Desde meados do ver\u00e3o, essas sementes de furac\u00f5es foram empurradas para mais ao norte do que o normal \u2013 at\u00e9 mesmo para uma das \u00e1reas mais secas da Terra \u2013 o Deserto do Saara. Elas tamb\u00e9m sa\u00edram da \u00c1frica muito mais ao norte do que o normal e foram atrofiadas como resultado. O ar seco e empoeirado e as temperaturas mais frias do oceano aqui, na costa noroeste do continente, se combinaram para sufocar as tempestades.<\/p>\n<p>A mudan\u00e7a para norte pode estar relacionada com a interac\u00e7\u00e3o entre \u00e1guas extremamente quentes no Atl\u00e2ntico tropical e uma pequena \u00e1rea de \u00e1guas anormalmente frias \u2013 uma zona crescente <a href=\"https:\/\/www.aoml.noaa.gov\/atlantic-nina-on-the-verge-of-developing-heres-why-we-should-pay-attention\/\">Atl\u00e2ntica Ni\u00f1a<\/a> \u2013 perto do equador, segundo Klotzbach e seus <a href=\"https:\/\/tropical.colostate.edu\/Forecast\/2024_0903_seasondiscussion.pdf\">grupo na CSU<\/a>.<\/p>\n<p>A mon\u00e7\u00e3o africana \u00e9 carregada com uma tonelada de umidade, algo que pode realmente atrasar o desenvolvimento de tempestades tropicais, <a href=\"https:\/\/agupubs.onlinelibrary.wiley.com\/doi\/10.1029\/2023MS004070\">um estudo<\/a> publicado em junho no Journal of Advances in Modeling Earth Systems descobriu. Acontece que h\u00e1 uma zona Goldilocks para furac\u00f5es \u2013 condi\u00e7\u00f5es secas privam as tempestades do combust\u00edvel de que precisam, mas muito pode torn\u00e1-las t\u00e3o bagun\u00e7adas que n\u00e3o conseguem se organizar em um ciclone. A umidade precisa estar na medida certa.<\/p>\n<p>\u201cPela primeira vez, estamos vendo que esse \u00e9 realmente o caso\u201d, disse a autora principal do estudo, Kelly N\u00fa\u00f1ez Ocasio, que tamb\u00e9m \u00e9 professora associada na Texas A&#038;M University. \u201cEstamos vendo isso agora mesmo na temporada de furac\u00f5es do Atl\u00e2ntico.\u201d<\/p>\n<p>O cen\u00e1rio pode acontecer com mais frequ\u00eancia \u00e0 medida que o mundo continua a aquecer porque a atmosfera reter\u00e1 mais umidade. Mais pesquisas s\u00e3o necess\u00e1rias para determinar definitivamente a mudan\u00e7a ao longo do tempo, N\u00fa\u00f1ez Ocasio alertou.<\/p>\n<p>Condi\u00e7\u00f5es muito quentes associadas \u00e0 crise clim\u00e1tica tanto na superf\u00edcie da Terra quanto nas camadas mais altas da atmosfera tamb\u00e9m est\u00e3o limitando a energia ca\u00f3tica dispon\u00edvel que os sistemas tropicais precisam para se formar.<\/p>\n<p>Juntamente com o aquecimento na superf\u00edcie, at\u00e9 mesmo os n\u00edveis mais altos da troposfera \u2013 a camada da Terra onde toda a vida e a maior parte do clima acontecem \u2013 est\u00e3o a aquecer ao longo do tempo, um <a href=\"https:\/\/www.nature.com\/articles\/s41598-023-28222-x#Sec4\">Estudo de 2023<\/a> publicado no peri\u00f3dico Nature descobriu. Essa tend\u00eancia poderia potencialmente manter a tempestade no Atl\u00e2ntico muito mais contida durante a parte mais quente do ano, semelhante ao que aconteceu este ano.<\/p>\n<p>A estranheza do clima significa que n\u00e3o h\u00e1 perspectivas imediatas de tempestades leg\u00edtimas. Se nenhuma tempestade se desenvolver at\u00e9 o pico t\u00edpico da temporada de furac\u00f5es em 10 de setembro, isso marcaria uma sequ\u00eancia de calmaria de pico da temporada <a href=\"https:\/\/michaelrlowry.substack.com\/p\/still-no-immediate-signs-of-development\">inigual\u00e1vel em quase 100 anos<\/a>de acordo com o especialista em furac\u00f5es Michael Lowry.<\/p>\n<p>Ainda assim, especialistas alertam que a temporada ainda n\u00e3o acabou e pode dar sinais de vida em breve.<\/p>\n<p>Mais de 40% de toda a atividade tropical em uma temporada t\u00edpica ocorre depois de 10 de setembro, ent\u00e3o h\u00e1 muitos precedentes de tempestades para revigorar o Atl\u00e2ntico nos meses seguintes.<\/p>\n<p>Klotzbach acredita que a temporada pode recome\u00e7ar na segunda quinzena de setembro, quando esses fatores limitantes podem come\u00e7ar a diminuir.<\/p>\n<p>E \u00e0 medida que a temporada avan\u00e7a, a \u00e1rea onde as tempestades come\u00e7am a se formar no final da temporada de furac\u00f5es se aproxima do Caribe e da costa dos EUA, incluindo o Golfo do M\u00e9xico, que \u00e9 <a href=\"https:\/\/x.com\/BMcNoldy\/status\/1831330796621447345\">recorde-quente<\/a>. Al\u00e9m disso, espera-se que o fen\u00f4meno La Ni\u00f1a se intensifique durante o outono e possa impulsionar a atividade em outubro e novembro.<\/p>\n<p>Qualquer pessoa em \u00e1reas de risco de impactos tropicais n\u00e3o deve baixar a guarda por causa da recente calmaria na atividade.<\/p>\n<p>As tempestades \u201cvoltar\u00e3o\u201d, Klotzbach advertiu. \u201cAinda n\u00e3o vejo esta temporada terminando bem.\u201d<\/p>\n<p><em>The-CNN-Wire\u2122 &#038; \u00a9 2024 Cable News Network, Inc., uma empresa Time Warner. Todos os direitos reservados.<\/em><\/p>\n<div class=\"wp-block-newsletter\">\n\t<strong class=\"wp-block-newsletter__title\">Inscreva-se em nossa Newsletter para receber as \u00faltimas not\u00edcias diretamente na sua caixa de entrada<\/strong><\/p>\n<\/div><\/div>\n<p><br \/>\n<br \/><a href=\"https:\/\/wsvn.com\/news\/us-world\/this-hurricane-season-is-confounding-experts-and-defying-forecasts-what-the-heck-is-going-on\/\">Source link <\/a><\/p>","protected":false},"excerpt":{"rendered":"<p>(CNN) \u2014 \u00c9 o come\u00e7o de setembro \u2013 o que deveria ser o per\u00edodo mais movimentado da temporada de furac\u00f5es. Os meteorologistas previram que este seria ruim: tempestade ap\u00f3s tempestade,&hellip;<\/p>","protected":false},"author":1,"featured_media":33559,"comment_status":"closed","ping_status":"open","sticky":false,"template":"","format":"standard","meta":{"content-type":"","footnotes":""},"categories":[1],"tags":[],"class_list":["post-33558","post","type-post","status-publish","format-standard","has-post-thumbnail","hentry","category-uncategorized"],"_links":{"self":[{"href":"https:\/\/tvbrazilusa.com\/pt\/wp-json\/wp\/v2\/posts\/33558","targetHints":{"allow":["GET"]}}],"collection":[{"href":"https:\/\/tvbrazilusa.com\/pt\/wp-json\/wp\/v2\/posts"}],"about":[{"href":"https:\/\/tvbrazilusa.com\/pt\/wp-json\/wp\/v2\/types\/post"}],"author":[{"embeddable":true,"href":"https:\/\/tvbrazilusa.com\/pt\/wp-json\/wp\/v2\/users\/1"}],"replies":[{"embeddable":true,"href":"https:\/\/tvbrazilusa.com\/pt\/wp-json\/wp\/v2\/comments?post=33558"}],"version-history":[{"count":1,"href":"https:\/\/tvbrazilusa.com\/pt\/wp-json\/wp\/v2\/posts\/33558\/revisions"}],"predecessor-version":[{"id":33560,"href":"https:\/\/tvbrazilusa.com\/pt\/wp-json\/wp\/v2\/posts\/33558\/revisions\/33560"}],"wp:featuredmedia":[{"embeddable":true,"href":"https:\/\/tvbrazilusa.com\/pt\/wp-json\/wp\/v2\/media\/33559"}],"wp:attachment":[{"href":"https:\/\/tvbrazilusa.com\/pt\/wp-json\/wp\/v2\/media?parent=33558"}],"wp:term":[{"taxonomy":"category","embeddable":true,"href":"https:\/\/tvbrazilusa.com\/pt\/wp-json\/wp\/v2\/categories?post=33558"},{"taxonomy":"post_tag","embeddable":true,"href":"https:\/\/tvbrazilusa.com\/pt\/wp-json\/wp\/v2\/tags?post=33558"}],"curies":[{"name":"wp","href":"https:\/\/api.w.org\/{rel}","templated":true}]}}