{"id":33633,"date":"2024-09-08T02:07:50","date_gmt":"2024-09-08T02:07:50","guid":{"rendered":"https:\/\/tvbrazilusa.com\/2024\/09\/08\/video-manifestantes-se-concentram-para-ato-com-o-ex-presidente-jair-bolsonaro-na-avenida-paulista\/"},"modified":"2024-09-08T02:07:51","modified_gmt":"2024-09-08T02:07:51","slug":"video-manifestantes-se-concentram-para-ato-com-o-ex-presidente-jair-bolsonaro-na-avenida-paulista","status":"publish","type":"post","link":"https:\/\/tvbrazilusa.com\/pt\/2024\/09\/08\/video-manifestantes-se-concentram-para-ato-com-o-ex-presidente-jair-bolsonaro-na-avenida-paulista\/","title":{"rendered":"V\u00cdDEO: Manifestantes se concentram para ato com o ex-presidente Jair Bolsonaro na Avenida Paulista"},"content":{"rendered":"<p> <script async src=\"https:\/\/pagead2.googlesyndication.com\/pagead\/js\/adsbygoogle.js?client=ca-pub-8864793242727901\"\r\n     crossorigin=\"anonymous\"><\/script><br \/>\n<\/p>\n<div id=\"taboola-read-more\" style=\"display:block; width:100%\">\n<p><a href=\"https:\/\/www.instagram.com\/reel\/C_n7z4bJGP0\/?igsh=MWYxbnc0NWtvbXVseQ==\">https:\/\/www.instagram.com\/reel\/C_n7z4bJGP0\/?igsh=MWYxbnc0NWtvbXVseQ==<\/a><\/p>\n<p>Imagens: Sam Pancher\/Metr\u00f3poles<\/p>\n<p>Apoiadores do ex-presidente Jair Bolsonaro (PL) se concentram em parte da avenida Paulista, na regi\u00e3o central de S\u00e3o Paulo, na tarde deste s\u00e1bado (7). Bolsonaro cumprimentou apoiadores e subiu no caminh\u00e3o de som ao lado do governador de S\u00e3o Paulo, Tarc\u00edsio de Freitas (Republicanos), e dos filhos, o deputado federal Eduardo Bolsonaro (PL-SP) e o senador Fl\u00e1vio Bolsonaro (PL-SP) pouco depois das 14h. O prefeito Ricardo Nunes (MDB) tamb\u00e9m estava no ve\u00edculo, mas n\u00e3o foi anunciado.<\/p>\n<p>No mesmo trio estavam ainda o pastor Silas Malafaia ao lado de um grupo de legisladores bolsonaristas, como os senadores Magno Malta (PL) e Marcos Pontes (PL) e os deputados federais Mario Frias (PL) e Ricardo Salles (Novo). Antes dos discursos, o caminh\u00e3o mesclava falas religiosas, par\u00f3dias de funks e odes a Bolsonaro.<\/p>\n<p>O ex-presidente esteve em hospital na manh\u00e3 deste s\u00e1bado, em S\u00e3o Paulo, porque, segundo seu entorno, se sentiu mal em decorr\u00eancia de uma gripe. Ele, por\u00e9m, manteve a ida ao ato.<\/p>\n<p>Na v\u00e9spera, o ex-presidente afirmou, em um discurso a apoiadores em Juiz de Fora (MG), que a manifesta\u00e7\u00e3o seria feita para desafiar o que ele chama de \u201csistema\u201d e para pedir a sa\u00edda de Moraes, a quem chamou de ditador.<\/p>\n<p><strong>Folhapress<\/strong><\/p>\n<\/p><\/div>\n<p><script async src=\"\/\/www.instagram.com\/embed.js\"><\/script><br \/>\n<br \/><br \/>\n<br \/><a href=\"https:\/\/diariodobrasilnoticias.com.br\/noticia\/video-manifestantes-se-concentram-para-ato-com-o-ex-presidente-jair-bolsonaro-na-avenida-paulista-66dc98d6d99a0\">Source link <\/a><\/p>","protected":false},"excerpt":{"rendered":"<p>https:\/\/www.instagram.com\/reel\/C_n7z4bJGP0\/?igsh=MWYxbnc0NWtvbXVseQ== Imagens: Sam Pancher\/Metr\u00f3poles Apoiadores do ex-presidente Jair Bolsonaro (PL) se concentram em parte da avenida Paulista, na regi\u00e3o central de S\u00e3o Paulo, na tarde deste s\u00e1bado (7). Bolsonaro cumprimentou&hellip;<\/p>","protected":false},"author":1,"featured_media":33634,"comment_status":"closed","ping_status":"open","sticky":false,"template":"","format":"standard","meta":{"content-type":"","footnotes":""},"categories":[16],"tags":[123,2448,5313,1267],"class_list":["post-33633","post","type-post","status-publish","format-standard","has-post-thumbnail","hentry","category-noticias","tag-brasil","tag-diario","tag-noticia","tag-noticias"],"_links":{"self":[{"href":"https:\/\/tvbrazilusa.com\/pt\/wp-json\/wp\/v2\/posts\/33633","targetHints":{"allow":["GET"]}}],"collection":[{"href":"https:\/\/tvbrazilusa.com\/pt\/wp-json\/wp\/v2\/posts"}],"about":[{"href":"https:\/\/tvbrazilusa.com\/pt\/wp-json\/wp\/v2\/types\/post"}],"author":[{"embeddable":true,"href":"https:\/\/tvbrazilusa.com\/pt\/wp-json\/wp\/v2\/users\/1"}],"replies":[{"embeddable":true,"href":"https:\/\/tvbrazilusa.com\/pt\/wp-json\/wp\/v2\/comments?post=33633"}],"version-history":[{"count":1,"href":"https:\/\/tvbrazilusa.com\/pt\/wp-json\/wp\/v2\/posts\/33633\/revisions"}],"predecessor-version":[{"id":33635,"href":"https:\/\/tvbrazilusa.com\/pt\/wp-json\/wp\/v2\/posts\/33633\/revisions\/33635"}],"wp:featuredmedia":[{"embeddable":true,"href":"https:\/\/tvbrazilusa.com\/pt\/wp-json\/wp\/v2\/media\/33634"}],"wp:attachment":[{"href":"https:\/\/tvbrazilusa.com\/pt\/wp-json\/wp\/v2\/media?parent=33633"}],"wp:term":[{"taxonomy":"category","embeddable":true,"href":"https:\/\/tvbrazilusa.com\/pt\/wp-json\/wp\/v2\/categories?post=33633"},{"taxonomy":"post_tag","embeddable":true,"href":"https:\/\/tvbrazilusa.com\/pt\/wp-json\/wp\/v2\/tags?post=33633"}],"curies":[{"name":"wp","href":"https:\/\/api.w.org\/{rel}","templated":true}]}}