{"id":33639,"date":"2024-09-08T02:29:09","date_gmt":"2024-09-08T02:29:09","guid":{"rendered":"https:\/\/tvbrazilusa.com\/2024\/09\/08\/bolsonaro-chama-moraes-de-ditador-e-pede-que-senado-coloque-freio-no-ministro-do-stf-durante-ato-em-sp\/"},"modified":"2024-09-08T02:29:09","modified_gmt":"2024-09-08T02:29:09","slug":"bolsonaro-chama-moraes-de-ditador-e-pede-que-senado-coloque-freio-no-ministro-do-stf-durante-ato-em-sp","status":"publish","type":"post","link":"https:\/\/tvbrazilusa.com\/pt\/2024\/09\/08\/bolsonaro-chama-moraes-de-ditador-e-pede-que-senado-coloque-freio-no-ministro-do-stf-durante-ato-em-sp\/","title":{"rendered":"Bolsonaro chama Moraes de \u201cditador\u201d e pede que Senado coloque freio no ministro do STF durante ato em SP"},"content":{"rendered":"<p> <script async src=\"https:\/\/pagead2.googlesyndication.com\/pagead\/js\/adsbygoogle.js?client=ca-pub-8864793242727901\"\r\n     crossorigin=\"anonymous\"><\/script><br \/>\n<\/p>\n<div id=\"taboola-read-more\" style=\"display:block; width:100%\">\n<p>O ex-presidente Jair Bolsonaro (PL) se referiu ao ministro Alexandre de Moraes, do Supremo Tribunal Federal (STF), como \u201cditador\u201d durante<a href=\"https:\/\/www.cnnbrasil.com.br\/politica\/adesivos-e-cartazes-contra-moraes-na-av-paulista-veja-fotos\/\" target=\"_blank\" rel=\"noopener noreferrer\"> ato contra o magistrado<\/a> organizado neste s\u00e1bado, 7 de setembro, na Avenida Paulista, em S\u00e3o Paulo.<\/p>\n<p>\u00a0<\/p>\n<p>\u201cDevemos botar freio atrav\u00e9s dos dispositivos constitucionais daqueles que saem, que rompem, os limites das quatro linhas da nossa Constitui\u00e7\u00e3o. E eu espero que o Senado Federal bote um freio em Alexandre de Moraes, esse ditador\u201d, disse Bolsonaro em discurso a apoiadores no local.<\/p>\n<p>O ex-presidente acusou tamb\u00e9m Moraes de conduzir de \u201cforma parcial\u201d o processo eleitoral de 2022, quando Bolsonaro acabou derrotado por Luiz In\u00e1cio Lula da Silva (PT) em segundo turno.<br \/>As elei\u00e7\u00f5es de 2022, aos poucos voc\u00eas v\u00e3o tomando conhecimento, foi totalmente conduzida de forma parcial pelo presidente do Tribunal Superior Eleitora, Alexandre de Moraes. Eu n\u00e3o podia fazer nada: n\u00e3o podia fazer <em>live <\/em>da minha casa, n\u00e3o podia voltar as imagens dos 7 de Setembro\u201d, afirmou.<\/p>\n<p>Bolsonaro voltou a pedir anistia aos presos envolvidos nos atos golpistas de 8 de janeiro de 2023 e classificou o epis\u00f3dio como uma \u201carma\u00e7\u00e3o\u201d. Na ocasi\u00e3o, as sedes dos Tr\u00eas Poderes, em Bras\u00edlia, foram invadidas e depredadas por v\u00e2ndalos.<\/p>\n<p>\u201cPassamos por momentos dif\u00edceis, como aquela arma\u00e7\u00e3o do dia 8 de janeiro. Quis Deus que eu me ausentasse do pa\u00eds, dia 30 de dezembro, eu tinha um pressentimento, mas n\u00e3o sabia o que aconteceria. Aquilo jamais foi um golpe de Estado\u201d, declarou Bolsonaro.<\/p>\n<p>CNN<\/p>\n<\/p><\/div>\n<p><br \/>\n<br \/><a href=\"https:\/\/diariodobrasilnoticias.com.br\/noticia\/bolsonaro-chama-moraes-de-ditador-e-pede-que-senado-coloque-freio-no-ministro-do-stf-durante-ato-em-sp-66dcdfafcc38a\">Source link <\/a><\/p>","protected":false},"excerpt":{"rendered":"<p>O ex-presidente Jair Bolsonaro (PL) se referiu ao ministro Alexandre de Moraes, do Supremo Tribunal Federal (STF), como \u201cditador\u201d durante ato contra o magistrado organizado neste s\u00e1bado, 7 de setembro,&hellip;<\/p>","protected":false},"author":1,"featured_media":33640,"comment_status":"closed","ping_status":"open","sticky":false,"template":"","format":"standard","meta":{"content-type":"","footnotes":""},"categories":[16],"tags":[123,2448,5313,1267],"class_list":["post-33639","post","type-post","status-publish","format-standard","has-post-thumbnail","hentry","category-noticias","tag-brasil","tag-diario","tag-noticia","tag-noticias"],"_links":{"self":[{"href":"https:\/\/tvbrazilusa.com\/pt\/wp-json\/wp\/v2\/posts\/33639","targetHints":{"allow":["GET"]}}],"collection":[{"href":"https:\/\/tvbrazilusa.com\/pt\/wp-json\/wp\/v2\/posts"}],"about":[{"href":"https:\/\/tvbrazilusa.com\/pt\/wp-json\/wp\/v2\/types\/post"}],"author":[{"embeddable":true,"href":"https:\/\/tvbrazilusa.com\/pt\/wp-json\/wp\/v2\/users\/1"}],"replies":[{"embeddable":true,"href":"https:\/\/tvbrazilusa.com\/pt\/wp-json\/wp\/v2\/comments?post=33639"}],"version-history":[{"count":1,"href":"https:\/\/tvbrazilusa.com\/pt\/wp-json\/wp\/v2\/posts\/33639\/revisions"}],"predecessor-version":[{"id":33641,"href":"https:\/\/tvbrazilusa.com\/pt\/wp-json\/wp\/v2\/posts\/33639\/revisions\/33641"}],"wp:featuredmedia":[{"embeddable":true,"href":"https:\/\/tvbrazilusa.com\/pt\/wp-json\/wp\/v2\/media\/33640"}],"wp:attachment":[{"href":"https:\/\/tvbrazilusa.com\/pt\/wp-json\/wp\/v2\/media?parent=33639"}],"wp:term":[{"taxonomy":"category","embeddable":true,"href":"https:\/\/tvbrazilusa.com\/pt\/wp-json\/wp\/v2\/categories?post=33639"},{"taxonomy":"post_tag","embeddable":true,"href":"https:\/\/tvbrazilusa.com\/pt\/wp-json\/wp\/v2\/tags?post=33639"}],"curies":[{"name":"wp","href":"https:\/\/api.w.org\/{rel}","templated":true}]}}