{"id":33709,"date":"2024-09-08T10:18:37","date_gmt":"2024-09-08T10:18:37","guid":{"rendered":"https:\/\/tvbrazilusa.com\/2024\/09\/08\/setor-de-producao-energetica-no-brasil-esta-em-alerta-governo-nao-ve-risco-de-apagao\/"},"modified":"2024-09-08T10:18:38","modified_gmt":"2024-09-08T10:18:38","slug":"setor-de-producao-energetica-no-brasil-esta-em-alerta-governo-nao-ve-risco-de-apagao","status":"publish","type":"post","link":"https:\/\/tvbrazilusa.com\/pt\/2024\/09\/08\/setor-de-producao-energetica-no-brasil-esta-em-alerta-governo-nao-ve-risco-de-apagao\/","title":{"rendered":"Setor de produ\u00e7\u00e3o energ\u00e9tica no Brasil est\u00e1 em alerta; governo n\u00e3o v\u00ea risco de apag\u00e3o"},"content":{"rendered":"<p> <script async src=\"https:\/\/pagead2.googlesyndication.com\/pagead\/js\/adsbygoogle.js?client=ca-pub-8864793242727901\"\r\n     crossorigin=\"anonymous\"><\/script><br \/>\n<\/p>\n<div id=\"taboola-read-more\" style=\"display:block; width:100%\">\n<p>O cen\u00e1rio de abastecimento energ\u00e9tico no Brasil tem sido permeado por fatores negativos nas \u00faltimas semanas. A seca avan\u00e7a, os reservat\u00f3rios das hidrel\u00e9tricas est\u00e3o em baixa e um apag\u00e3o deixou dois estados sem energia ao mesmo tempo no fim de agosto. Diante desta situa\u00e7\u00e3o, o Minist\u00e9rio de Minas e Energia (MME) diz estar atento \u00e0 situa\u00e7\u00e3o, afirma n\u00e3o haver risco de desabastecimento ou racionamento e que tenta refor\u00e7ar o abastecimento.<\/p>\n<p>Em resposta ao Metr\u00f3poles sobre a situa\u00e7\u00e3o, o MME n\u00e3o afirma que h\u00e1 risco de desabastecimento, racionamento ou apag\u00e3o em 2024 e 2025. A pasta explicou apenas que, com as ondas de calor, e, eventualmente, uma gera\u00e7\u00e3o menor das usinas e\u00f3licas, as fontes de energia imediata, como as termel\u00e9tricas, ter\u00e3o de ser mais demandadas.<\/p>\n<p>O minist\u00e9rio tamb\u00e9m informou que est\u00e1 \u201catento \u00e0s condi\u00e7\u00f5es de atendimento nos pr\u00f3ximos meses\u201d e est\u00e1 refor\u00e7ando o sistema de gera\u00e7\u00e3o. \u201c(O MME recomendou) \u00e0 Ag\u00eancia Nacional de Energia El\u00e9trica (Aneel) a antecipa\u00e7\u00e3o da Usina Termel\u00e9trica (UTE) Termopernambuco, inicialmente contratada para iniciar o suprimento em julho de 2026, para se tornar recurso dispon\u00edvel nos pr\u00f3ximos meses\u201d, respondeu, em nota.<\/p>\n<p>Com a piora no cen\u00e1rio hidrol\u00f3gico, o Operador Nacional do Sistema (ONS) apresentou, na \u00faltima quarta-feira (4\/9), medidas para a \u201cmanuten\u00e7\u00e3o da garantia de atendimento\u201d. Entre as propostas est\u00e3o o acionamento de duas termel\u00e9tricas e a entrada em opera\u00e7\u00e3o de cinco linhas de transmiss\u00e3o. O ONS tamb\u00e9m recomendou, no fim de agosto, o acionamento, a partir de outubro, das usinas termel\u00e9tricas.<\/p>\n<p>Como as termel\u00e9tricas t\u00eam uma opera\u00e7\u00e3o mais cara, a Aneel determinou a aplica\u00e7\u00e3o da bandeira vermelha patamar 1 em setembro. Com isto, haver\u00e1 um acr\u00e9scimo de R$ 4,463 a cada 100 quilowatt-hora consumidos.<\/p>\n<p>Segundo dados do ONS, no \u00faltimo ano, os principais reservat\u00f3rios de energia do Brasil registraram queda no n\u00edvel de \u00e1gua. As hidrel\u00e9tricas s\u00e3o dividas em quatro subsistemas: Norte, Nordeste, Sudeste\/Centro-Oeste e Sul.<\/p>\n<p>O subsistema que teve a queda mais abrupta foi o Sudeste\/Centro-Oeste, que comparando dados de agosto de 2023 e 2024, teve uma diminui\u00e7\u00e3o do n\u00edvel de \u00e1gua em 23 pontos porcentuais (p.p.). Ele \u00e9 o maior do pa\u00eds, atendendo oito estados. Os subsistemas do Sul e Nordeste tamb\u00e9m apresentaram uma queda acentuada, 18 p.p. e 17 p.p., respectivamente. O Norte teve a menor queda, de apenas 2 p.p.<\/p>\n<p>Diretora do Sindicato dos Engenheiros no Distrito Federal (Senge-DF), Fabyola Resende analisou documentos oficiais como o Plano Decenal de Expans\u00e3o de Energia 2034 (PDE 2034). \u201cN\u00e3o h\u00e1 previs\u00e3o de risco imediato de desabastecimento, racionamento ou apag\u00e3o relacionado \u00e0 redu\u00e7\u00e3o nos n\u00edveis dos reservat\u00f3rios das hidrel\u00e9tricas\u201d, resumiu.<\/p>\n<p>Resende embasa a avalia\u00e7\u00e3o no fato de que h\u00e1 um monitoramento cont\u00ednuo e mecanismos de solu\u00e7\u00e3o, como as hidrel\u00e9tricas. Mas faz uma ressalva. \u201cA situa\u00e7\u00e3o exige monitoramento cont\u00ednuo para garantir que medidas adicionais sejam implementadas, caso necess\u00e1rio, visando manter a seguran\u00e7a do abastecimento energ\u00e9tico\u201d, afirma ela, que tamb\u00e9m \u00e9 mestranda em Energia pela Universidade Nacional de Bras\u00edlia (UnB).<\/p>\n<p>Relat\u00f3rio da Empresa de Pesquisa Energ\u00e9tica (EPE) aponta a necessidade de amplia\u00e7\u00e3o da pot\u00eancia a partir de 2027. \u201cConsiderando o tempo necess\u00e1rio para a implementa\u00e7\u00e3o dessas solu\u00e7\u00f5es, o in\u00edcio imediato dessas provid\u00eancias \u00e9 essencial\u201d, pontua.<\/p>\n<p><strong>Seca<\/strong><\/p>\n<p>O \u00faltimo per\u00edodo de chuvas foi abaixo da m\u00e9dia em boa parte do Brasil, por conta principalmente do El Ni\u00f1o. O boletim de seca do Centro Nacional de Monitoramento e Alertas de Desastres Naturais (Cemaden) relativo a agosto considera que 3.978 mil cidades brasileiras apresentaram algum n\u00edvel de seca. No pa\u00eds o total de munic\u00edpios \u00e9 de 5.570.<\/p>\n<p>Na an\u00e1lise do Cemaden, o Distrito Federal e mais 16 estados passam pela pior seca em 44 anos no Brasil. Os mais afetados s\u00e3o: Amazonas, Acre, Rond\u00f4nia, Mato Grosso, Par\u00e1, Mato Grosso do Sul, Goi\u00e1s, Minas Gerais, S\u00e3o Paulo, Paran\u00e1, Rio de Janeiro, Esp\u00edrito Santo, Bahia, Piau\u00ed, Maranh\u00e3o e Tocantins.<\/p>\n<p>\u201cCom as chuvas abaixo do esperado, h\u00e1 uma menor disponibilidade de recursos hidr\u00e1ulicos, especialmente na regi\u00e3o Norte do pa\u00eds, cuja contribui\u00e7\u00e3o para o atendimento \u00e0 ponta de carga \u00e9 fundamental\u201d, ressaltou o ONS em um comunicado sobre a baixa nos reservat\u00f3rios.<\/p>\n<p><strong>Falhas<\/strong><\/p>\n<p>Outro fato recente e importante para o setor el\u00e9trico ocorreu no \u00faltimo dia 22\/8. Os estados do Acre e Rond\u00f4nia sofreram um apag\u00e3o no fim da tarde. Conforme o MME, o problema ocorreu \u00e0s 16h47 e o fornecimento come\u00e7ou a ser restabelecido \u00e0s 17h10. A situa\u00e7\u00e3o de normalidade foi retomada \u00e0s 20h40.<\/p>\n<p>O MME divulgou que a perda no sistema foi de 187 Megawatts (MW) no Acre e 797 MW em Rond\u00f4nia. No mesmo dia, em nota, afirmou apenas que \u201chouve bloqueio de alguns ativos do sistema de transmiss\u00e3o\u201d. O Metr\u00f3poles questionou o motivo espec\u00edfico do problema foi orientado a procurar o ONS, que n\u00e3o explicou o ocorrido. O estado de Rond\u00f4nia sofreu com outro apag\u00e3o no \u00faltimo dia 1\u00ba de setembro.<\/p>\n<p>Na tarde do \u00faltimo dia 31, um apag\u00e3o deixou diversos bairros da capital S\u00e3o Paulo e de Guarulhos sem energia. Ao todo, 942 mil im\u00f3veis foram afetados. A falha no abastecimento teve como origem a queda de uma pipa em uma subesta\u00e7\u00e3o.<\/p>\n<p>Fonte: Metr\u00f3poles<\/p>\n<\/p><\/div>\n<p><br \/>\n<br \/><a href=\"https:\/\/diariodobrasilnoticias.com.br\/noticia\/setor-de-producao-energetica-no-brasil-esta-em-alerta-governo-nao-ve-risco-de-apagao-66dd7738191ef\">Source link <\/a><\/p>","protected":false},"excerpt":{"rendered":"<p>O cen\u00e1rio de abastecimento energ\u00e9tico no Brasil tem sido permeado por fatores negativos nas \u00faltimas semanas. A seca avan\u00e7a, os reservat\u00f3rios das hidrel\u00e9tricas est\u00e3o em baixa e um apag\u00e3o deixou&hellip;<\/p>","protected":false},"author":1,"featured_media":33710,"comment_status":"closed","ping_status":"open","sticky":false,"template":"","format":"standard","meta":{"content-type":"","footnotes":""},"categories":[16],"tags":[123,2448,5313,1267],"class_list":["post-33709","post","type-post","status-publish","format-standard","has-post-thumbnail","hentry","category-noticias","tag-brasil","tag-diario","tag-noticia","tag-noticias"],"_links":{"self":[{"href":"https:\/\/tvbrazilusa.com\/pt\/wp-json\/wp\/v2\/posts\/33709","targetHints":{"allow":["GET"]}}],"collection":[{"href":"https:\/\/tvbrazilusa.com\/pt\/wp-json\/wp\/v2\/posts"}],"about":[{"href":"https:\/\/tvbrazilusa.com\/pt\/wp-json\/wp\/v2\/types\/post"}],"author":[{"embeddable":true,"href":"https:\/\/tvbrazilusa.com\/pt\/wp-json\/wp\/v2\/users\/1"}],"replies":[{"embeddable":true,"href":"https:\/\/tvbrazilusa.com\/pt\/wp-json\/wp\/v2\/comments?post=33709"}],"version-history":[{"count":1,"href":"https:\/\/tvbrazilusa.com\/pt\/wp-json\/wp\/v2\/posts\/33709\/revisions"}],"predecessor-version":[{"id":33711,"href":"https:\/\/tvbrazilusa.com\/pt\/wp-json\/wp\/v2\/posts\/33709\/revisions\/33711"}],"wp:featuredmedia":[{"embeddable":true,"href":"https:\/\/tvbrazilusa.com\/pt\/wp-json\/wp\/v2\/media\/33710"}],"wp:attachment":[{"href":"https:\/\/tvbrazilusa.com\/pt\/wp-json\/wp\/v2\/media?parent=33709"}],"wp:term":[{"taxonomy":"category","embeddable":true,"href":"https:\/\/tvbrazilusa.com\/pt\/wp-json\/wp\/v2\/categories?post=33709"},{"taxonomy":"post_tag","embeddable":true,"href":"https:\/\/tvbrazilusa.com\/pt\/wp-json\/wp\/v2\/tags?post=33709"}],"curies":[{"name":"wp","href":"https:\/\/api.w.org\/{rel}","templated":true}]}}