{"id":3371,"date":"2024-07-18T02:05:06","date_gmt":"2024-07-18T02:05:06","guid":{"rendered":"https:\/\/tvbrazilusa.com\/2024\/07\/18\/se-o-cara-e-corintiano-tudo-bem-bater-na-mulher-paulo-figueiredo\/"},"modified":"2024-07-18T08:00:08","modified_gmt":"2024-07-18T08:00:08","slug":"se-o-cara-e-corintiano-tudo-bem-bater-na-mulher-paulo-figueiredo","status":"publish","type":"post","link":"https:\/\/tvbrazilusa.com\/pt\/2024\/07\/18\/se-o-cara-e-corintiano-tudo-bem-bater-na-mulher-paulo-figueiredo\/","title":{"rendered":"\u2018Se o cara \u00e9 corintiano, tudo bem bater na mulher\u2019 &#8211; Paulo Figueiredo"},"content":{"rendered":"<p> <script async src=\"https:\/\/pagead2.googlesyndication.com\/pagead\/js\/adsbygoogle.js?client=ca-pub-8864793242727901\"\r\n     crossorigin=\"anonymous\"><\/script><br \/>\n<\/p>\n<div id=\"wtr-content\" data-bg=\"#FFFFFF\" data-fg=\"#006d91\" data-width=\"25\" data-mute=\"1\" data-fgopacity=\"1.00\" data-mutedopacity=\"0.5\" data-placement=\"bottom\" data-placement-offset=\"0\" data-content-offset=\"262\" data-placement-touch=\"bottom\" data-placement-offset-touch=\"0\" data-transparent=\"\" data-shadow=\"0\" data-touch=\"1\" data-non-touch=\"1\" data-comments=\"0\" data-commentsbg=\"transparent\" data-location=\"page\" data-mutedfg=\"#006d91\" data-endfg=\"#006d91\" data-rtl=\"\">\n<pre class=\"wp-block-preformatted has-small-font-size\">Foto - Reuters<\/pre>\n<h3 class=\"wp-block-heading\">Petista fez declara\u00e7\u00e3o enquanto comentava pesquisa que mostra aumento em \u00edndices de agress\u00e3o depois de partidas de futebol<\/h3>\n<p>Durante uma reuni\u00e3o com empres\u00e1rios do ramo aliment\u00edcio, realizada no Pal\u00e1cio do Planalto na ter\u00e7a-feira 16, o presidente\u00a0<strong>Luiz In\u00e1cio Lula da Silva<\/strong>\u00a0afirmou que, caso o agressor seja torcedor do\u00a0<strong>Corinthians<\/strong>, \u201ctudo bem bater na mulher\u201d.<\/p>\n<p>O petista fez a declara\u00e7\u00e3o enquanto comentava uma pesquisa que mostra um aumento nos \u00edndices de\u00a0<strong>viol\u00eancia<\/strong>\u00a0dom\u00e9stica depois de partidas de futebol. Lula ainda disse que o fen\u00f4meno \u00e9 \u201cinacredit\u00e1vel\u201d e \u201cparabenizou\u201d as mulheres presentes no encontro.<\/p>\n<figure class=\"wp-block-embed is-type-rich is-provider-twitter wp-block-embed-twitter\">\n<div class=\"wp-block-embed__wrapper\">\n<blockquote class=\"twitter-tweet\" data-width=\"550\" data-dnt=\"true\">\n<p lang=\"pt\" dir=\"ltr\">Durante uma reuni\u00e3o com empres\u00e1rios do ramo aliment\u00edcio, realizada no Pal\u00e1cio do Planalto na ter\u00e7a-feira 16, o presidente Luiz In\u00e1cio Lula da Silva afirmou que, caso o agressor seja torcedor do Corinthians, &#8220;tudo bem bater na mulher&#8221;. <a href=\"https:\/\/t.co\/IYPnjO5htA\">pic.twitter.com\/IYPnjO5htA<\/a><\/p>\n<p>\u2014 Revista Oeste (@revistaoeste) <a href=\"https:\/\/twitter.com\/revistaoeste\/status\/1813633905238716579?ref_src=twsrc%5Etfw\">July 17, 2024<\/a><\/p><\/blockquote>\n<\/div>\n<\/figure>\n<p>O presidente tamb\u00e9m afirmou que \u00e9 cobrado pela mulher, Janja, quando aparece em eventos e reuni\u00f5es somente ao lado de homens, com aus\u00eancia de mulheres nas discuss\u00f5es governamentais e pol\u00edticas.<\/p>\n<p>Em 11 de abril, dias depois das acusa\u00e7\u00f5es de viol\u00eancia dom\u00e9stica contra seu filho Lu\u00eds Cl\u00e1udio Lula da Silva ganharem repercuss\u00e3o, Lula afirmou que \u201cmulher n\u00e3o foi feita para apanhar\u201d.<\/p>\n<p><em>\u201cPara a mulher, a profiss\u00e3o \u00e9 mais importante, porque todos n\u00f3s sabemos que nesse pa\u00eds existe muita viol\u00eancia contra a mulher, e a viol\u00eancia muitas vezes ocorre dentro de casa, quando o marido n\u00e3o respeita a mulher\u201d, disse o petista, em discurso. \u201cEla ganha respeito e ela vai dizer para o marido: eu estou com voc\u00ea porque eu gosto de voc\u00ea e porque voc\u00ea me respeita, mas se voc\u00ea levantar a m\u00e3o pra mim, eu largo voc\u00ea e vou cuidar da minha fam\u00edlia porque mulher n\u00e3o foi feita para apanhar.\u201d<\/em><\/p>\n<p><strong>A ex-mulher do filho do presidente veio a p\u00fablico em 2 de mar\u00e7o para relatar as agress\u00f5es sofridas durante os dois anos de relacionamento<\/strong>, que se intensificaram meses antes do rompimento do casal. Nat\u00e1lia registrou um boletim de ocorr\u00eancia eletr\u00f4nico contra Lu\u00eds Cl\u00e1udio na Delegacia da Mulher de S\u00e3o Paulo.<\/p>\n<p>Uma medida protetiva j\u00e1 foi emitida. No boletim de ocorr\u00eancia, a m\u00e9dica contou que ela foi \u201cmanipulada e amea\u00e7ada\u201d para n\u00e3o denunciar as agress\u00f5es. Ele dizia que, por ser filho de Lula, tem \u201cinflu\u00eancia para se safar das acusa\u00e7\u00f5es\u201d.<\/p>\n<p>Luis Cl\u00e1udio foi preparador f\u00edsico do Corinthians entre 2008 e 2010, quando participou da equipe t\u00e9cnica de Mano Meneses.<\/p>\n<h3 class=\"wp-block-heading\">Lula tem hist\u00f3rico de falas controversas sobre mulheres<\/h3>\n<p>Al\u00e9m de nunca ter se pronunciado sobre as acusa\u00e7\u00f5es da m\u00e9dica Nat\u00e1lia Schincariol contra seu filho, Lula tem hist\u00f3rico de declara\u00e7\u00f5es controversas sobre assuntos relacionados \u00e0s mulheres.<\/p>\n<p>Em 2022, durante um discurso no Vale do Anhangaba\u00fa, em S\u00e3o Paulo, o petista disse que, caso algu\u00e9m quisesse agredir mulheres, este deveria \u201cbater em outro lugar, mas n\u00e3o na sua casa ou no Brasil\u201d.<\/p>\n<figure class=\"wp-block-embed is-type-rich is-provider-twitter wp-block-embed-twitter\"\/>\n<p>O presidente tamb\u00e9m apresentou postura mis\u00f3gina em acontecimentos recentes. Em mar\u00e7o, Lula afirmou que a l\u00edder da oposi\u00e7\u00e3o venezuelana, Mar\u00eda Corina Machado, estava \u201cchorando\u201d por ter sido impedida de participar das elei\u00e7\u00f5es.<\/p>\n<p>Durante uma entrega do Minha Casa Minha Vida, em 20 de junho, o petista constrangeu,\u00a0<strong>mais uma vez<\/strong>, uma mulher por sua quantidade de filhos.<\/p>\n<p>\u201cVeja aquela menina que veio aqui com tr\u00eas crian\u00e7as\u201d, iniciou Lula ao constranger a mulher. \u201cAquela mo\u00e7a tem 25 anos de idade. Ela tem tr\u00eas filhos. Eu falei para ela: \u2018Minha filha, a primeira coisa que voc\u00ea tem que fazer \u00e9 parar de ter filho, porque voc\u00ea j\u00e1 tem tr\u00eas\u2019.\u201d<\/p>\n<p>O presidente revelou que ainda teria conversado com a jovem sobre a quest\u00e3o dos estudos. \u201cE falei que ela tem que estudar, porque agora ela tem tr\u00eas filhos para cuidar\u201d, afirmou.\u00a0<\/p>\n<figure class=\"wp-block-embed is-type-rich is-provider-twitter wp-block-embed-twitter\">\n<div class=\"wp-block-embed__wrapper\">\n<blockquote class=\"twitter-tweet\" data-width=\"550\" data-dnt=\"true\">\n<p lang=\"pt\" dir=\"ltr\">Ao participar do evento de entrega de conjuntos habitacionais em Fortaleza (CE), o presidente Luiz In\u00e1cio Lula da Silva, pai de cinco, afirmou para uma mulher, m\u00e3e de tr\u00eas: &#8220;A primeira coisa que voc\u00ea tem que fazer \u00e9 parar de ter filho&#8221;. <a href=\"https:\/\/t.co\/dVK4q8R2cT\">pic.twitter.com\/dVK4q8R2cT<\/a><\/p>\n<p>\u2014 Revista Oeste (@revistaoeste) <a href=\"https:\/\/twitter.com\/revistaoeste\/status\/1803930306723901878?ref_src=twsrc%5Etfw\">June 20, 2024<\/a><\/p><\/blockquote>\n<\/div>\n<\/figure>\n<p>Em 2 de julho, no entanto, Lula exaltou a hist\u00f3ria de um homem que se casou com a mulher quando ela tinha 12 anos.<\/p>\n<blockquote class=\"wp-block-quote is-layout-flow wp-block-quote-is-layout-flow\">\n<p>\u201cQuero dizer para voc\u00eas que eu n\u00e3o acredito que tenha um cabra mais feliz que eu neste momento\u201d, disse o petista. \u201cPorque o prazer de cuidar das pessoas \u00e9 cuidar daquilo que \u00e9 necessidade b\u00e1sica das pessoas. Quando cheguei na casa do Felipe, que fui entregar as chaves para o Felipe, ele me disse que tem dez filhos. E que era para ter 13. E ele se casou com a menina, e ela tinha 12 anos, e ele est\u00e1 apaixonado por ela h\u00e1 28 anos.\u201d<\/p>\n<figure class=\"wp-block-embed is-type-rich is-provider-twitter wp-block-embed-twitter\"\/>\n<p>Conforme Lula, o homem est\u00e1 criando a fam\u00edlia \u201ccom muito carinho\u201d. \u201cEle \u00e9 catador de papel e ganha entre R$ 15 a R$ 20 por dia para sustentar a fam\u00edlia, e eu fiquei pensando que h\u00e1 muito tempo eu comprei uma casa, Felipe\u201d, disse Lula. \u201cEm 1975, eu comprei uma casa.\u201d<\/p>\n<p><strong><a href=\"https:\/\/revistaoeste.com\/politica\/lula-sobre-violencia-domestica-se-o-cara-e-corintiano-tudo-bem-bater-na-mulher\/\">Source link<\/a><\/strong><\/p>\n<\/blockquote>\n<\/div>\n<p><script async src=\"\/\/platform.twitter.com\/widgets.js\" charset=\"utf-8\"><\/script><br \/>\n<br \/><br \/>\n<br \/><a href=\"https:\/\/paulofigueiredoshow.com\/se-o-cara-e-corintiano-tudo-bem-bater-na-mulher\/\">Source link <\/a><\/p>","protected":false},"excerpt":{"rendered":"<p>Foto &#8211; Reuters Petista fez declara\u00e7\u00e3o enquanto comentava pesquisa que mostra aumento em \u00edndices de agress\u00e3o depois de partidas de futebol Durante uma reuni\u00e3o com empres\u00e1rios do ramo aliment\u00edcio, realizada&hellip;<\/p>","protected":false},"author":1,"featured_media":3372,"comment_status":"closed","ping_status":"open","sticky":false,"template":"","format":"standard","meta":{"content-type":"","footnotes":""},"categories":[16],"tags":[],"class_list":["post-3371","post","type-post","status-publish","format-standard","has-post-thumbnail","hentry","category-noticias"],"_links":{"self":[{"href":"https:\/\/tvbrazilusa.com\/pt\/wp-json\/wp\/v2\/posts\/3371","targetHints":{"allow":["GET"]}}],"collection":[{"href":"https:\/\/tvbrazilusa.com\/pt\/wp-json\/wp\/v2\/posts"}],"about":[{"href":"https:\/\/tvbrazilusa.com\/pt\/wp-json\/wp\/v2\/types\/post"}],"author":[{"embeddable":true,"href":"https:\/\/tvbrazilusa.com\/pt\/wp-json\/wp\/v2\/users\/1"}],"replies":[{"embeddable":true,"href":"https:\/\/tvbrazilusa.com\/pt\/wp-json\/wp\/v2\/comments?post=3371"}],"version-history":[{"count":1,"href":"https:\/\/tvbrazilusa.com\/pt\/wp-json\/wp\/v2\/posts\/3371\/revisions"}],"predecessor-version":[{"id":3373,"href":"https:\/\/tvbrazilusa.com\/pt\/wp-json\/wp\/v2\/posts\/3371\/revisions\/3373"}],"wp:featuredmedia":[{"embeddable":true,"href":"https:\/\/tvbrazilusa.com\/pt\/wp-json\/wp\/v2\/media\/3372"}],"wp:attachment":[{"href":"https:\/\/tvbrazilusa.com\/pt\/wp-json\/wp\/v2\/media?parent=3371"}],"wp:term":[{"taxonomy":"category","embeddable":true,"href":"https:\/\/tvbrazilusa.com\/pt\/wp-json\/wp\/v2\/categories?post=3371"},{"taxonomy":"post_tag","embeddable":true,"href":"https:\/\/tvbrazilusa.com\/pt\/wp-json\/wp\/v2\/tags?post=3371"}],"curies":[{"name":"wp","href":"https:\/\/api.w.org\/{rel}","templated":true}]}}