{"id":33718,"date":"2024-09-08T10:36:38","date_gmt":"2024-09-08T10:36:38","guid":{"rendered":"https:\/\/tvbrazilusa.com\/2024\/09\/08\/hoje-esta-claro-arejado-e-animado-com-o-calor-do-verao-a-caminho\/"},"modified":"2024-09-08T10:48:26","modified_gmt":"2024-09-08T10:48:26","slug":"hoje-esta-claro-arejado-e-animado-com-o-calor-do-verao-a-caminho","status":"publish","type":"post","link":"https:\/\/tvbrazilusa.com\/pt\/2024\/09\/08\/hoje-esta-claro-arejado-e-animado-com-o-calor-do-verao-a-caminho\/","title":{"rendered":"Hoje est\u00e1 claro, arejado e animado, com o calor do ver\u00e3o a caminho!"},"content":{"rendered":"<p> <script async src=\"https:\/\/pagead2.googlesyndication.com\/pagead\/js\/adsbygoogle.js?client=ca-pub-8864793242727901\"\r\n     crossorigin=\"anonymous\"><\/script><br \/>\n<\/p>\n<p>Depois do dia nublado e \u00famido de ontem, com chuvas torrenciais \u00e0 noite, o clima hoje ser\u00e1 muito melhor!<\/p>\n<p>Hoje com certeza ser\u00e1 o pico do fim de semana, pois estar\u00e1 claro, arejado, mas tamb\u00e9m animado! M\u00e1ximas apenas na casa dos 60 a quase 70\u00b0 com um vento arejado \u00e0s vezes. No geral, muito bom para todas as feiras locais, festivais e jogos de futebol, mas uma jaqueta leve ou moletom pode ser necess\u00e1rio.<\/p>\n<p>A pr\u00f3xima semana ser\u00e1 impressionante com m\u00e1ximas na casa dos 70 na segunda\/ter\u00e7a com tend\u00eancia de aquecimento. Que tal 80 na quarta, possivelmente at\u00e9 s\u00e1bado! Com certeza, clima de praia ou barco no fim da temporada, com a umidade tamb\u00e9m se mantendo bem confort\u00e1vel! <\/p>\n<p>Chuva? \u00c9 bem poss\u00edvel que a maioria fique completamente seca at\u00e9 o pr\u00f3ximo fim de semana!<\/p>\n<p>Muitas feiras acontecendo neste fim de semana! <a href=\"https:\/\/www.wtnh.com\/news\/connecticut\/your-2024-guide-to-fairs-and-festivals-in-connecticut\/\">CLIQUE AQUI <\/a>para a lista atualizada.<\/p>\n<p>Aqui est\u00e1 uma olhada em muitas \u00e1reas tropicais monitoradas pelo Centro Nacional de Furac\u00f5es.<\/p>\n<figure class=\"wp-block-image size-large\"><\/figure>\n<\/p>\n<p><strong>Hoje:<\/strong> Brilhante, arejado e animado! <em>Escolha do fim de semana!!! <\/em>M\u00e1ximas de 65-70\u00b0.<\/p>\n<figure class=\"wp-block-image size-full\"><img loading=\"lazy\" decoding=\"async\" width=\"1280\" height=\"720\" src=\"https:\/\/www.wtnh.com\/wp-content\/uploads\/sites\/100\/2024\/09\/Hour-By-Hour_RPM-4-KM_Sat-Rad-Temps-Wind-1.png?strip=1\" alt=\"\" class=\"wp-image-1954195\" \/><\/figure>\n<figure class=\"wp-block-image size-full\"><img loading=\"lazy\" decoding=\"async\" width=\"1280\" height=\"720\" src=\"https:\/\/www.wtnh.com\/wp-content\/uploads\/sites\/100\/2024\/09\/Hour-By-Hour1_RPM-4-KM_Sat-Rad-Temps-Wind-1.png?strip=1\" alt=\"\" class=\"wp-image-1954197\" \/><\/figure>\n<figure class=\"wp-block-image size-full\"><img loading=\"lazy\" decoding=\"async\" width=\"1280\" height=\"720\" src=\"https:\/\/www.wtnh.com\/wp-content\/uploads\/sites\/100\/2024\/09\/Hour-By-Hour2_RPM-4-KM_Sat-Rad-Temps-Wind-1.png?strip=1\" alt=\"\" class=\"wp-image-1954198\" \/><\/figure>\n<p><strong>Essa noite:<\/strong> Claro e fresco. M\u00ednimas de 40 a quase 50.<\/p>\n<p><strong>Segunda-feira: <\/strong>Come\u00e7o frio (40s)! Principalmente ensolarado e confort\u00e1vel. M\u00e1ximas na casa dos 70s.<\/p>\n<figure class=\"wp-block-image size-full\"><img loading=\"lazy\" decoding=\"async\" width=\"1280\" height=\"720\" src=\"https:\/\/www.wtnh.com\/wp-content\/uploads\/sites\/100\/2024\/09\/KEY-DMA-Tomorrow-Highs-5.png?strip=1\" alt=\"\" class=\"wp-image-1953590\" \/><\/figure>\n<p><strong>Ter\u00e7a-feira:<\/strong> Geralmente ensolarado e sazonal. M\u00e1ximas entre 25 e 27 graus Celsius.<\/p>\n<figure class=\"wp-block-image size-full\"><img loading=\"lazy\" decoding=\"async\" width=\"1280\" height=\"720\" src=\"https:\/\/www.wtnh.com\/wp-content\/uploads\/sites\/100\/2024\/09\/Hour-By-Hour_Euro-4.png?strip=1\" alt=\"\" class=\"wp-image-1953589\" \/><\/figure>\n<p><strong>Quarta-feira:<\/strong> Brilhante e quente com m\u00e1ximas na casa dos 27 graus Celsius.<\/p>\n<p><strong>Quinta-feira:<\/strong> Muito sol e calor, com m\u00e1ximas entre 27 e 27 graus Celsius.<\/p>\n<p><strong>Sexta-feira: <\/strong>Mais um dia ensolarado e quente com m\u00e1ximas em torno de 27 \u00b0C.<\/p>\n<p><strong>S\u00e1bado: <\/strong>Geralmente ensolarado, um pouco mais frio com m\u00e1ximas na casa dos 27 graus Celsius.<\/p>\n<p><strong>Domingo: <\/strong>Sol e nuvens. M\u00e1ximas na casa dos 70 graus.<\/p>\n<p><br \/>\n<br \/><a href=\"https:\/\/www.wtnh.com\/news\/bright-breezy-and-brisk-today-with-summer-warmth-on-the-way\/\">Source link <\/a><\/p>","protected":false},"excerpt":{"rendered":"<p>Depois do dia nublado e \u00famido de ontem, com chuvas torrenciais \u00e0 noite, o clima hoje ser\u00e1 muito melhor! Hoje com certeza ser\u00e1 o pico do fim de semana, pois&hellip;<\/p>","protected":false},"author":1,"featured_media":33719,"comment_status":"closed","ping_status":"open","sticky":false,"template":"","format":"standard","meta":{"content-type":"","footnotes":""},"categories":[1],"tags":[],"class_list":["post-33718","post","type-post","status-publish","format-standard","has-post-thumbnail","hentry","category-uncategorized"],"_links":{"self":[{"href":"https:\/\/tvbrazilusa.com\/pt\/wp-json\/wp\/v2\/posts\/33718","targetHints":{"allow":["GET"]}}],"collection":[{"href":"https:\/\/tvbrazilusa.com\/pt\/wp-json\/wp\/v2\/posts"}],"about":[{"href":"https:\/\/tvbrazilusa.com\/pt\/wp-json\/wp\/v2\/types\/post"}],"author":[{"embeddable":true,"href":"https:\/\/tvbrazilusa.com\/pt\/wp-json\/wp\/v2\/users\/1"}],"replies":[{"embeddable":true,"href":"https:\/\/tvbrazilusa.com\/pt\/wp-json\/wp\/v2\/comments?post=33718"}],"version-history":[{"count":1,"href":"https:\/\/tvbrazilusa.com\/pt\/wp-json\/wp\/v2\/posts\/33718\/revisions"}],"predecessor-version":[{"id":33720,"href":"https:\/\/tvbrazilusa.com\/pt\/wp-json\/wp\/v2\/posts\/33718\/revisions\/33720"}],"wp:featuredmedia":[{"embeddable":true,"href":"https:\/\/tvbrazilusa.com\/pt\/wp-json\/wp\/v2\/media\/33719"}],"wp:attachment":[{"href":"https:\/\/tvbrazilusa.com\/pt\/wp-json\/wp\/v2\/media?parent=33718"}],"wp:term":[{"taxonomy":"category","embeddable":true,"href":"https:\/\/tvbrazilusa.com\/pt\/wp-json\/wp\/v2\/categories?post=33718"},{"taxonomy":"post_tag","embeddable":true,"href":"https:\/\/tvbrazilusa.com\/pt\/wp-json\/wp\/v2\/tags?post=33718"}],"curies":[{"name":"wp","href":"https:\/\/api.w.org\/{rel}","templated":true}]}}